{"id":12774,"date":"2024-11-20T10:39:00","date_gmt":"2024-11-20T15:39:00","guid":{"rendered":"https:\/\/www.amchambaq.com\/?p=12774"},"modified":"2024-11-20T10:39:00","modified_gmt":"2024-11-20T15:39:00","slug":"ivan-sanchez-nuevo-gerente-general-de-monomeros","status":"publish","type":"post","link":"https:\/\/www.amchambaq.com\/en\/ivan-sanchez-nuevo-gerente-general-de-monomeros\/","title":{"rendered":"Iv\u00e1n S\u00e1nchez, nuevo gerente general de Mon\u00f3meros"},"content":{"rendered":"<p class=\"elheraldo__StyledParagraph-sc-60z8lc-1 ceHSqO article-body__paragraph\"><b>Iv\u00e1n Enrique S\u00e1nchez Hern\u00e1ndez<\/b>\u00a0fue nombrado como el nuevo gerente general de la empresa venezolana\u00a0<b>Mon\u00f3meros<\/b>\u00a0con sede en la ciudad de\u00a0<b>Barranquilla.<\/b><\/p>\n<p class=\"elheraldo__StyledParagraph-sc-60z8lc-1 ceHSqO article-body__paragraph\">As\u00ed fue confirmado por datos de la\u00a0<b>C\u00e1mara de Comercio de Barranquilla\u00a0<\/b>mediante el certificado de existencias.<\/p>\n<div>\n<div id=\"taboola-mid-article-reco-reel\" class=\"trc_related_container trc_spotlight_widget trc_elastic trc_elastic_rec-reel-2n5-c\" data-placement-name=\"Mid Article Reco Reel\">\n<div class=\"trc_rbox_container tbl-reco-reel story-widget tbl-reco-reel-text-under-slide-in story-widget-text-under-slide-in tbl-reco-reel-desktop tbl-story-desktop\">\n<div>\n<div id=\"trc_wrapper_58739\" class=\"trc_rbox rec-reel-2n5-c trc-content-hybrid\">\n<div id=\"trc_header_58739\" class=\"trc_rbox_header trc_rbox_border_elm\">\n<div class=\"trc_header_ext\">\n<p class=\"elheraldo__StyledParagraph-sc-60z8lc-1 ceHSqO article-body__paragraph\">A su vez se confirm\u00f3 que el primer suplente del gerente General se llama\u00a0<b>Wuill Torin.<\/b><\/p>\n<p class=\"elheraldo__StyledParagraph-sc-60z8lc-1 ceHSqO article-body__paragraph\">Hay que recordar que Iv\u00e1n S\u00e1nchez llega a la gerencia de la petroqu\u00edmica en reemplazo de Zeury Borges. A su vez, S\u00e1nchez se desempe\u00f1aba en la compa\u00f1\u00eda como director Ejecutivo de la\u00a0<b>Fundaci\u00f3n Mon\u00f3meros.<\/b><\/p>\n<p class=\"elheraldo__StyledParagraph-sc-60z8lc-1 ceHSqO article-body__paragraph\">Esta noticia se da justo cuando la empresa Mon\u00f3meros registr\u00f3 una nueva junta directiva, y en ella se confirm\u00f3 que era oficial la salida de representantes colombianos y solo nombraron a directivos de PDVSA y Pequiven.<\/p>\n<p class=\"elheraldo__StyledParagraph-sc-60z8lc-1 ceHSqO article-body__paragraph\">Los miembros principales de la<b>\u00a0junta directiva son<\/b>: Mauricio Cervando Herrera Torres, Heifred Jhoselin Segovia Marrero, Marco Magallanes Grillet, Torino Jose Manzulli Escarra y Ninoska Del Valle Rodr\u00edguez Yoris.<\/p>\n<p>En ese sentido, se confirm\u00f3 que\u00a0<b>los suplentes\u00a0<\/b>son: Eduardo Fern\u00e1ndez Anaya, Esteban Rafael Guilarte Cisneros, Luis S\u00e1nchez, Jos\u00e9 Hern\u00e1ndez Castillo y Edgar Corales D\u00edaz.<\/p>\n<\/div>\n<\/div>\n<\/div>\n<\/div>\n<\/div>\n<\/div>\n<\/div>","protected":false},"excerpt":{"rendered":"<p>Iv\u00e1n Enrique S\u00e1nchez Hern\u00e1ndez\u00a0fue nombrado como el nuevo gerente general de la empresa venezolana\u00a0Mon\u00f3meros\u00a0con sede en la ciudad de\u00a0Barranquilla. As\u00ed fue confirmado por datos de la\u00a0C\u00e1mara de Comercio de Barranquilla\u00a0mediante el certificado de existencias. A su vez se confirm\u00f3 que el primer suplente del gerente General se llama\u00a0Wuill Torin. Hay que recordar que Iv\u00e1n S\u00e1nchez<\/p>","protected":false},"author":1,"featured_media":12775,"comment_status":"closed","ping_status":"closed","sticky":false,"template":"","format":"standard","meta":{"footnotes":""},"categories":[342,181],"tags":[],"class_list":["post-12774","post","type-post","status-publish","format-standard","has-post-thumbnail","hentry","category-news","category-noticias"],"views":342,"_links":{"self":[{"href":"https:\/\/www.amchambaq.com\/en\/wp-json\/wp\/v2\/posts\/12774","targetHints":{"allow":["GET"]}}],"collection":[{"href":"https:\/\/www.amchambaq.com\/en\/wp-json\/wp\/v2\/posts"}],"about":[{"href":"https:\/\/www.amchambaq.com\/en\/wp-json\/wp\/v2\/types\/post"}],"author":[{"embeddable":true,"href":"https:\/\/www.amchambaq.com\/en\/wp-json\/wp\/v2\/users\/1"}],"replies":[{"embeddable":true,"href":"https:\/\/www.amchambaq.com\/en\/wp-json\/wp\/v2\/comments?post=12774"}],"version-history":[{"count":1,"href":"https:\/\/www.amchambaq.com\/en\/wp-json\/wp\/v2\/posts\/12774\/revisions"}],"predecessor-version":[{"id":12776,"href":"https:\/\/www.amchambaq.com\/en\/wp-json\/wp\/v2\/posts\/12774\/revisions\/12776"}],"wp:featuredmedia":[{"embeddable":true,"href":"https:\/\/www.amchambaq.com\/en\/wp-json\/wp\/v2\/media\/12775"}],"wp:attachment":[{"href":"https:\/\/www.amchambaq.com\/en\/wp-json\/wp\/v2\/media?parent=12774"}],"wp:term":[{"taxonomy":"category","embeddable":true,"href":"https:\/\/www.amchambaq.com\/en\/wp-json\/wp\/v2\/categories?post=12774"},{"taxonomy":"post_tag","embeddable":true,"href":"https:\/\/www.amchambaq.com\/en\/wp-json\/wp\/v2\/tags?post=12774"}],"curies":[{"name":"wp","href":"https:\/\/api.w.org\/{rel}","templated":true}]}}