{"id":12739,"date":"2024-11-06T15:00:48","date_gmt":"2024-11-06T20:00:48","guid":{"rendered":"https:\/\/www.amchambaq.com\/?p=12739"},"modified":"2024-11-06T15:00:48","modified_gmt":"2024-11-06T20:00:48","slug":"donald-trump-de-vuelta-a-la-casa-blanca-por-que-gano-el-republicano","status":"publish","type":"post","link":"https:\/\/www.amchambaq.com\/en\/donald-trump-de-vuelta-a-la-casa-blanca-por-que-gano-el-republicano\/","title":{"rendered":"Donald Trump de vuelta a la Casa Blanca: \u00bfPor qu\u00e9 gan\u00f3 el republicano?"},"content":{"rendered":"<p class=\"elheraldo__StyledParagraph-sc-60z8lc-1 ceHSqO article-body__paragraph\">Hasta este mi\u00e9rcoles por la ma\u00f1ana a\u00fan faltaban algunos estados por finalizar el preconteo de los votos, sin embargo, ni si Kamala Harris se llevara todos los votos de esos territorios frenar\u00e1 la apabullante\u00a0<b>victoria de Donald Trump<\/b>\u00a0en las elecciones presidenciales de Estados Unidos.<\/p>\n<p class=\"elheraldo__StyledParagraph-sc-60z8lc-1 ceHSqO article-body__paragraph\">Aunque un triunfo del republicano sonaba, los expertos y las encuestas no vaticinaban que Trump ganara de manera tan holgada y tan r\u00e1pida. Y es que sobre la madrugada del mi\u00e9rcoles ya hab\u00eda sobrepasado los 270 votos necesarios del\u00a0<b>colegio electoral\u00a0<\/b>para coronarse como campe\u00f3n de los comicios.<\/p>\n<div>\n<div id=\"taboola-mid-article-reco-reel\" class=\"trc_related_container trc_spotlight_widget trc_elastic trc_elastic_rec-reel-2n5-c\" data-placement-name=\"Mid Article Reco Reel\">\n<div class=\"trc_rbox_container tbl-reco-reel story-widget tbl-reco-reel-text-under-slide-in story-widget-text-under-slide-in tbl-reco-reel-desktop tbl-story-desktop\">\n<div>\n<div id=\"trc_wrapper_15551\" class=\"trc_rbox rec-reel-2n5-c trc-content-hybrid\">\n<div id=\"trc_header_15551\" class=\"trc_rbox_header trc_rbox_border_elm\">\n<div class=\"trc_header_ext\">\n<p class=\"elheraldo__StyledParagraph-sc-60z8lc-1 ceHSqO article-body__paragraph\">Es as\u00ed como el pol\u00e9mico magnate vuelve a la\u00a0<b>Casa Blanca\u00a0<\/b>dejando confundidos a los dem\u00f3cratas que no esperaban irse tan abajo pero \u00bfpor qu\u00e9 gan\u00f3 Trump si todo apuntaba a un supuesto\u00a0<b>empate<\/b>\u00a0<b>t\u00e9cnico\u00a0<\/b>que llevar\u00eda d\u00edas para destrabar la puja por la presidencia?<\/p>\n<p class=\"elheraldo__StyledParagraph-sc-60z8lc-1 ceHSqO article-body__paragraph\">Para\u00a0<b>Javier<\/b>\u00a0<b>Garay Vargas<\/b>, docente investigador de ciencias pol\u00edticas de la Universidad Externado de Colombia, la victoria del republicano representa \u201cmuchas sorpresas\u201d porque \u201cnadie hab\u00eda anticipado primero que iba a ser tan r\u00e1pido y segundo que iba a ser una\u00a0<b>victoria\u00a0<\/b>tan contundente\u201d.<\/p>\n<p class=\"elheraldo__StyledParagraph-sc-60z8lc-1 ceHSqO article-body__paragraph\">Esto, contin\u00faa el docente, coloca el foco sobre las encuestas que son el\u00a0<b>term\u00f3metro de la contienda electoral<\/b>\u00a0y que muchos las han colocado en tela de juicio por lo \u201cdesatinadas\u201d que resultaron ser.<\/p>\n<p class=\"elheraldo__StyledParagraph-sc-60z8lc-1 ceHSqO article-body__paragraph\">Sin embargo Garay Vargas no le echa toda el agua sucia a las firmas encuestadoras: \u201cLas\u00a0<b>encuestas\u00a0<\/b>no creo que hayan sido tan desatinadas, pero s\u00ed sobre todo los an\u00e1lisis. Muchos an\u00e1lisis que fueron bastante\u00a0<b>desacertados\u00a0<\/b>y que hab\u00edan planteado unas predicciones que no se cumplieron y que no se van a cumplir en los pr\u00f3ximos a\u00f1os\u201d.<\/p>\n<p class=\"elheraldo__StyledParagraph-sc-60z8lc-1 ceHSqO article-body__paragraph\">La opini\u00f3n de Javier coincide con la de\u00a0<b>Aneta de la Mar Ikonomova<\/b>, tambi\u00e9n docente del Externado, que califica de \u201c\u00fanico\u201d el triunfo del pol\u00e9mico candidato y ahora electo mandatario. \u201cHasta este momento no hemos tenido este tipo de ganancias despu\u00e9s de volver un\u00a0<b>candidato\u00a0<\/b>que hab\u00eda perdido anteriormente. En realidad pas\u00f3 en el siglo XIX, pero no es tan importante\u201d.<\/p>\n<p class=\"elheraldo__StyledParagraph-sc-60z8lc-1 ceHSqO article-body__paragraph\">Por su parte, Jordi Bacaria, profesor em\u00e9rito de la Universidad Aut\u00f3noma de Barcelona y director de la revista Foreign Affairs Latinoam\u00e9rica, sostuvo que la victoria tambi\u00e9n se explica porque \u201cparte de su campa\u00f1a en estos cuatro a\u00f1os ha consistido en decir que le hab\u00edan robado las elecciones anteriores y en desacreditar la presidencia de Biden\u201d.<\/p>\n<p class=\"elheraldo__StyledParagraph-sc-60z8lc-1 ceHSqO article-body__paragraph\">Adem\u00e1s asegura que Trump \u201cha polarizado la campa\u00f1a al m\u00e1ximo conocedor de que los insultos y groser\u00edas iban a su favor. Todos los procesos judiciales han reforzado su imagen de imbatible. Tambi\u00e9n ha contribuido a esta imagen de imbatible el atentado en Butler\u201d. Inclusive se atreve a decir que \u201cTrump se ha presentado como un triunfador ante la debilidad f\u00edsica y pol\u00edtica de Biden\u201d.<\/p>\n<div class=\"elheraldo__StyledHeaderWrapper-sc-60z8lc-10 btJyYD\">\n<h3 class=\"article-body__header\">Seguridad y econom\u00eda, las claves de la victoria<\/h3>\n<\/div>\n<p class=\"elheraldo__StyledParagraph-sc-60z8lc-1 ceHSqO article-body__paragraph\">Donald Trump bas\u00f3 la mayor parte de su carrera por la presidencia en ataques a los\u00a0<b>dem\u00f3cratas\u00a0<\/b>en especial a su contrincante Kamala Harris, pero tambi\u00e9n le puso el foco a la seguridad de los estadounidenses y la econom\u00eda del pa\u00eds, esta \u00faltima aunque no muy discutida le ayud\u00f3 a ganar adeptos que al final\u00a0<b>se convirtieron en votos.<\/b><\/p>\n<p class=\"elheraldo__StyledParagraph-sc-60z8lc-1 ceHSqO article-body__paragraph\">Aneta dice que la idea principal de Trump sobre el\u00a0<b>tema econ\u00f3mico\u00a0<\/b>se bas\u00f3 en dejar a los empresarios que continuar con sus negocios ya sean grandes, medianos o peque\u00f1o, \u201cpara que puedan ellos avanzar, despu\u00e9s solucionar problemas de\u00a0<b>seguridad<\/b>\u201d.<\/p>\n<p class=\"elheraldo__StyledParagraph-sc-60z8lc-1 ceHSqO article-body__paragraph\">Y es que la seguridad va concatenada con la migraci\u00f3n, un tema ya bastante mencionado y que le cost\u00f3 bastantes\u00a0<b>salidas en falso<\/b>\u00a0al hoy electo presidente n\u00famero 47 de los Estados Unidos. Pero la acad\u00e9mica dice que sus pol\u00edticas no van contra los migrantes sino es \u201chacer de una\u00a0<b>migraci\u00f3n\u00a0<\/b>indocumentada a una migraci\u00f3n organizada\u201d.<\/p>\n<div class=\"elheraldo__StyledFigureCtn-sc-60z8lc-8 bXkEtx article-body__figure\">\n<p class=\"elheraldo__StyledParagraph-sc-60z8lc-1 ceHSqO article-body__paragraph\">\u201cTodo el crimen organizado que est\u00e1 movi\u00e9ndose a nivel internacional es el gran peligro para Estados Unidos y muchos otros pa\u00edses y ah\u00ed se cruza con la pol\u00edtica de Am\u00e9rica Latina. No es cuesti\u00f3n que haya\u00a0<b>migrantes latinos<\/b>, esto siempre ha existido. La cuesti\u00f3n es que a trav\u00e9s de estos inmigrantes entran a este tipo de organizaciones y\u00a0<b>mafias<\/b>\u201d, acota la PhD en Historia Moderna y Contempor\u00e1nea de la NBU de Bulgaria.<\/p>\n<div class=\"elheraldo__StyledHeaderWrapper-sc-60z8lc-10 btJyYD\">\n<h3 class=\"article-body__header\">El \u201ccosto\u201d que pagar\u00eda Colombia con Trump al mando<\/h3>\n<\/div>\n<p class=\"elheraldo__StyledParagraph-sc-60z8lc-1 ceHSqO article-body__paragraph\">Trump de manera reiterada ha dicho que las organizaciones criminales tienen sus centros de operaciones en\u00a0<b>Am\u00e9rica Latina\u00a0<\/b>en especial ha se\u00f1alado a Venezuela de exportar criminales hasta suelo estadounidense, por ello la docente del Externado afirma que Colombia debe erradicar o minimizar el impacto de los \u2018narcos\u2019 que tienen a EE. UU. como su\u00a0<b>principal<\/b>\u00a0<b>mercado\u00a0<\/b>para que el apoyo de este pa\u00eds se mantenga.<\/p>\n<p class=\"elheraldo__StyledParagraph-sc-60z8lc-1 ceHSqO article-body__paragraph\">\u201cPara Colombia es muy importante solucionar su paz y esta paz si pasa por no permitir este\u00a0<b>crimen organizado\u00a0<\/b>que tumba todos los programas que se hab\u00edan tomado en los \u00faltimos a\u00f1o\u201d, anot\u00f3. Y es que cabe recordar que el pa\u00eds es el aliado n\u00famero uno de los estadounidenses en la regi\u00f3n y han resultado claves en la\u00a0<b>financiaci\u00f3n\u00a0<\/b>de programas sociales.<\/p>\n<p class=\"elheraldo__StyledParagraph-sc-60z8lc-1 ceHSqO article-body__paragraph\">Javier Garay fue m\u00e1s all\u00e1 y se refiri\u00f3 a las declaraciones hechas por el presidente colombiano,\u00a0<b>Gustavo Petro<\/b>, en las que de manera impl\u00edcita se decantaba por la opci\u00f3n dem\u00f3crata y critic\u00f3 duramente a los\u00a0<b>republicanos<\/b>. El profesor explic\u00f3 que eso tiene un \u201ccosto\u201d.<\/p>\n<div class=\"elheraldo__StyledFigureCtn-sc-60z8lc-8 bXkEtx article-body__figure\">\n<p class=\"elheraldo__StyledParagraph-sc-60z8lc-1 ceHSqO article-body__paragraph\">\u201cLos errores que cometi\u00f3 este gobierno, el presidente Petro en particular, haciendo referencia a la pol\u00edtica interna y a la decisi\u00f3n que se iba a tomar en las elecciones, va a salir un poco costosa. No hay que olvidar que definitivamente la\u00a0<b>pol\u00edtica exterior\u00a0<\/b>y la diplomacia dependen, entre otras, de las buenas relaciones y tambi\u00e9n de lo cautos que sean los presidentes en las sugerencias o en la\u00a0<b>intervenci\u00f3n\u00a0<\/b>que tengan en los procesos de elecci\u00f3n y eso va a ser costoso\u201d, detall\u00f3.<\/p>\n<p class=\"elheraldo__StyledParagraph-sc-60z8lc-1 ceHSqO article-body__paragraph\">Aunque tambi\u00e9n aclara que \u201cesto no quiere decir que Colombia vaya a ser una prioridad porque no lo es para Estados Unidos ni para la pol\u00edtica de Donald Trump\u201d, pues el nuevo jefe de Estado tiene otros temas en el tintero\u00a0<b>m\u00e1s relevantes<\/b>.<\/p>\n<p class=\"elheraldo__StyledParagraph-sc-60z8lc-1 ceHSqO article-body__paragraph\">De hecho, sobre la comunidad latina, el acad\u00e9mico Bacaria afirm\u00f3 que los latinos residentes \u201ccomparten valores conservadores, cristianos y es la nueva clase media ascendente y aspiracionista (en contraste con la tradicional clase media blanca). Esta comunidad latina espera prosperar, verse protegida y seguro Trump no defraudar\u00e1 conocedor de la importancia de su voto\u201d.<\/p>\n<p class=\"elheraldo__StyledParagraph-sc-60z8lc-1 ceHSqO article-body__paragraph\">Mientras que la comunidad latina emigrante irregular \u201cpodr\u00e1 ser expulsada y las consecuencias para los que siguen en el pa\u00eds es que sus condiciones de vida empeoren porque sus salarios disminuyan, as\u00ed como sus beneficios sociales por la presi\u00f3n de los empleadores y contribuyentes\u201d.<\/p>\n<p>Tomado de: EL HERALDO<\/p>\n<\/div>\n<\/div>\n<\/div>\n<\/div>\n<\/div>\n<\/div>\n<\/div>\n<\/div>\n<\/div>","protected":false},"excerpt":{"rendered":"<p>Hasta este mi\u00e9rcoles por la ma\u00f1ana a\u00fan faltaban algunos estados por finalizar el preconteo de los votos, sin embargo, ni si Kamala Harris se llevara todos los votos de esos territorios frenar\u00e1 la apabullante\u00a0victoria de Donald Trump\u00a0en las elecciones presidenciales de Estados Unidos. Aunque un triunfo del republicano sonaba, los expertos y las encuestas no<\/p>","protected":false},"author":1,"featured_media":12740,"comment_status":"closed","ping_status":"closed","sticky":false,"template":"","format":"standard","meta":{"footnotes":""},"categories":[342,181],"tags":[],"class_list":["post-12739","post","type-post","status-publish","format-standard","has-post-thumbnail","hentry","category-news","category-noticias"],"views":34,"_links":{"self":[{"href":"https:\/\/www.amchambaq.com\/en\/wp-json\/wp\/v2\/posts\/12739","targetHints":{"allow":["GET"]}}],"collection":[{"href":"https:\/\/www.amchambaq.com\/en\/wp-json\/wp\/v2\/posts"}],"about":[{"href":"https:\/\/www.amchambaq.com\/en\/wp-json\/wp\/v2\/types\/post"}],"author":[{"embeddable":true,"href":"https:\/\/www.amchambaq.com\/en\/wp-json\/wp\/v2\/users\/1"}],"replies":[{"embeddable":true,"href":"https:\/\/www.amchambaq.com\/en\/wp-json\/wp\/v2\/comments?post=12739"}],"version-history":[{"count":1,"href":"https:\/\/www.amchambaq.com\/en\/wp-json\/wp\/v2\/posts\/12739\/revisions"}],"predecessor-version":[{"id":12741,"href":"https:\/\/www.amchambaq.com\/en\/wp-json\/wp\/v2\/posts\/12739\/revisions\/12741"}],"wp:featuredmedia":[{"embeddable":true,"href":"https:\/\/www.amchambaq.com\/en\/wp-json\/wp\/v2\/media\/12740"}],"wp:attachment":[{"href":"https:\/\/www.amchambaq.com\/en\/wp-json\/wp\/v2\/media?parent=12739"}],"wp:term":[{"taxonomy":"category","embeddable":true,"href":"https:\/\/www.amchambaq.com\/en\/wp-json\/wp\/v2\/categories?post=12739"},{"taxonomy":"post_tag","embeddable":true,"href":"https:\/\/www.amchambaq.com\/en\/wp-json\/wp\/v2\/tags?post=12739"}],"curies":[{"name":"wp","href":"https:\/\/api.w.org\/{rel}","templated":true}]}}