{"id":12696,"date":"2024-10-22T09:16:43","date_gmt":"2024-10-22T14:16:43","guid":{"rendered":"https:\/\/www.amchambaq.com\/?p=12696"},"modified":"2024-10-22T09:16:43","modified_gmt":"2024-10-22T14:16:43","slug":"los-pronosticos-del-fmi-crecimiento-economico-e-inflacion-mundial-para-2024-y-2025","status":"publish","type":"post","link":"https:\/\/www.amchambaq.com\/en\/los-pronosticos-del-fmi-crecimiento-economico-e-inflacion-mundial-para-2024-y-2025\/","title":{"rendered":"Los pron\u00f3sticos del FMI: crecimiento econ\u00f3mico e inflaci\u00f3n mundial para 2024 y 2025"},"content":{"rendered":"<p>El Fondo Monetario Internacional (FMI) mantuvo sus previsiones de crecimiento de la econom\u00eda global en el 3,2% para este a\u00f1o, mientras que redujo una d\u00e9cima las de 2025 (tambi\u00e9n al 3,2%), en un momento en el que los riesgos pueden reducir a la baja estos pron\u00f3sticos, alert\u00f3 este martes la instituci\u00f3n.<\/p>\n<p>\u201cLos riesgos son a la baja por una serie de cosas, incluida la escalada de los conflictos geopol\u00edticos, el aumento del proteccionismo, as\u00ed como mercados laborales potencialmente m\u00e1s d\u00e9biles de lo esperado\u201d, apunt\u00f3 en una entrevista con EFE la directora adjunta del Departamento de Investigaci\u00f3n del FMI, Petya Koeva Brooks.<\/p>\n<p>As\u00ed, pese a que hay buenas noticias como que \u201cla desinflaci\u00f3n contin\u00faa\u201d, se\u00f1al\u00f3, \u201chay una creciente incertidumbre en la econom\u00eda mundial\u201d que se refleja en el pobre crecimiento global a medio plazo (a 5 a\u00f1os), del 3,1%, una cifra por debajo del promedio hist\u00f3rico del 3,8%.<\/p>\n<p>En el marco de las reuniones anuales que el FMI y el Banco Mundial celebran esta semana, la instituci\u00f3n present\u00f3 sus \u00faltimas actualizaciones econ\u00f3micas globales (el informe WEO, en ingl\u00e9s), en las que se se\u00f1ala que las econom\u00edas avanzadas crecer\u00e1n solo el 1,8% este a\u00f1o (una d\u00e9cima m\u00e1s de lo estimado en julio), la misma cifra que el a\u00f1o que viene.<\/p>\n<p>En cuanto a los mercados emergentes y en desarrollo, crecer\u00e1n el 4,2% tanto este a\u00f1o (cifra sin cambios) como el pr\u00f3ximo (una d\u00e9cima menos de lo pronosticado previamente).<\/p>\n<p>&#8220;Tenemos una proyecci\u00f3n a medio plazo de crecimiento relativamente mediocre y eso es algo que hemos estado se\u00f1alando durante alg\u00fan tiempo y que no est\u00e1 cambiando&#8221;, apunt\u00f3 en una conversaci\u00f3n con medios el economista jefe del FMI, Pierre-Olivier Gourinchas.<\/p>\n<p>La principal preocupaci\u00f3n del FMI es que\u00a0<b>la situaci\u00f3n puede ir a peor\u00a0<\/b>por varios motivos, entre ellos \u201c<i>la posibilidad de una escalada de conflictos regionales y c\u00f3mo esto podr\u00eda afectar a los mercados de materias primas asociados<\/i>\u201d, se\u00f1al\u00f3 Gourinchas, refiri\u00e9ndose tanto a la guerra de Ucrania como al conflicto de Oriente Medio.<\/p>\n<p>Estos\u00a0<b>conflictos\u00a0<\/b>han desatado un \u201caumento de las pol\u00edticas proteccionistas\u201d y \u201cperturbaciones en el comercio\u201d que\u00a0<b>podr\u00edan empeorar el crecimiento global.<br \/>\n<\/b><br \/>\nAdem\u00e1s, \u201c<i>existe el riesgo de que la pol\u00edtica monetaria sea demasiado restrictiva en algunos pa\u00edses durante demasiado tiempo y eso podr\u00eda afectar negativamente a la actividad y a los mercados laborales<\/i>\u201d, se\u00f1al\u00f3 el economista.<\/p>\n<p>Otra de las principales preocupaciones que tiene el FMI es la excesiva deuda, que afecta sobre todo a los pa\u00edses en desarrollo. En este sentido, la instituci\u00f3n dirigida por<b>\u00a0Kristalina Georgieva\u00a0<\/b>apunt\u00f3 que a medida que los bancos centrales adopten una postura menos restrictiva en cuanto a los tipos de inter\u00e9s,\u00a0<b>urge poner un \u00e9nfasis en la consolidaci\u00f3n fiscal a mediano plazo.<\/b><\/p>\n<p>El FMI degrad\u00f3 el ya pobre crecimiento de la\u00a0<b>eurozona\u00a0<\/b>hasta el 0,8% este a\u00f1o (una d\u00e9cima menos de lo estimado en julio) y al 1,2% el que viene (tres d\u00e9cimas menos).\u00a0<b>Es un empeoramiento, pero un crecimiento con respecto al 0,4% de 2023,\u00a0<\/b>motivado por un mejor desempe\u00f1o de las exportaciones.<\/p>\n<p><b>Gran parte del crecimiento de la zona est\u00e1 motivado por los fuertes datos de Espa\u00f1a,\u00a0<\/b>que crecer\u00e1 el 2,9% este a\u00f1o, cinco d\u00e9cimas m\u00e1s de lo estimado, mientras que, por el contrario, las previsiones de Alemania muestran una reducci\u00f3n de dos d\u00e9cimas, hasta un crecimiento nulo.<\/p>\n<p><b>En Estados Unidos,\u00a0<\/b>el crecimiento proyectado para 2024 se ha revisado al alza al\u00a0<b>2,8%<\/b>\u00a0(dos d\u00e9cimas m\u00e1s) debido a resultados m\u00e1s s\u00f3lidos en consumo e inversi\u00f3n no residencial. El crecimiento se desacelerar\u00e1 al 2,2% en 2025 por un enfriamiento del consumo y del mercado laboral.<br \/>\nLa creciente demanda de semiconductores y productos electr\u00f3nicos ha impulsado un crecimiento m\u00e1s fuerte en\u00a0<b>Asia\u00a0<\/b>emergente.\u00a0<b>China crecer\u00e1 a un ritmo del 4,8%\u00a0<\/b>en 2024 (dos d\u00e9cimas menos que en julio) y 4,5% en 2025, mientras que\u00a0<b>la India, el 7%<\/b>\u00a0y 6,5%, mismas cifras previas.<\/p>\n<p>En\u00a0<b>Am\u00e9rica Latina y el Caribe\u00a0<\/b>se proyecta que el crecimiento disminuya del 2,2% en 2023 al<b>\u00a02,1% en 2024<\/b>\u00a0(tres d\u00e9cimas m\u00e1s de lo previsto) antes de repuntar al 2,5% en 2025 (dos d\u00e9cimas menos).<\/p>\n<p>Los recortes en la producci\u00f3n y el transporte de materias primas (petr\u00f3leo en particular), los conflictos y el malestar social han llevado a revisiones a la baja de las perspectivas de\u00a0<b>Oriente Medio y Asia central<\/b>\u00a0(que crecer\u00e1n el 2,4% este a\u00f1o y 3,9% el que viene, cuatro y tres d\u00e9cimas menos que lo proyectado en abril).<\/p>\n<p>En cuanto a\u00a0<b>la inflaci\u00f3n global,\u00a0<\/b>se\u00f1ala el FMI, aunque \u201c<i>todav\u00eda es posible que haya obst\u00e1culos en el camino hacia la estabilidad de precios<\/i>\u201d, se prev\u00e9 que\u00a0<b>disminuya\u00a0<\/b>de un promedio del 6,7% en 2023 al\u00a0<b>5,8% en 2024<\/b>\u00a0y al 4,3% en 2025.<\/p>","protected":false},"excerpt":{"rendered":"<p>El Fondo Monetario Internacional (FMI) mantuvo sus previsiones de crecimiento de la econom\u00eda global en el 3,2% para este a\u00f1o, mientras que redujo una d\u00e9cima las de 2025 (tambi\u00e9n al 3,2%), en un momento en el que los riesgos pueden reducir a la baja estos pron\u00f3sticos, alert\u00f3 este martes la instituci\u00f3n. \u201cLos riesgos son a<\/p>","protected":false},"author":1,"featured_media":12697,"comment_status":"closed","ping_status":"closed","sticky":false,"template":"","format":"standard","meta":{"footnotes":""},"categories":[342,181],"tags":[],"class_list":["post-12696","post","type-post","status-publish","format-standard","has-post-thumbnail","hentry","category-news","category-noticias"],"views":32,"_links":{"self":[{"href":"https:\/\/www.amchambaq.com\/en\/wp-json\/wp\/v2\/posts\/12696","targetHints":{"allow":["GET"]}}],"collection":[{"href":"https:\/\/www.amchambaq.com\/en\/wp-json\/wp\/v2\/posts"}],"about":[{"href":"https:\/\/www.amchambaq.com\/en\/wp-json\/wp\/v2\/types\/post"}],"author":[{"embeddable":true,"href":"https:\/\/www.amchambaq.com\/en\/wp-json\/wp\/v2\/users\/1"}],"replies":[{"embeddable":true,"href":"https:\/\/www.amchambaq.com\/en\/wp-json\/wp\/v2\/comments?post=12696"}],"version-history":[{"count":1,"href":"https:\/\/www.amchambaq.com\/en\/wp-json\/wp\/v2\/posts\/12696\/revisions"}],"predecessor-version":[{"id":12698,"href":"https:\/\/www.amchambaq.com\/en\/wp-json\/wp\/v2\/posts\/12696\/revisions\/12698"}],"wp:featuredmedia":[{"embeddable":true,"href":"https:\/\/www.amchambaq.com\/en\/wp-json\/wp\/v2\/media\/12697"}],"wp:attachment":[{"href":"https:\/\/www.amchambaq.com\/en\/wp-json\/wp\/v2\/media?parent=12696"}],"wp:term":[{"taxonomy":"category","embeddable":true,"href":"https:\/\/www.amchambaq.com\/en\/wp-json\/wp\/v2\/categories?post=12696"},{"taxonomy":"post_tag","embeddable":true,"href":"https:\/\/www.amchambaq.com\/en\/wp-json\/wp\/v2\/tags?post=12696"}],"curies":[{"name":"wp","href":"https:\/\/api.w.org\/{rel}","templated":true}]}}