{"id":12664,"date":"2024-10-07T09:00:32","date_gmt":"2024-10-07T14:00:32","guid":{"rendered":"https:\/\/www.amchambaq.com\/?p=12664"},"modified":"2024-10-07T09:00:32","modified_gmt":"2024-10-07T14:00:32","slug":"nuestras-plantas-estan-operando-a-plena-carga-entregando-energia-en-firme-para-el-pais-luis-miguel-fernandez","status":"publish","type":"post","link":"https:\/\/www.amchambaq.com\/en\/nuestras-plantas-estan-operando-a-plena-carga-entregando-energia-en-firme-para-el-pais-luis-miguel-fernandez\/","title":{"rendered":"\u201cNuestras plantas est\u00e1n operando a plena carga, entregando energ\u00eda en firme para el pa\u00eds\u201d: Luis Miguel Fern\u00e1ndez"},"content":{"rendered":"<p class=\"elheraldo__StyledParagraph-sc-60z8lc-1 ceHSqO article-body__paragraph\">Luego de la activaci\u00f3n del Estatuto de Desabastecimiento de Energ\u00eda, los generadores t\u00e9rmicos han vuelto a trabajar a toda marcha para contar con la energ\u00eda necesaria para atender la demanda en el pa\u00eds.<\/p>\n<p class=\"elheraldo__StyledParagraph-sc-60z8lc-1 ceHSqO article-body__paragraph\">El administrador\u00a0<b>Luis Miguel Fern\u00e1ndez Zaher<\/b>, presidente de TPL Energ\u00eda \u2013holding que opera las plantas de Termobarranquilla y Termocandelaria\u2013, habl\u00f3 con EL HERALDO sobre las acciones que se vienen adelantando desde el Caribe para hacerle frente a este desafiante panorama.<\/p>\n<p class=\"elheraldo__StyledParagraph-sc-60z8lc-1 ceHSqO article-body__paragraph\">Hace poco m\u00e1s de tres meses, Colombia vivi\u00f3 un episodio cr\u00edtico en la generaci\u00f3n de energ\u00eda por el\u00a0<b>fen\u00f3meno de El Ni\u00f1o<\/b>, que se pudo superar con el apoyo de las t\u00e9rmicas. Recientemente se activ\u00f3 el Estatuto de Desabastecimiento por falta de lluvias, \u00bfcu\u00e1l es el panorama actual?<\/p>\n<p class=\"elheraldo__StyledParagraph-sc-60z8lc-1 ceHSqO article-body__paragraph\">A finales de 2023 y los primeros tres o cuatro meses de 2024 enfrentamos el fen\u00f3meno de El Ni\u00f1o y las plantas t\u00e9rmicas operaron de manera muy intensa. Eso permiti\u00f3 afrontar y superar este fuerte fen\u00f3meno.<\/p>\n<p class=\"elheraldo__StyledParagraph-sc-60z8lc-1 ceHSqO article-body__paragraph\">En algunos per\u00edodos las<b>\u00a0plantas t\u00e9rmicas<\/b>\u00a0cubrimos m\u00e1s del 50 % de la demanda total del pa\u00eds. De ese total, las plantas t\u00e9rmicas de regi\u00f3n Caribe produjeron casi el 30 % de la demanda total y las plantas que nosotros representamos, que son<b>\u00a0Tebsa y Termocandelaria<\/b>, entregamos algo as\u00ed como el 15 % de la demanda total del pa\u00eds durante ese periodo cr\u00edtico de El Ni\u00f1o.<\/p>\n<p class=\"elheraldo__StyledParagraph-sc-60z8lc-1 ceHSqO article-body__paragraph\">Para darte un dato adicional, las plantas t\u00e9rmicas que nos respaldamos con gas natural importado a trav\u00e9s de nuestra estructura de importaci\u00f3n de gas de Cartagena, entregamos \u2013en el periodo m\u00e1s cr\u00edtico\u2013 el 20 % de la demanda de energ\u00eda total del pa\u00eds.<\/p>\n<p class=\"elheraldo__StyledParagraph-sc-60z8lc-1 ceHSqO article-body__paragraph\">A finales de abril comenzaron a llegar las lluvias y empez\u00f3 a normalizarse la situaci\u00f3n y eso se mantuvo hasta finales de julio. Actualmente, el nivel de los embalses se encuentra cerca al 50 % y se constituye en el nivel hist\u00f3rico m\u00e1s bajo para esta \u00e9poca del a\u00f1o.<\/p>\n<p class=\"elheraldo__StyledParagraph-sc-60z8lc-1 ceHSqO article-body__paragraph\">Si bien se esperaba que se desarrollara un\u00a0<b>fen\u00f3meno de La Ni\u00f1a<\/b>\u00a0con abundantes lluvias, eso no se ha presentado. Las lluvias est\u00e1n bastante deficitarias y los embalses est\u00e1n en su nivel m\u00e1s bajo para esta \u00e9poca del a\u00f1o y se requiere activar las medidas que permitan que lleguemos a un nivel de embalse \u2013a finales de noviembre\u2013del\u00a0<b>68 %<\/b>, para as\u00ed superar el verano que se avecina que es entre el primero de diciembre y el 30 de abril del a\u00f1o entrante.<\/p>\n<p class=\"elheraldo__StyledParagraph-sc-60z8lc-1 ceHSqO article-body__paragraph\">El Gobierno ha activado una medida que se llama el Estatuto de Desabastecimiento y esa medida establece las condiciones en el mercado para que aumente la generaci\u00f3n termoel\u00e9ctrica, de esa manera poder conservar el agua con suficiente antelaci\u00f3n para que los embalses se puedan recuperar y lleguen a esos niveles al 30 de noviembre.<\/p>\n<p class=\"elheraldo__StyledParagraph-sc-60z8lc-1 ceHSqO article-body__paragraph\">De nuevo, las plantas t\u00e9rmicas estamos llamadas a entregar esa energ\u00eda firme que hemos entregado a\u00a0<b>Colombia\u00a0<\/b>hist\u00f3ricamente y aqu\u00ed estamos prestando servicio y entregando esa energ\u00eda en cumplimiento de esta disposici\u00f3n.<\/p>\n<p class=\"elheraldo__StyledParagraph-sc-60z8lc-1 ceHSqO article-body__paragraph\">El pasado lunes, el 47 % de la demanda total del pa\u00eds fue atendida con<b>\u00a0generaci\u00f3n t\u00e9rmica<\/b>. De eso, aproximadamente, un 14 % lo estamos entregando con las plantas que nosotros representamos, Tebsa y Termocandelaria.<\/p>\n<div class=\"elheraldo__StyledHeaderWrapper-sc-60z8lc-10 btJyYD\">\n<h3 class=\"article-body__header\">\u00bfCu\u00e1nto se est\u00e1 produciendo actualmente en Tebsa y Termocandelaria?<\/h3>\n<\/div>\n<p class=\"elheraldo__StyledParagraph-sc-60z8lc-1 ceHSqO article-body__paragraph\">En este momento, Tebsa y Termocandelaria est\u00e1n produciendo, aproximadamente, 31 gigas de energ\u00eda. La demanda del pa\u00eds, el pasado lunes, fue de 212 gigas y nosotros entregamos 31 gigas, que es aproximadamente el 15 % de la demanda total.<\/p>\n<p class=\"elheraldo__StyledParagraph-sc-60z8lc-1 ceHSqO article-body__paragraph\">A eso se suma que las plantas que operamos con gas natural importado estamos entregando aproximadamente el 20 % de la demanda total del pa\u00eds en este momento. Adem\u00e1s, la regi\u00f3n Caribe puede estar entregando del orden del 30 % de la demanda total del pa\u00eds.<\/p>\n<div class=\"elheraldo__StyledHeaderWrapper-sc-60z8lc-10 btJyYD\">\n<h3 class=\"article-body__header\">\u00bfEst\u00e1n produciendo a su m\u00e1xima capacidad?<\/h3>\n<\/div>\n<p class=\"elheraldo__StyledParagraph-sc-60z8lc-1 ceHSqO article-body__paragraph\">Estamos a plena carga. Nosotros tenemos una unidad en mantenimiento programado, que finaliza el 15 de octubre y con eso ya estar\u00edamos a plena carga todas nuestras unidades. En Tebsa tenemos 9 unidades y 3 unidades en Termocandelaria, por lo que estamos hablando de que tenemos 12 unidades. De ese total, 11 unidades est\u00e1n operando a plena carga en este momento. La otra se encuentra en medio de un mantenimiento mayor que va a sumarse a su plena capacidad a partir del 15 de octubre.<\/p>\n<div class=\"elheraldo__StyledHeaderWrapper-sc-60z8lc-10 btJyYD\">\n<h3 class=\"article-body__header\">\u00bfPor qu\u00e9 el Caribe es importante para respaldar la generaci\u00f3n de energ\u00eda a trav\u00e9s de las t\u00e9rmicas?<\/h3>\n<\/div>\n<p class=\"elheraldo__StyledParagraph-sc-60z8lc-1 ceHSqO article-body__paragraph\">Hist\u00f3ricamente, el Caribe ha tenido los recursos y la materia prima, que requieren estas plantas de generaci\u00f3n t\u00e9rmica para operar. El Caribe ha sido muy rico en gas natural; es m\u00e1s, este sector se pudo desarrollar en buena medida gracias a esos grandes consumos que hist\u00f3ricamente hemos agregado a las plantas t\u00e9rmicas. Y la regi\u00f3n Caribe tambi\u00e9n es muy rica en recursos de carb\u00f3n, que tambi\u00e9n son muy importantes para la generaci\u00f3n termoel\u00e9ctrica.<\/p>\n<p class=\"elheraldo__StyledParagraph-sc-60z8lc-1 ceHSqO article-body__paragraph\">En ese sentido, por eso en esta regi\u00f3n se desarrollaron importantes capacidades de generaci\u00f3n termoel\u00e9ctrica que hoy, en situaciones tan complejas como las que estamos atravesando, somos capaces de abastecer el 30 % de la demanda total del pa\u00eds.<\/p>\n<p class=\"elheraldo__StyledParagraph-sc-60z8lc-1 ceHSqO article-body__paragraph\">Frente al desabastecimiento de gas natural que se ha anunciado en el pa\u00eds, \u00bfhay alg\u00fan riesgo para las plantas t\u00e9rmicas del pa\u00eds?<\/p>\n<p class=\"elheraldo__StyledParagraph-sc-60z8lc-1 ceHSqO article-body__paragraph\">Desde el a\u00f1o 2011, nosotros visionamos una declinaci\u00f3n permanente de la capacidad de producci\u00f3n local y en virtud de eso, junto con Promigas y otras plantas generadoras de la regi\u00f3n Caribe, empezamos a trabajar en el desarrollo de una alternativa de abastecimiento de gas a largo plazo para suplir estas necesidades que hoy est\u00e1 experimentando el pa\u00eds, que requiere de esa confiabilidad que las plantas t\u00e9rmicas le damos a Colombia para que no se apague.<\/p>\n<p class=\"elheraldo__StyledParagraph-sc-60z8lc-1 ceHSqO article-body__paragraph\">Fruto de ese esfuerzo se desarroll\u00f3 toda la regulaci\u00f3n y se desarroll\u00f3 la \u00fanica infraestructura de importaci\u00f3n de gas que tiene el pa\u00eds hoy en d\u00eda, que es la planta regasificadora de Cartagena. Desde ah\u00ed tenemos la capacidad suficiente para abastecer el 100 % de nuestras necesidades de generaci\u00f3n con base en gas natural, que es un combustible muy amigable con el medio ambiente.<\/p>\n<p class=\"elheraldo__StyledParagraph-sc-60z8lc-1 ceHSqO article-body__paragraph\">Estamos conectados con el mercado de gas internacional que es de una profundidad incre\u00edble y de abundantes recursos. La planta est\u00e1 ubicada estrat\u00e9gicamente en una zona en donde estamos a cuatro d\u00edas de navegaci\u00f3n del mayor productor de gas natural licuado del mundo, que es el Golfo de M\u00e9xico. Estamos muy cerca de Trinidad y Tobago, otro gran productor de GNL.<\/p>\n<p class=\"elheraldo__StyledParagraph-sc-60z8lc-1 ceHSqO article-body__paragraph\">Estamos en la ruta de tr\u00e1nsito de ese GNL hacia Europa y el sur del continente. Eso ha permitido que hayamos podido atender el 100 % de nuestras necesidades de abastecimiento con la planta regasificadora de Cartagena, con gas importado, y que hayamos podido entregarle esta confiabilidad que el pa\u00eds ha necesitado en estos momentos.<\/p>\n<p class=\"elheraldo__StyledParagraph-sc-60z8lc-1 ceHSqO article-body__paragraph\">Desde Naturgas se ha venido hablando de la posibilidad de explorar la compra de excedentes de gas natural proveniente de la planta regasificadora, \u00bfese proceso es viable?<\/p>\n<p class=\"elheraldo__StyledParagraph-sc-60z8lc-1 ceHSqO article-body__paragraph\">Si hay viabilidad para ese proceso. Estamos trabajando en eso y confiamos en que muy prontamente eso se pueda estructurar y se pueda realizar.<\/p>\n<div class=\"elheraldo__StyledHeaderWrapper-sc-60z8lc-10 btJyYD\">\n<h3 class=\"article-body__header\">\u00bfHay planes de expansi\u00f3n en los pr\u00f3ximos meses que les permita contar nuevas plantas para generar energ\u00eda?<\/h3>\n<\/div>\n<p class=\"elheraldo__StyledParagraph-sc-60z8lc-1 ceHSqO article-body__paragraph\">Nosotros siempre tenemos proyectos en el \u2018pipeline\u2019 de desarrollo y expansi\u00f3n. En este momento estamos trabajando una l\u00ednea de diversificaci\u00f3n de nuestra capacidad instalada, probablemente desarrollando unos proyectos renovables no convencionales.<\/p>\n<p class=\"elheraldo__StyledParagraph-sc-60z8lc-1 ceHSqO article-body__paragraph\">En ese rubro tenemos un plan de trabajo importante para diversificar la capacidad. Tenemos otros proyectos de renovaci\u00f3n y expansi\u00f3n de equipos de generaci\u00f3n termoel\u00e9ctrica, pero eso estar\u00e1 sujeto al mecanismo que prev\u00e9 la regulaci\u00f3n para esto, que es la subasta de expansi\u00f3n de obligaciones de energ\u00eda firme.<\/p>\n<p class=\"elheraldo__StyledParagraph-sc-60z8lc-1 ceHSqO article-body__paragraph\">Estamos atentos a cuando se d\u00e9 la subasta de expansi\u00f3n por confiabilidad para poder participar con proyectos de expansi\u00f3n.<\/p>\n<p class=\"elheraldo__StyledParagraph-sc-60z8lc-1 ceHSqO article-body__paragraph\">Desde varios sectores se ha pedido al Gobierno que se acelere esa subasta de cargo por confiabilidad, porque en el momento hay proyectos, pero no hay energ\u00eda firme&#8230;<\/p>\n<p class=\"elheraldo__StyledParagraph-sc-60z8lc-1 ceHSqO article-body__paragraph\">S\u00ed. Lo que pasa es que ha venido creciendo de manera muy s\u00f3lida la capacidad instalada. Proyectos convencionales han sido pocos los que han entrado recientemente. Uno de esos fue nuestra expansi\u00f3n en la planta Termocandelaria, un proyecto que aument\u00f3 la capacidad instalada de esa planta un 80 %, mejorando su eficiencia en m\u00e1s de un 40 % con el mismo gas.<\/p>\n<p class=\"elheraldo__StyledParagraph-sc-60z8lc-1 ceHSqO article-body__paragraph\">Produc\u00edamos 314 megavatios, hoy producimos 555 megavatios. Ese proyecto entr\u00f3 en funcionamiento en octubre del a\u00f1o pasado y ha sido fundamental tambi\u00e9n para poder dar esa confiabilidad al sistema.<\/p>\n<p class=\"elheraldo__StyledParagraph-sc-60z8lc-1 ceHSqO article-body__paragraph\">El nivel de \u00e9xito de los proyectos ha sido muy bajo en estos \u00faltimos a\u00f1os, entre el 15 % y 20 % de lo que se anuncia es efectivamente lo que entra. La demanda ha seguido creciendo y eso nos ha tenido un sistema cada vez m\u00e1s apretado en cuanto a oferta y demanda.<\/p>\n<p class=\"elheraldo__StyledParagraph-sc-60z8lc-1 ceHSqO article-body__paragraph\">Es importante que Colombia pueda crecer, porque en abundancia de recursos se da la competencia, se da la eficiencia y se dan las mejoras en precios. Cuando el recurso es escaso, pues se aprieta la situaci\u00f3n y las condiciones se complican para el abastecimiento de medida de largo plazo.<\/p>\n<div class=\"elheraldo__StyledHeaderWrapper-sc-60z8lc-10 btJyYD\">\n<h3 class=\"article-body__header\">\u00bfC\u00f3mo ve el panorama al pr\u00f3ximo a\u00f1o, en especial ante la llegada de una nueva \u00e9poca seca?<\/h3>\n<\/div>\n<p class=\"elheraldo__StyledParagraph-sc-60z8lc-1 ceHSqO article-body__paragraph\">Estamos desarrollando la funci\u00f3n para la que estamos concebidos. Estamos entregando esos vol\u00famenes de confiabilidad que el pa\u00eds requiere. Nuestras plantas est\u00e1n operando a plena carga, entregando la energ\u00eda firme.<\/p>\n<p class=\"elheraldo__StyledParagraph-sc-60z8lc-1 ceHSqO article-body__paragraph\">Necesitamos que en la cadena todo funcione, que nosotros podamos generar, que la energ\u00eda que nosotros entregamos al pa\u00eds sea debidamente remunerada y pagada, de manera tal que contemos con los recursos de capital de trabajo que se requieren para adquirir los combustibles, procesarlos y generar esa energ\u00eda que el pa\u00eds requiere.<\/p>\n<p class=\"elheraldo__StyledParagraph-sc-60z8lc-1 ceHSqO article-body__paragraph\">En ese sentido, nosotros estamos dando el aporte que se requiere, para el cual hemos sido dimensionados y cumpliendo con la obligaci\u00f3n que nos asigna la ley y la regulaci\u00f3n. Necesitamos que el sistema como un todo funcione, tambi\u00e9n necesitamos que San Pedro nos d\u00e9 la mano con los aportes para que podamos superar esta situaci\u00f3n.<\/p>\n<div class=\"elheraldo__StyledHeaderWrapper-sc-60z8lc-10 btJyYD\">\n<h3 class=\"article-body__header\">\u00bfUsted cree que hay alg\u00fan riesgo de que podamos apagarnos en alg\u00fan momento?<\/h3>\n<\/div>\n<p class=\"elheraldo__StyledParagraph-sc-60z8lc-1 ceHSqO article-body__paragraph\">En la medida que no contemos con las lluvias necesarias, debemos tener mucho cuidado con eso. Necesitamos que las lluvias nos ayuden y confiamos en que podamos superar esta situaci\u00f3n como la hemos superado anteriormente.<\/p>\n<p class=\"elheraldo__StyledParagraph-sc-60z8lc-1 ceHSqO article-body__paragraph\">Hay que tener en cuenta el panorama de Ecuador, que est\u00e1 soportando hoy m\u00e1s de 11 horas diarias de racionamiento de energ\u00eda. Colombia, afortunadamente, gracias al esquema que hoy en d\u00eda tenemos, ha estado protegido y ha podido cumplir con entregar la energ\u00eda sin racionamiento a sus usuarios desde el a\u00f1o 1992.<\/p>\n<p class=\"elheraldo__StyledParagraph-sc-60z8lc-1 ceHSqO article-body__paragraph\">Son m\u00e1s de 30 a\u00f1os de este esquema que ha funcionado, que ha viabilizado las inversiones, que ha logrado que Colombia tenga la confiabilidad que se ha requerido. Entonces es importante valorar lo que tenemos y trabajar todos juntos para seguir d\u00e1ndole esa confiabilidad que el pa\u00eds necesita.<\/p>\n<div class=\"elheraldo__StyledHeaderWrapper-sc-60z8lc-10 btJyYD\">\n<h3 class=\"article-body__header\">\u00bfQu\u00e9 va a pasar con las tarifas de energ\u00eda? \u00bfSe van a incrementar?<\/h3>\n<\/div>\n<p class=\"elheraldo__StyledParagraph-sc-60z8lc-1 ceHSqO article-body__paragraph\">El precio de energ\u00eda en bolsa sube y debe subir para que nosotros podamos generar y el agua se pueda conservar y no despachen las hidr\u00e1ulicas. Ese es el mecanismo de utilizaci\u00f3n eficiente de los recursos, pero eso no debiera afectar al usuario final, porque la labor de los distribuidores y comercializadores es estar contratados adecuadamente para evitar esta situaci\u00f3n.<\/p>\n<p class=\"elheraldo__StyledParagraph-sc-60z8lc-1 ceHSqO article-body__paragraph\">Si est\u00e1n contratados adecuadamente, pues ya ese precio en bolsa no afecta al distribuidor, sino que es un precio de bolsa que afecta a grandes consumidores, los generadores hidr\u00e1ulicos que no tienen agua van a tener que ir a la bolsa a comprar para cumplir sus contratos. En la medida que el distribuidor se contrata adecuadamente, no va a tener un efecto significativo en incremento de tarifas. Si no tiene contratos, ah\u00ed s\u00ed hay un problema.<\/p>\n<div class=\"elheraldo__StyledHeaderWrapper-sc-60z8lc-10 btJyYD\">\n<h3 class=\"article-body__header\">\u00bfUstedes tienen contratos con los distribuidores?<\/h3>\n<\/div>\n<p class=\"elheraldo__StyledParagraph-sc-60z8lc-1 ceHSqO article-body__paragraph\">Tuvimos en el pasado. Nuestra generaci\u00f3n se hace con base de combustibles gas natural y el precio de referencia comparado con el de las hidr\u00e1ulicas para contratos de largo plazo es superior, mientras que ellos pueden vender a 250 pesos o 300 pesos, a nosotros se nos va m\u00e1s alto por el precio del gas, el transporte, la gasificaci\u00f3n.<\/p>\n<p class=\"elheraldo__StyledParagraph-sc-60z8lc-1 ceHSqO article-body__paragraph\">Para los contratos rutinarios, el mejor posicionado para eso es el generador hidr\u00e1ulico, porque el combustible le llueve del cielo. Ah\u00ed me toca traerlo en barco, almacenarlo, regasificarlo, producirlo. Son dos aspectos distintos.<\/p>\n<p class=\"elheraldo__StyledParagraph-sc-60z8lc-1 ceHSqO article-body__paragraph\">Nosotros estamos para la confiabilidad en momentos como el fen\u00f3meno de Ni\u00f1o, mientras que en situaciones normales tenemos una generaci\u00f3n permanente que requiere la regi\u00f3n Caribe.<\/p>\n<div>\n<div id=\"taboola-mid-article-reco-reel\" class=\"trc_related_container trc_spotlight_widget trc_elastic trc_elastic_rec-reel-2n5-c\" data-placement-name=\"Mid Article Reco Reel\">\n<div class=\"trc_rbox_container tbl-reco-reel story-widget tbl-reco-reel-text-under-slide-in story-widget-text-under-slide-in tbl-reco-reel-desktop tbl-story-desktop\">\n<div>\n<div id=\"trc_wrapper_64395\" class=\"trc_rbox rec-reel-2n5-c trc-content-hybrid\">\n<div id=\"trc_header_64395\" class=\"trc_rbox_header trc_rbox_border_elm\">\n<div class=\"trc_header_ext\"><\/div>\n<\/div>\n<\/div>\n<\/div>\n<\/div>\n<\/div>\n<\/div>","protected":false},"excerpt":{"rendered":"<p>Luego de la activaci\u00f3n del Estatuto de Desabastecimiento de Energ\u00eda, los generadores t\u00e9rmicos han vuelto a trabajar a toda marcha para contar con la energ\u00eda necesaria para atender la demanda en el pa\u00eds. El administrador\u00a0Luis Miguel Fern\u00e1ndez Zaher, presidente de TPL Energ\u00eda \u2013holding que opera las plantas de Termobarranquilla y Termocandelaria\u2013, habl\u00f3 con EL HERALDO<\/p>","protected":false},"author":1,"featured_media":12665,"comment_status":"closed","ping_status":"closed","sticky":false,"template":"","format":"standard","meta":{"footnotes":""},"categories":[342,181],"tags":[],"class_list":["post-12664","post","type-post","status-publish","format-standard","has-post-thumbnail","hentry","category-news","category-noticias"],"views":23,"_links":{"self":[{"href":"https:\/\/www.amchambaq.com\/en\/wp-json\/wp\/v2\/posts\/12664","targetHints":{"allow":["GET"]}}],"collection":[{"href":"https:\/\/www.amchambaq.com\/en\/wp-json\/wp\/v2\/posts"}],"about":[{"href":"https:\/\/www.amchambaq.com\/en\/wp-json\/wp\/v2\/types\/post"}],"author":[{"embeddable":true,"href":"https:\/\/www.amchambaq.com\/en\/wp-json\/wp\/v2\/users\/1"}],"replies":[{"embeddable":true,"href":"https:\/\/www.amchambaq.com\/en\/wp-json\/wp\/v2\/comments?post=12664"}],"version-history":[{"count":1,"href":"https:\/\/www.amchambaq.com\/en\/wp-json\/wp\/v2\/posts\/12664\/revisions"}],"predecessor-version":[{"id":12666,"href":"https:\/\/www.amchambaq.com\/en\/wp-json\/wp\/v2\/posts\/12664\/revisions\/12666"}],"wp:featuredmedia":[{"embeddable":true,"href":"https:\/\/www.amchambaq.com\/en\/wp-json\/wp\/v2\/media\/12665"}],"wp:attachment":[{"href":"https:\/\/www.amchambaq.com\/en\/wp-json\/wp\/v2\/media?parent=12664"}],"wp:term":[{"taxonomy":"category","embeddable":true,"href":"https:\/\/www.amchambaq.com\/en\/wp-json\/wp\/v2\/categories?post=12664"},{"taxonomy":"post_tag","embeddable":true,"href":"https:\/\/www.amchambaq.com\/en\/wp-json\/wp\/v2\/tags?post=12664"}],"curies":[{"name":"wp","href":"https:\/\/api.w.org\/{rel}","templated":true}]}}