{"id":12613,"date":"2024-09-13T11:54:45","date_gmt":"2024-09-13T16:54:45","guid":{"rendered":"https:\/\/www.amchambaq.com\/?p=12613"},"modified":"2024-09-13T11:54:45","modified_gmt":"2024-09-13T16:54:45","slug":"estados-unidos-anuncio-que-a-partir-del-27-de-septiembre-aplicara-un-arancel-del-100-a-los-vehiculos-electricos-chinos","status":"publish","type":"post","link":"https:\/\/www.amchambaq.com\/en\/estados-unidos-anuncio-que-a-partir-del-27-de-septiembre-aplicara-un-arancel-del-100-a-los-vehiculos-electricos-chinos\/","title":{"rendered":"Estados Unidos anunci\u00f3 que a partir del 27 de septiembre aplicar\u00e1 un arancel del 100% a los veh\u00edculos el\u00e9ctricos chinos"},"content":{"rendered":"<p class=\"paragraph\" data-mrf-recirculation=\"Links inline\"><b>Los aranceles del 100% a la importaci\u00f3n de veh\u00edculos el\u00e9ctricos chinos<\/b>\u00a0que el Gobierno de\u00a0<b>Joe Biden\u00a0<\/b>anunci\u00f3 hace unos meses para fortalecer a la industria nacional estadounidense\u00a0<b>entrar\u00e1n en vigor el 27 de septiembre<\/b>, inform\u00f3 este viernes la Oficina de la Representante Comercial de Estados Unidos (USTR).<\/p>\n<div class=\"news-module\" data-mrf-recirculation=\"IL_GBLs3HYWRq2RgU4Qz8MM1Q\" data-testid=\"text-html\" data-mrf-experience=\"IL_GBLs3HYWRq2RgU4Qz8MM1Q\">\n<div class=\"recommended-card__image-container\">\n<p class=\"paragraph\" data-mrf-recirculation=\"Links inline\">Tambi\u00e9n entrar\u00e1n en vigor en esa fecha los\u00a0<b>aranceles del 50% a los paneles solares y del 25% a otros materiales o productos como el aluminio, las bater\u00edas el\u00e9ctricas y el acero<\/b>.<\/p>\n<div class=\"inline ad-wrapper\">\n<div class=\"dfpAd ad-inline\">\n<div id=\"infobae\/estados-unidos\/nota\/inline\" class=\"infobae\/estados-unidos\/nota\/inline arcad\" data-google-query-id=\"CLK6qeOwwIgDFbMa0AQdgjkhdw\">\n<p class=\"paragraph\" data-mrf-recirculation=\"Links inline\">Por otro lado, los aranceles del 50% a los semiconductores chinos no comenzar\u00e1n hasta el a\u00f1o que viene, sin una fecha todav\u00eda determinada.<\/p>\n<div class=\"news-module\" data-mrf-recirculation=\"IL_m3kiGo-8SVS6m0U7OqrZLw\" data-testid=\"text-html\" data-mrf-experience=\"IL_m3kiGo-8SVS6m0U7OqrZLw\">\n<div class=\"recommended-card__image-container\">\n<p class=\"paragraph\" data-mrf-recirculation=\"Links inline\">La imposici\u00f3n de estos aranceles\u00a0<b>se comunic\u00f3 en mayo pasado<\/b>, cuando se abri\u00f3 un periodo para que se pudieran presentar comentarios a la propuesta de subir los aranceles \u201cpara ciertos productos de China en sectores estrat\u00e9gicos\u201d.<\/p>\n<div class=\"inline_2_DSK ad-wrapper ad-desktop\">\n<div class=\"dfpAd ad-inline\">\n<div id=\"infobae\/estados-unidos\/nota\/inline_2_DSK\" class=\"infobae\/estados-unidos\/nota\/inline_2_DSK arcad\" data-google-query-id=\"CPiI5-SwwIgDFYsQ0AQdH6UncQ\">\n<p class=\"paragraph\" data-mrf-recirculation=\"Links inline\">En total se incrementar\u00e1n los aranceles a productos que en 2023 supusieron un comercio valorado en\u00a0<b>18.000 millones de d\u00f3lares<\/b>.<\/p>\n<div class=\"news-module\" data-mrf-recirculation=\"IL_wLyG9sjfRQKb8QO3fSLumw\" data-testid=\"text-html\" data-mrf-experience=\"IL_wLyG9sjfRQKb8QO3fSLumw\">\n<div class=\"recommended-card__image-container\">\n<p class=\"paragraph\" data-mrf-recirculation=\"Links inline\">La USTR anunci\u00f3 este viernes las modificaciones finales relativas a la revisi\u00f3n reglamentaria de las medidas arancelarias despu\u00e9s de haberse revisado\u00a0<b>1.100 comentarios p\u00fablicos<\/b>, apunt\u00f3 el organismo en un comunicado.<\/p>\n<p class=\"paragraph\" data-mrf-recirculation=\"Links inline\">\u201cLos aumentos arancelarios finalizados apuntar\u00e1n a las pol\u00edticas y pr\u00e1cticas nocivas de China que siguen afectando a los trabajadores y las empresas estadounidenses\u201d, apunt\u00f3 la representante de Comercio,\u00a0<b>Katherine Tai<\/b>.<\/p>\n<p class=\"paragraph\" data-mrf-recirculation=\"Links inline\">Seg\u00fan denuncia la USTR, pese a las quejas y llamamientos de Estados Unidos,\u00a0<b>China no ha eliminado muchas de sus leyes, pol\u00edticas y pr\u00e1cticas<\/b>\u00a0relacionadas con la transferencia de tecnolog\u00eda, que \u201c<b>siguen imponiendo una carga o restricci\u00f3n al comercio estadounidense<\/b>\u201d.<\/p>\n<p class=\"paragraph\" data-mrf-recirculation=\"Links inline\">\u201cEn lugar de buscar una reforma fundamental,\u00a0<b>China ha persistido, y en algunos casos se ha vuelto m\u00e1s agresiva<\/b>, incluso mediante intrusiones cibern\u00e9ticas y robos cibern\u00e9ticos, en sus intentos de adquirir y absorber tecnolog\u00eda extranjera, que supone una carga o restricci\u00f3n adicional para el comercio estadounidense\u201d, apunt\u00f3 el comunicado.<\/p>\n<div class=\"headline-wrapper\">\n<h2 class=\"header headline-class-h2\">La situaci\u00f3n con Europa<\/h2>\n<\/div>\n<p class=\"paragraph\" data-mrf-recirculation=\"Links inline\">La\u00a0<b>Comisi\u00f3n Europea<\/b>\u00a0(CE) afirm\u00f3 este jueves que<b>\u00a0ha considerado insuficientes las propuestas realizadas por exportadores chinos de veh\u00edculos el\u00e9ctricos<\/b>\u00a0a fin de evitar la imposici\u00f3n de aranceles adicionales por haber recibido subsidios ilegales y competir de manera desleal en el mercado comunitario.<\/p>\n<p class=\"paragraph\" data-mrf-recirculation=\"Links inline\">\u201cNuestro examen se ha centrado en determinar si estas ofertas eliminar\u00edan los efectos perjudiciales de las subvenciones identificadas en nuestra investigaci\u00f3n, y si estos compromisos de precios podr\u00edan supervisarse y aplicarse eficazmente\u201d, explic\u00f3 durante la rueda de prensa diaria de la CE el portavoz comunitario de Comercio,\u00a0<b>Olof Gill<\/b>.<\/p>\n<p class=\"paragraph\" data-mrf-recirculation=\"Links inline\">Seg\u00fan dijo, \u201c<b>la Comisi\u00f3n ha llegado a la conclusi\u00f3n de que ninguna de las ofertas cumpl\u00eda estos requisitos<\/b>\u201d, y enfatiz\u00f3 que \u201ccorresponde a las autoridades chinas proponernos una soluci\u00f3n negociada que resuelva el problema que hemos identificado en nuestra investigaci\u00f3n\u201d.<\/p>\n<p class=\"paragraph\" data-mrf-recirculation=\"Links inline\">El portavoz indic\u00f3 que, en el contexto de la investigaci\u00f3n antisubvenciones en curso de la Comisi\u00f3n sobre las importaciones de veh\u00edculos procedentes de China, varios exportadores chinos presentaron ofertas de\u00a0<b>compromisos m\u00ednimos de precios de importaci\u00f3n<\/b>\u00a0que tendr\u00edan que \u201c<b>respetar para compensar las subvenciones perjudiciales<\/b>\u201d.<\/p>\n<p class=\"paragraph\" data-mrf-recirculation=\"Links inline\">Apunt\u00f3 que los detalles de las ofertas recibidas son confidenciales pero confirm\u00f3 que la Comisi\u00f3n las examin\u00f3 a fondo de acuerdo a las normas de la Organizaci\u00f3n Mundial del Comercio (OMC) y tambi\u00e9n de la Uni\u00f3n Europea contra las subvenciones.<\/p>\n<p class=\"paragraph\" data-mrf-recirculation=\"Links inline\"><i>(Con informaci\u00f3n de EFE)<\/i><\/p>\n<\/div>\n<\/div>\n<\/div>\n<\/div>\n<\/div>\n<\/div>\n<\/div>\n<\/div>\n<\/div>\n<\/div>\n<\/div>\n<\/div>","protected":false},"excerpt":{"rendered":"<p>Los aranceles del 100% a la importaci\u00f3n de veh\u00edculos el\u00e9ctricos chinos\u00a0que el Gobierno de\u00a0Joe Biden\u00a0anunci\u00f3 hace unos meses para fortalecer a la industria nacional estadounidense\u00a0entrar\u00e1n en vigor el 27 de septiembre, inform\u00f3 este viernes la Oficina de la Representante Comercial de Estados Unidos (USTR). Tambi\u00e9n entrar\u00e1n en vigor en esa fecha los\u00a0aranceles del 50% a<\/p>","protected":false},"author":1,"featured_media":12614,"comment_status":"closed","ping_status":"closed","sticky":false,"template":"","format":"standard","meta":{"footnotes":""},"categories":[342,181],"tags":[],"class_list":["post-12613","post","type-post","status-publish","format-standard","has-post-thumbnail","hentry","category-news","category-noticias"],"views":43,"_links":{"self":[{"href":"https:\/\/www.amchambaq.com\/en\/wp-json\/wp\/v2\/posts\/12613","targetHints":{"allow":["GET"]}}],"collection":[{"href":"https:\/\/www.amchambaq.com\/en\/wp-json\/wp\/v2\/posts"}],"about":[{"href":"https:\/\/www.amchambaq.com\/en\/wp-json\/wp\/v2\/types\/post"}],"author":[{"embeddable":true,"href":"https:\/\/www.amchambaq.com\/en\/wp-json\/wp\/v2\/users\/1"}],"replies":[{"embeddable":true,"href":"https:\/\/www.amchambaq.com\/en\/wp-json\/wp\/v2\/comments?post=12613"}],"version-history":[{"count":1,"href":"https:\/\/www.amchambaq.com\/en\/wp-json\/wp\/v2\/posts\/12613\/revisions"}],"predecessor-version":[{"id":12615,"href":"https:\/\/www.amchambaq.com\/en\/wp-json\/wp\/v2\/posts\/12613\/revisions\/12615"}],"wp:featuredmedia":[{"embeddable":true,"href":"https:\/\/www.amchambaq.com\/en\/wp-json\/wp\/v2\/media\/12614"}],"wp:attachment":[{"href":"https:\/\/www.amchambaq.com\/en\/wp-json\/wp\/v2\/media?parent=12613"}],"wp:term":[{"taxonomy":"category","embeddable":true,"href":"https:\/\/www.amchambaq.com\/en\/wp-json\/wp\/v2\/categories?post=12613"},{"taxonomy":"post_tag","embeddable":true,"href":"https:\/\/www.amchambaq.com\/en\/wp-json\/wp\/v2\/tags?post=12613"}],"curies":[{"name":"wp","href":"https:\/\/api.w.org\/{rel}","templated":true}]}}