{"id":12584,"date":"2024-09-06T09:29:36","date_gmt":"2024-09-06T14:29:36","guid":{"rendered":"https:\/\/www.amchambaq.com\/?p=12584"},"modified":"2024-09-06T09:29:36","modified_gmt":"2024-09-06T14:29:36","slug":"una-gran-alianza-para-potenciar-la-educacion-stem-en-el-atlantico","status":"publish","type":"post","link":"https:\/\/www.amchambaq.com\/en\/una-gran-alianza-para-potenciar-la-educacion-stem-en-el-atlantico\/","title":{"rendered":"Una gran alianza para potenciar la educaci\u00f3n STEM en el Atl\u00e1ntico"},"content":{"rendered":"<p><strong>Desde V\u00e9lezReyes+<\/strong>, plataforma filantr\u00f3pica del empresario\u00a0<strong>David V\u00e9lez<\/strong>\u00a0junto a su esposa Mariel Reyes, se lanz\u00f3 en Barranquilla la segunda cohorte de<strong>\u00a0Beca Tech<\/strong>, la iniciativa que beneficiar\u00e1 a j\u00f3venes estudiantes en el pa\u00eds para la formaci\u00f3n en carreras tecnol\u00f3gicas.<\/p>\n<p>Se trata de una beca integral que cubre el 95 % de la matr\u00edcula en un instituci\u00f3n de alta calidad para pregrado en Ingenier\u00eda de Sistemas, m\u00e1s un programa de mentor\u00eda, apoyo de empleabilidad, m\u00e1s un proyecto de retribuci\u00f3n social de los estudiantes,\u00a0<strong>manutenci\u00f3n y un curso de ingl\u00e9s.<\/strong><\/p>\n<p>En esta segunda cohorte se escoger\u00e1n al menos 40 estudiantes de bajos ingresos de toda Colombia para que estudien programas de ingenier\u00eda de sistemas en siete universidades del pa\u00eds de cuatro ciudades:\u00a0<strong>Medell\u00edn, Barranquilla, Bogot\u00e1 y Cali.<\/strong><\/p>\n<p>Cabe recordar que este proyecto se adelanta en asocio con la escuela de programaci\u00f3n \u2018Crack The Code\u2019 liderada por Mar\u00eda del Mar V\u00e9lez, hermana del empresario. Durante un evento en la capital del Atl\u00e1ntico se anunci\u00f3 que la Universidad del Norte har\u00e1 parte, para el caso de Barranquilla, en esta iniciativa.<\/p>\n<p>David V\u00e9lez destac\u00f3 que desde la fundaci\u00f3n V\u00e9lezReyes+ le apuestan a la educaci\u00f3n como un igualador de oportunidades, es por ello que vienen liderando dos iniciativas en la formaci\u00f3n de ni\u00f1os, ni\u00f1as y j\u00f3venes en estas \u00e1reas o habilidades tecnol\u00f3gicas.<\/p>\n<p>\u201cEl problema que m\u00e1s nos llama la atenci\u00f3n de tratar de resolver es ese de la falta de oportunidades. El hecho de que el lugar geogr\u00e1fico y la familia socioecon\u00f3mica donde nacemos b\u00e1sicamente dictan la jornada y la vida que tendremos. Si nacemos en la familia y ciudad adecuada, probablemente tendremos una vida llena de oportunidades, pero si por el arte de la suerte nacemos en el medio de la nada, en un pueblo sin oportunidades, tendremos una vida muy dif\u00edcil.\u00a0<strong>Esa desigualdad de oportunidades ha sido el problema filos\u00f3fico que hemos discutido dentro de la fundaci\u00f3n\u00a0<\/strong>y para atacarlo, despu\u00e9s de varias ideas, llegamos a la visi\u00f3n que la educaci\u00f3n es ese grande igualador de oportunidades\u201d, anot\u00f3.<\/p>\n<p>Las iniciativas anunciadas y en las que vienen trabajando son: Crack The Code y Beca Tech, la primera \u2013en asocio con la<strong>\u00a0Alcald\u00eda de Barranquilla\u2013<\/strong>\u00a0se est\u00e1 llevando formaci\u00f3n en programaci\u00f3n inicialmente en siete colegios \u2013se incrementar\u00e1 a 15 nuevos colegios\u2013 de la ciudad, impactando a 3.000 estudiantes. La segunda son becas para que los j\u00f3venes puedan estudiar en las mejores universidades del pa\u00eds en tecnolog\u00edas.<\/p>\n<div id=\"body\" class=\"content-article size-m\">\n<p>\u201cLa idea de hacer ese cambio cultural desde abajo, desde los ni\u00f1os y j\u00f3venes, que empiecen a programar, que jueguen y vean que es interesante ver esto (programaci\u00f3n), es desarrollar habilidades matem\u00e1ticas, cient\u00edficas y curiosidad. Luego, despu\u00e9s que se grad\u00faan, es abrir el acceso a las personas de estratos m\u00e1s bajos al \u00e1rea de tecnolog\u00eda\u201d, explic\u00f3.<\/p>\n<\/div>\n<div id=\"paragraphs\" class=\"content-article paragraphs size-m\">\n<div id=\"taboola-mid-article-reco-reel\" class=\"trc_related_container trc_spotlight_widget trc_elastic trc_elastic_rec-reel-2n5-b\" data-placement-name=\"Mid Article Reco Reel\">\n<div class=\"trc_rbox_container tbl-reco-reel story-widget tbl-reco-reel-text-under-slide-in story-widget-text-under-slide-in tbl-reco-reel-desktop tbl-story-desktop\">\n<div>\n<div id=\"trc_wrapper_70983\" class=\"trc_rbox rec-reel-2n5-b trc-content-hybrid\">\n<div id=\"trc_header_70983\" class=\"trc_rbox_header trc_rbox_border_elm\">\n<div class=\"trc_header_ext\">\n<p>Por su parte,\u00a0<strong>Mar\u00eda del Mar V\u00e9lez<\/strong>, fundadora y CEO de Crack The Code, sostuvo que con este tipo de iniciativas se obtiene el potencial de transformar toda la ciudad y en ese sentido se busca, adem\u00e1s de brindar oportunidades a los j\u00f3venes, contribuir al crecimiento del territorio.<\/p>\n<p>\u201cLo que queremos es de verdad cambiar no solo la vida de los j\u00f3venes con los que trabajamos, sino la manera en c\u00f3mo piensan, a lo que pueden aspirar, las ambiciones que tienen\u00a0 y que pueden tener un impacto gigantesco en el crecimiento de la ciudad, del departamento y del pa\u00eds\u201d, dijo.<\/p>\n<p>Precis\u00f3 que este tipo de proyectos en articulaci\u00f3n con todos los actores del sector p\u00fablico y privado generan mayores oportunidades en igualdad de condiciones para todos los j\u00f3venes.<\/p>\n<p>\u201cQueremos con este tipo de intervenciones y proyectos, sumando a todos los diferentes actores de una ciudad,\u00a0<strong>lograr tener el impacto que se puede llegar a tener con la tecnolog\u00eda, porque la tecnolog\u00eda aplana la cancha y permite que todos juguemos al mismo nivel.<\/strong>\u00a0Que los j\u00f3venes de colegios p\u00fablicos y privados puedan tener las mismas oportunidades\u201d, expres\u00f3 V\u00e9lez.<\/p>\n<p>Manifest\u00f3 que se ha avanzado mucho en Barranquilla desde Crack The Code en la ense\u00f1anza de ni\u00f1os y j\u00f3venes en programaci\u00f3n. Se\u00f1al\u00f3 que se vienen adelantando conversaciones con la Gobernaci\u00f3n para tambi\u00e9n incluir el programa en los colegios p\u00fablicos del departamento.<\/p>\n<p>Entretanto, el\u00a0<strong>gobernador Eduardo Verano\u00a0<\/strong>destac\u00f3 la apuesta que viene liderando V\u00e9lez en torno a las nuevas tecnolog\u00edas, adem\u00e1s del apoyo que el empresario est\u00e1 dando con la entrega de las becas para el fortalecimiento de este sector, maximizando las oportunidades para los j\u00f3venes y consolidando a una educaci\u00f3n m\u00e1s integral.<\/p>\n<p>\u201cLa tecnolog\u00eda es el futuro de la econom\u00eda; si una educaci\u00f3n no est\u00e1 basada y fundamentada en las habilidades STEM\u00a0 no vamos a tener nosotros la revoluci\u00f3n que queremos institucionalizar para una econom\u00eda m\u00e1s pr\u00f3spera, en mayor crecimiento y eliminar pobreza, porque ese es el elemento igualador que permite tener m\u00e1s personas con acceso, no a una educaci\u00f3n privilegiada, sino a la gente del com\u00fan que pueda llegar a tener la formaci\u00f3n para prosperar en el futuro\u201d, argument\u00f3 el mandatario.<\/p>\n<p>Por su parte, el alcalde\u00a0<strong>Alejandro Char\u00a0<\/strong>indic\u00f3 que \u201cdesde Barranquilla estamos construyendo un futuro lleno de oportunidades a trav\u00e9s de una educaci\u00f3n innovadora\u201d.<\/p>\n<p>En ese sentido, sostuvo que con este tipo de alianzas\u00a0<strong>\u201cestamos forjando una generaci\u00f3n de j\u00f3venes con las competencias y habilidades que el mundo de hoy necesita<\/strong>, prepar\u00e1ndolos para aprovechar las oportunidades del mercado laboral\u201d.<\/p>\n<p>De acuerdo con<strong>\u00a0Omar H. T\u00e9llez,<\/strong>\u00a0emprendedor serial y vocero de la iniciativa Caribe STEM 4.0,\u00a0 Barranquilla ha logrado mucho en t\u00e9rminos de avances educacionales, sin embargo sostuvo que actualmente se est\u00e1 en un punto de inflexi\u00f3n en la educaci\u00f3n que apunta a la formaci\u00f3n de carreras en ciencias, tecnolog\u00eda, ingenier\u00eda y matem\u00e1ticas.<\/p>\n<p>En ese sentido, destac\u00f3 el liderazgo y la apuesta del empresario David V\u00e9lez para fortalecer estas habilidades en los j\u00f3venes de los diferentes colegios p\u00fablicos de la ciudad y la regi\u00f3n Caribe en general.<\/p>\n<p>\u201cContamos con el apoyo de V\u00e9lezReyes+ que\u00a0 es el brazo filantr\u00f3pico de David V\u00e9lez y su esposa Mariel Reyes y entonces nosotros lo que queremos utilizar ese apoyo con toda la comunidad de Barranquilla y del Caribe para avanzar esta iniciativa. Esto fue muy buen comienzo del<strong>\u00a0Caribe STEM 4.0<\/strong>\u00a0y lo que viene ahora es ejecutar. Creemos que Barranquilla puede ser un referente de nuevo a nivel latinoamericano en temas de ciencias, tecnolog\u00eda, ingenier\u00eda y matem\u00e1ticas\u201d, resalt\u00f3.<\/p>\n<p>Se refiri\u00f3 al memorando de compromiso que se firm\u00f3 en medio del evento con gran parte del sector privado de la ciudad. Indic\u00f3 que este tiene como prop\u00f3sito empleabilidad y m\u00e1s recursos para becas gratis.<\/p>\n<p>\u201cCon este memorando el sector privado se compromete a emplear personas que salgan con carreras STEM, y adem\u00e1s se comprometen a dar recursos para becas. Queremos que m\u00e1s estudiantes tengan acceso a becas gratis para que estudien (\u2026) tenemos que estar muy orgullosos de haber podido lograr reunir a todas estas personas, a las empresas, a las universidades, a los colegios, a los ni\u00f1os estudiantes y las organizaciones para decir: esto es importante y tenemos que cambiarle la cara al Caribe y a Barranquilla con este tema\u201d, afirm\u00f3.<\/p>\n<p>Y el director de Educaci\u00f3n de V\u00e9lezReyes+, Daniel Uribe Villa, expuso que esta iniciativa es una gran oportunidad para los j\u00f3venes enriquecer sus conocimientos y abrirse paso al mundo.<\/p>\n<p><strong>\u201cQueremos que m\u00e1s j\u00f3venes puedan estudiar est\u00e1s carreras<\/strong>, estamos convencidos de que el talento barranquillero y caribe\u00f1o hay que apoyarlo. Queremos incrementar el nivel ambiciones y aspiraciones de los colombianos y coste\u00f1os, para que sue\u00f1en en grande y accedan a las oportunidades que hay y puedan liderar la transformaci\u00f3n del sector tecnol\u00f3gico y las econom\u00edas del futuro de Colombia y Latinoam\u00e9rica\u201d, apunt\u00f3.<\/p>\n<\/div>\n<\/div>\n<\/div>\n<\/div>\n<\/div>\n<\/div>\n<\/div>","protected":false},"excerpt":{"rendered":"<p>Desde V\u00e9lezReyes+, plataforma filantr\u00f3pica del empresario\u00a0David V\u00e9lez\u00a0junto a su esposa Mariel Reyes, se lanz\u00f3 en Barranquilla la segunda cohorte de\u00a0Beca Tech, la iniciativa que beneficiar\u00e1 a j\u00f3venes estudiantes en el pa\u00eds para la formaci\u00f3n en carreras tecnol\u00f3gicas. Se trata de una beca integral que cubre el 95 % de la matr\u00edcula en un instituci\u00f3n de<\/p>","protected":false},"author":1,"featured_media":12585,"comment_status":"closed","ping_status":"closed","sticky":false,"template":"","format":"standard","meta":{"footnotes":""},"categories":[342,181],"tags":[],"class_list":["post-12584","post","type-post","status-publish","format-standard","has-post-thumbnail","hentry","category-news","category-noticias"],"views":80,"_links":{"self":[{"href":"https:\/\/www.amchambaq.com\/en\/wp-json\/wp\/v2\/posts\/12584","targetHints":{"allow":["GET"]}}],"collection":[{"href":"https:\/\/www.amchambaq.com\/en\/wp-json\/wp\/v2\/posts"}],"about":[{"href":"https:\/\/www.amchambaq.com\/en\/wp-json\/wp\/v2\/types\/post"}],"author":[{"embeddable":true,"href":"https:\/\/www.amchambaq.com\/en\/wp-json\/wp\/v2\/users\/1"}],"replies":[{"embeddable":true,"href":"https:\/\/www.amchambaq.com\/en\/wp-json\/wp\/v2\/comments?post=12584"}],"version-history":[{"count":1,"href":"https:\/\/www.amchambaq.com\/en\/wp-json\/wp\/v2\/posts\/12584\/revisions"}],"predecessor-version":[{"id":12586,"href":"https:\/\/www.amchambaq.com\/en\/wp-json\/wp\/v2\/posts\/12584\/revisions\/12586"}],"wp:featuredmedia":[{"embeddable":true,"href":"https:\/\/www.amchambaq.com\/en\/wp-json\/wp\/v2\/media\/12585"}],"wp:attachment":[{"href":"https:\/\/www.amchambaq.com\/en\/wp-json\/wp\/v2\/media?parent=12584"}],"wp:term":[{"taxonomy":"category","embeddable":true,"href":"https:\/\/www.amchambaq.com\/en\/wp-json\/wp\/v2\/categories?post=12584"},{"taxonomy":"post_tag","embeddable":true,"href":"https:\/\/www.amchambaq.com\/en\/wp-json\/wp\/v2\/tags?post=12584"}],"curies":[{"name":"wp","href":"https:\/\/api.w.org\/{rel}","templated":true}]}}