{"id":12563,"date":"2024-08-27T15:50:30","date_gmt":"2024-08-27T20:50:30","guid":{"rendered":"https:\/\/www.amchambaq.com\/?p=12563"},"modified":"2024-08-27T15:50:30","modified_gmt":"2024-08-27T20:50:30","slug":"estados-unidos-colombia-y-panama-reconocen-problematica-de-migracion-como-compartida-y-se-comprometen-a-mejorar-la-situacion","status":"publish","type":"post","link":"https:\/\/www.amchambaq.com\/en\/estados-unidos-colombia-y-panama-reconocen-problematica-de-migracion-como-compartida-y-se-comprometen-a-mejorar-la-situacion\/","title":{"rendered":"Estados Unidos, Colombia y Panam\u00e1 reconocen problem\u00e1tica de migraci\u00f3n como \u201ccompartida\u201d y se comprometen a mejorar la situaci\u00f3n"},"content":{"rendered":"<p>Tras un encuentro del canciller Luis Gilberto Murillo con su hom\u00f3logo de Panam\u00e1 Javier Mart\u00ednez-Acha Vel\u00e1squez y el secretario de Seguridad Nacional de los Estados Unidos Alejandro Mayorkas en Cartagena, los tres estados firmaron una declaraci\u00f3n conjunta en la que reconocen responsabilidades compartidas por el flujo migratorio, especialmente en el Dari\u00e9n, por donde pasan miles de migrantes diariamente entre Panam\u00e1 y Venezuela con el objetivo de llegar de forma irregular a los Estados Unidos.<\/p>\n<p>Seg\u00fan el documento, los tres \u201cafirmaron que el abordaje de la migraci\u00f3n irregular parte del reconocimiento de la responsabilidad compartida, y desde un enfoque multidimensional y derechos humanos\u201d.<\/p>\n<p>Aseguran que se deben cumplir los compromisos asumidos por los tres gobiernos en la Declaraci\u00f3n de Los \u00c1ngeles sobre migraci\u00f3n y protecci\u00f3n y que eso debe estar acompa\u00f1ado por organizaciones internacionales.<\/p>\n<p>De parte de Colombia destacaron la regulaci\u00f3n de 2,5 millones de venezolanos en el pa\u00eds, una idea del expresidente Iv\u00e1n Duque gracias al Estatuto Temporal de Protecci\u00f3n para Migrantes, reconocido a nivel internacional, entre otros, como contrarrestar la trata de personas en el Dari\u00e9n.<\/p>\n<div class=\"max-w-screen-md prose prose-lg mx-auto mb-5\">\n<p>\u201cLos tres gobiernos reconocen las amenazas que representan las organizaciones criminales transnacionales, que se lucran de la explotaci\u00f3n de los migrantes. En tal sentido, reafirman su compromiso para identificar distintos mecanismos que permitan desmantelar estas redes y llevar estos criminales ante la justicia. As\u00ed mismo, se comprometen a mejorar el intercambio de informaci\u00f3n\u201d, dijeron.<\/p>\n<p>Aunque reconocieron que se trata de una problem\u00e1tica de los tres pa\u00edses, aseguran que es un fen\u00f3meno que afecta a m\u00e1s de 90 naciones, incluso, personas que han llegado a la regi\u00f3n por otros territorios. Por eso, dijeron que se debe conversar con otras naciones para aumentar las alternativas seguras y ordenadas que reduzcan la migraci\u00f3n irregular. Tambi\u00e9n pide que se tenga en cuenta que se deben proteger los ecosistemas estrat\u00e9gicos.<\/p>\n<p>En ese sentido, anunciaron que fortalecer\u00e1n las medidas migratorias a trav\u00e9s de la regulaci\u00f3n y la integraci\u00f3n socioecon\u00f3mica de los migrantes e impulsar acciones para proteger a los migrantes en condici\u00f3n de vulnerabilidad.<\/p>\n<p>Por eso, coincidieron en que se debe trabajar conjuntamente entre los tres pa\u00edses para desarticular las redes de trata y tr\u00e1fico de migrantes, mejorar la asistencia humanitaria y buscar mecanismos de protecci\u00f3n.<\/p>\n<p>Los tres pa\u00edses anunciaron que sus autoridades realizar\u00e1n una reuni\u00f3n t\u00e9cnica en materia migratoria en los pr\u00f3ximos 90 d\u00edas, a partir de esta declaraci\u00f3n, para que elaboren un cronograma y plan de ejecuci\u00f3n de actividades con las que se pueda avanzar para solucionar esta problem\u00e1tica con acciones concretas.<\/p>\n<\/div>\n<div class=\"-mx-5 mb-5 lg:mx-0\" data-type=\"image\"><picture><source srcset=\"https:\/\/www.semana.com\/resizer\/v2\/46IGL7B5ZZCSHNBL6MNZL2QO4Y.jpeg?auth=0dce179518d891e38bea27f5852913c0ad75df4f22b56267e1ce1e12bcf1eb07&amp;smart=true&amp;quality=75&amp;width=480&amp;fitfill=false\" media=\"(max-width: 480px)\" \/><source srcset=\"https:\/\/www.semana.com\/resizer\/v2\/46IGL7B5ZZCSHNBL6MNZL2QO4Y.jpeg?auth=0dce179518d891e38bea27f5852913c0ad75df4f22b56267e1ce1e12bcf1eb07&amp;smart=true&amp;quality=75&amp;width=768&amp;fitfill=false\" media=\"(max-width: 768px)\" \/><\/picture><\/div>","protected":false},"excerpt":{"rendered":"<p>Tras un encuentro del canciller Luis Gilberto Murillo con su hom\u00f3logo de Panam\u00e1 Javier Mart\u00ednez-Acha Vel\u00e1squez y el secretario de Seguridad Nacional de los Estados Unidos Alejandro Mayorkas en Cartagena, los tres estados firmaron una declaraci\u00f3n conjunta en la que reconocen responsabilidades compartidas por el flujo migratorio, especialmente en el Dari\u00e9n, por donde pasan miles<\/p>","protected":false},"author":1,"featured_media":12564,"comment_status":"closed","ping_status":"closed","sticky":false,"template":"","format":"standard","meta":{"footnotes":""},"categories":[342,181],"tags":[],"class_list":["post-12563","post","type-post","status-publish","format-standard","has-post-thumbnail","hentry","category-news","category-noticias"],"views":25,"_links":{"self":[{"href":"https:\/\/www.amchambaq.com\/en\/wp-json\/wp\/v2\/posts\/12563","targetHints":{"allow":["GET"]}}],"collection":[{"href":"https:\/\/www.amchambaq.com\/en\/wp-json\/wp\/v2\/posts"}],"about":[{"href":"https:\/\/www.amchambaq.com\/en\/wp-json\/wp\/v2\/types\/post"}],"author":[{"embeddable":true,"href":"https:\/\/www.amchambaq.com\/en\/wp-json\/wp\/v2\/users\/1"}],"replies":[{"embeddable":true,"href":"https:\/\/www.amchambaq.com\/en\/wp-json\/wp\/v2\/comments?post=12563"}],"version-history":[{"count":1,"href":"https:\/\/www.amchambaq.com\/en\/wp-json\/wp\/v2\/posts\/12563\/revisions"}],"predecessor-version":[{"id":12565,"href":"https:\/\/www.amchambaq.com\/en\/wp-json\/wp\/v2\/posts\/12563\/revisions\/12565"}],"wp:featuredmedia":[{"embeddable":true,"href":"https:\/\/www.amchambaq.com\/en\/wp-json\/wp\/v2\/media\/12564"}],"wp:attachment":[{"href":"https:\/\/www.amchambaq.com\/en\/wp-json\/wp\/v2\/media?parent=12563"}],"wp:term":[{"taxonomy":"category","embeddable":true,"href":"https:\/\/www.amchambaq.com\/en\/wp-json\/wp\/v2\/categories?post=12563"},{"taxonomy":"post_tag","embeddable":true,"href":"https:\/\/www.amchambaq.com\/en\/wp-json\/wp\/v2\/tags?post=12563"}],"curies":[{"name":"wp","href":"https:\/\/api.w.org\/{rel}","templated":true}]}}