{"id":12553,"date":"2024-08-20T11:24:33","date_gmt":"2024-08-20T16:24:33","guid":{"rendered":"https:\/\/www.amchambaq.com\/?p=12553"},"modified":"2024-08-20T11:24:33","modified_gmt":"2024-08-20T16:24:33","slug":"promigas-ejecutara-el-proyecto-de-bidireccionalidad-entre-barranquilla-y-ballena-que-debe-entrar-en-operacion-en-2027","status":"publish","type":"post","link":"https:\/\/www.amchambaq.com\/en\/promigas-ejecutara-el-proyecto-de-bidireccionalidad-entre-barranquilla-y-ballena-que-debe-entrar-en-operacion-en-2027\/","title":{"rendered":"Promigas ejecutar\u00e1 el proyecto de bidireccionalidad entre Barranquilla y Ballena que debe entrar en operaci\u00f3n en 2027"},"content":{"rendered":"<p>La Comisi\u00f3n de Regulaci\u00f3n de Energ\u00eda y Gas, Creg aprob\u00f3 luego de dos a\u00f1os un proyecto para el transporte de gas que permitir\u00e1 establecer una interconexi\u00f3n en dos direcciones entre Barranquilla y la estaci\u00f3n de Promigas en Ballena, en Manaure (La Guajira).<\/p>\n<p>Promigas, ser\u00e1 la empresa encargada de ejecutar el proyecto para el cual solicit\u00f3 permiso en febrero del 2022 y con el que busca asegurar el futuro energ\u00e9tico del pa\u00eds.<\/p>\n<p>El proyecto de Bidireccionalidad habilitar\u00e1 el transporte de 170 millones de pies c\u00fabicos por d\u00eda de gas de las fuentes ubicadas en la Costa hasta Ballena que es un punto de interconexi\u00f3n del sistema de transporte de Promigas con el del interior del pa\u00eds.<br \/>\nAs\u00ed se tendr\u00e1 acceso a las fuentes de gas del Caribe colombiano, en ambas direcciones y para ello la empresa prev\u00e9 una inversi\u00f3n superior a los 330.000 millones de pesos.<br \/>\nEl proyecto debe entrar en operaci\u00f3n en agosto de 2027, seg\u00fan los plazos establecidos por la UPME y adoptados por el Ministerio de Minas y Energ\u00eda.<\/p>\n<p>De acuerdo con Juan Manuel Rojas, presidente de Promigas, el proyecto es clave porque asegura la sostenibilidad energ\u00e9tica de Colombia y m\u00e1s en medio de la coyuntura en materia de desabastecimiento de gas natural para el pa\u00eds. \u201cEn estos momentos con la coyuntura en materia de desabastecimiento de gas natural y las soluciones requeridas en t\u00e9rminos de pol\u00edtica p\u00fablica, regulaci\u00f3n e institucionalidad, es una muy buena noticia la aprobaci\u00f3n por parte de la Creg de proyectos estrat\u00e9gicos como este para la sostenibilidad energ\u00e9tica de Colombia\u201d afirm\u00f3.<\/p>\n<p><strong>Los otros proyectos <\/strong><br \/>\nLa Comisi\u00f3n de Regulaci\u00f3n de Energ\u00eda y Gas (Creg) tom\u00f3 decisiones regulatorias para el desarrollo de la infraestructura que garantice la confiabilidad del suministro de gas natural y la seguridad del abastecimiento en Colombia. Entre las obras de infraestructura aprobadas por el Ministerio de Minas y Energ\u00eda en el Plan de Abastecimiento de Gas Natural vigente est\u00e1n para la empresa TGI, la ampliaci\u00f3n de la capacidad del tramo Mariquita \u2013 Gualanday (Resoluci\u00f3n CREG 502 061 de 2024), la ampliaci\u00f3n del ramal Jamund\u00ed &#8211; Valle del Cauca (Resoluci\u00f3n CREG 502 063 de 2024) y la obra de confiabilidad bidireccional Barrancabermeja \u2013 Ballena (Resoluci\u00f3n CREG 502 062 de 2024).<\/p>\n<p>A esto se suma el proyecto bidireccional entre Barranquilla y Ballena.<\/p>","protected":false},"excerpt":{"rendered":"<p>La Comisi\u00f3n de Regulaci\u00f3n de Energ\u00eda y Gas, Creg aprob\u00f3 luego de dos a\u00f1os un proyecto para el transporte de gas que permitir\u00e1 establecer una interconexi\u00f3n en dos direcciones entre Barranquilla y la estaci\u00f3n de Promigas en Ballena, en Manaure (La Guajira). Promigas, ser\u00e1 la empresa encargada de ejecutar el proyecto para el cual solicit\u00f3<\/p>","protected":false},"author":1,"featured_media":12554,"comment_status":"closed","ping_status":"closed","sticky":false,"template":"","format":"standard","meta":{"footnotes":""},"categories":[342,181],"tags":[],"class_list":["post-12553","post","type-post","status-publish","format-standard","has-post-thumbnail","hentry","category-news","category-noticias"],"views":131,"_links":{"self":[{"href":"https:\/\/www.amchambaq.com\/en\/wp-json\/wp\/v2\/posts\/12553","targetHints":{"allow":["GET"]}}],"collection":[{"href":"https:\/\/www.amchambaq.com\/en\/wp-json\/wp\/v2\/posts"}],"about":[{"href":"https:\/\/www.amchambaq.com\/en\/wp-json\/wp\/v2\/types\/post"}],"author":[{"embeddable":true,"href":"https:\/\/www.amchambaq.com\/en\/wp-json\/wp\/v2\/users\/1"}],"replies":[{"embeddable":true,"href":"https:\/\/www.amchambaq.com\/en\/wp-json\/wp\/v2\/comments?post=12553"}],"version-history":[{"count":1,"href":"https:\/\/www.amchambaq.com\/en\/wp-json\/wp\/v2\/posts\/12553\/revisions"}],"predecessor-version":[{"id":12555,"href":"https:\/\/www.amchambaq.com\/en\/wp-json\/wp\/v2\/posts\/12553\/revisions\/12555"}],"wp:featuredmedia":[{"embeddable":true,"href":"https:\/\/www.amchambaq.com\/en\/wp-json\/wp\/v2\/media\/12554"}],"wp:attachment":[{"href":"https:\/\/www.amchambaq.com\/en\/wp-json\/wp\/v2\/media?parent=12553"}],"wp:term":[{"taxonomy":"category","embeddable":true,"href":"https:\/\/www.amchambaq.com\/en\/wp-json\/wp\/v2\/categories?post=12553"},{"taxonomy":"post_tag","embeddable":true,"href":"https:\/\/www.amchambaq.com\/en\/wp-json\/wp\/v2\/tags?post=12553"}],"curies":[{"name":"wp","href":"https:\/\/api.w.org\/{rel}","templated":true}]}}