{"id":12547,"date":"2024-08-20T11:19:07","date_gmt":"2024-08-20T16:19:07","guid":{"rendered":"https:\/\/www.amchambaq.com\/?p=12547"},"modified":"2024-08-20T11:19:07","modified_gmt":"2024-08-20T16:19:07","slug":"queremos-ser-parte-de-la-transicion-energetica-el-mensaje-de-las-termicas-al-gobierno-nacional","status":"publish","type":"post","link":"https:\/\/www.amchambaq.com\/en\/queremos-ser-parte-de-la-transicion-energetica-el-mensaje-de-las-termicas-al-gobierno-nacional\/","title":{"rendered":"&#8216;Queremos ser parte de la transici\u00f3n energ\u00e9tica&#8217;, el mensaje de las t\u00e9rmicas al Gobierno Nacional"},"content":{"rendered":"<p>Durante la apertura del 11\u00b0 Foro Energ\u00e9tico Andeg, el director ejecutivo de la Asociaci\u00f3n Nacional de Empresas Generadoras (Andeg), Alejandro Casta\u00f1eda, le envi\u00f3 un mensaje al Gobierno Nacional sobre el inter\u00e9s de las t\u00e9rmicas de ser parte de la transici\u00f3n energ\u00e9tica de Colombia.<\/p>\n<p>Esto debido a que en varias ocasiones el presidente Gustavo Petro ha manifestado estar en desacuerdo con la operaci\u00f3n de las t\u00e9rmicas en el pa\u00eds, que operan con carb\u00f3n, combustibles l\u00edquidos o gas natural.<br \/>\n&#8220;Queremos ser parte de la transici\u00f3n, como empresas no nos vamos a quedar en los activos que tenemos hoy en d\u00eda, queremos seguir creciendo&#8221;, afirm\u00f3 Alejandro Casta\u00f1eda. Adem\u00e1s, asegur\u00f3 que las plantas t\u00e9rmicas no est\u00e1n en contra del desarrollo de las energ\u00edas renovables no convencionales en Colombia, y muestra de ello es que, de las 14 empresas que est\u00e1n afiliadas en Andeg, unas diez tienen en su portafolio proyectos de este tipo.<\/p>\n<p>En ese sentido, manifest\u00f3 que todas las fuentes de generaci\u00f3n de energ\u00eda son bienvenidas, porque al final del d\u00eda el problema no es el combustible, sino las emisiones. Por eso, lo importante es definir c\u00f3mo se mitigan, compensan o neutralizan.<\/p>\n<p>El director ejecutivo de Andeg tambi\u00e9n reiter\u00f3 la necesidad de tener un desarrollo regulatorio institucional para que se puedan seguir haciendo inversiones en el sector el\u00e9ctrico.<\/p>\n<p>No tener una Comisi\u00f3n de Regulaci\u00f3n de Energ\u00eda y Gas (Creg) funcionando de manera regular, como no pasa desde hace casi dos a\u00f1os, tendr\u00eda congeladas inversiones por 3 billones de pesos, seg\u00fan c\u00e1lculos de Andeg. Si esto no se supera y no se hacen las inversiones que se necesitan, Alejandro Casta\u00f1eda advirti\u00f3 que el principal perjudicado ser\u00e1n los usuarios porque se afectar\u00e1 la calidad y cobertura de los servicios de energ\u00eda el\u00e9ctrica o gas natural.<\/p>\n<p>&#8220;Este es un sector que no invierte porque tenga contratos con el Estado. Los empresarios invierten porque creen en la regulaci\u00f3n y en las se\u00f1ales, de lo contrario, nadie invertir\u00eda en este sector&#8221;, dijo Alejandro Casta\u00f1eda. Por ello, el presidente de la junta directiva de Andeg y presidente de Termoyopal, Luis Alberto Pa\u00e9z, asegur\u00f3 que es &#8220;urgente e imprescindible&#8221; contar con una Creg con todos sus expertos nombrados en propiedad.<\/p>\n<p>Si bien actualmente se cuenta con cuatro expertos comisionados (uno en calidad de encargado) y se tiene el qu\u00f3rum para deliberar y decidir, la normatividad vigente estipula que la Creg la deben conformar seis expertos. &#8220;Es necesario que se den las se\u00f1ales regulatorias en cuanto a la expansi\u00f3n en nuevas fuentes de suministro de gas natural, tanto onshore como offshore, habilitar la exploraci\u00f3n y explotaci\u00f3n de este recurso en el pa\u00eds y analizar las alternativas para incentivar la ejecuci\u00f3n de obras en transporte para la efectiva atenci\u00f3n de la demanda&#8221;, agreg\u00f3.<\/p>\n<p>Sumado a esto, Luis Alberto Pa\u00e9z hizo un llamado a la Creg para que las subastas de reconfiguraci\u00f3n para los periodos del 2025 al 2028 se convoquen este mismo a\u00f1o, y de igual manera, se avance con una subasta de expansi\u00f3n para los periodos 2028-2029 o 2029-2030.<br \/>\nTambi\u00e9n afirm\u00f3 que se deben dar incentivos para habilitar las inversiones en la infraestructura de gas natural con el fin de aumentar la liquidez en el mercado, ya que el sector de generaci\u00f3n t\u00e9rmica representa en promedio el 25 por ciento del consumo de gas natural en el pa\u00eds.<\/p>","protected":false},"excerpt":{"rendered":"<p>Durante la apertura del 11\u00b0 Foro Energ\u00e9tico Andeg, el director ejecutivo de la Asociaci\u00f3n Nacional de Empresas Generadoras (Andeg), Alejandro Casta\u00f1eda, le envi\u00f3 un mensaje al Gobierno Nacional sobre el inter\u00e9s de las t\u00e9rmicas de ser parte de la transici\u00f3n energ\u00e9tica de Colombia. Esto debido a que en varias ocasiones el presidente Gustavo Petro ha<\/p>","protected":false},"author":1,"featured_media":12548,"comment_status":"closed","ping_status":"closed","sticky":false,"template":"","format":"standard","meta":{"footnotes":""},"categories":[342,181],"tags":[],"class_list":["post-12547","post","type-post","status-publish","format-standard","has-post-thumbnail","hentry","category-news","category-noticias"],"views":53,"_links":{"self":[{"href":"https:\/\/www.amchambaq.com\/en\/wp-json\/wp\/v2\/posts\/12547","targetHints":{"allow":["GET"]}}],"collection":[{"href":"https:\/\/www.amchambaq.com\/en\/wp-json\/wp\/v2\/posts"}],"about":[{"href":"https:\/\/www.amchambaq.com\/en\/wp-json\/wp\/v2\/types\/post"}],"author":[{"embeddable":true,"href":"https:\/\/www.amchambaq.com\/en\/wp-json\/wp\/v2\/users\/1"}],"replies":[{"embeddable":true,"href":"https:\/\/www.amchambaq.com\/en\/wp-json\/wp\/v2\/comments?post=12547"}],"version-history":[{"count":1,"href":"https:\/\/www.amchambaq.com\/en\/wp-json\/wp\/v2\/posts\/12547\/revisions"}],"predecessor-version":[{"id":12549,"href":"https:\/\/www.amchambaq.com\/en\/wp-json\/wp\/v2\/posts\/12547\/revisions\/12549"}],"wp:featuredmedia":[{"embeddable":true,"href":"https:\/\/www.amchambaq.com\/en\/wp-json\/wp\/v2\/media\/12548"}],"wp:attachment":[{"href":"https:\/\/www.amchambaq.com\/en\/wp-json\/wp\/v2\/media?parent=12547"}],"wp:term":[{"taxonomy":"category","embeddable":true,"href":"https:\/\/www.amchambaq.com\/en\/wp-json\/wp\/v2\/categories?post=12547"},{"taxonomy":"post_tag","embeddable":true,"href":"https:\/\/www.amchambaq.com\/en\/wp-json\/wp\/v2\/tags?post=12547"}],"curies":[{"name":"wp","href":"https:\/\/api.w.org\/{rel}","templated":true}]}}