{"id":12536,"date":"2024-08-16T14:59:48","date_gmt":"2024-08-16T19:59:48","guid":{"rendered":"https:\/\/www.amchambaq.com\/?p=12536"},"modified":"2024-08-16T14:59:48","modified_gmt":"2024-08-16T19:59:48","slug":"reforma-laboral-que-viene-tras-su-radicacion-en-el-congreso","status":"publish","type":"post","link":"https:\/\/www.amchambaq.com\/en\/reforma-laboral-que-viene-tras-su-radicacion-en-el-congreso\/","title":{"rendered":"Reforma laboral: \u00bfqu\u00e9 viene tras su radicaci\u00f3n en el Congreso?"},"content":{"rendered":"<p>En medio de un contexto desafiante para el Congreso por los recientes esc\u00e1ndalos de corrupci\u00f3n que sacuden a la Casa de Nari\u00f1o, la forma en la que se aprob\u00f3 la reforma pensional el semestre pasado o las apretadas cuentas fiscales del Gobierno, entre otras circunstancias, esta semana comenz\u00f3 el segundo round de la reforma laboral, con la radicaci\u00f3n formal del nuevo texto por parte de los ponentes de la iniciativa.<\/p>\n<p>Este proyecto apenas ha logrado la aprobaci\u00f3n parcial de su articulado en primer debate, puesto que se le quit\u00f3 una gran parte en la pasada legislatura, por lo que ahora su tr\u00e1mite no podr\u00e1 demorarse tanto como hasta ahora o corre el riesgo de hundirse nuevamente, pese a que el Gobierno y voceros como Mafe Carrascal, la representante que liderar\u00e1 el proceso, se\u00f1alan que habr\u00e1 un amplio debate.<\/p>\n<p>\u201cEntramos a este segundo debate sin mayores cambios a profundidad porque sabemos que en plenaria va a haber un debate bastante amplio, bastante profundo, m\u00e1s de lo que ya ha habido en a\u00f1o y medio desde que esta reforma entr\u00f3 al Congreso de la Rep\u00fablica, y que si bien en el primer debate hubo 270 proposiciones, sabemos que en el segundo debate va a haber a\u00fan m\u00e1s, porque es una reforma que es muy importante y muy trascendental\u201d, explic\u00f3.<\/p>\n<p>Dentro de los detalles a destacar sobre el documento que se debatir\u00e1 ahora en la Plenaria de la C\u00e1mara, hay que decir que consta de 79 art\u00edculos e incluye 6 nuevos sobre el acompa\u00f1amiento a micro y peque\u00f1as empresas, el aumento del periodo de vacaciones para el personal operativo de los servicios de vigilancia y seguridad privada y la vinculaci\u00f3n de trabajadores dependientes en condiciones de vulnerabilidad. Esto sin olvidar toda la reglamentaci\u00f3n de pactos colectivos que el Gobierno intentar\u00e1 revivir.<\/p>\n<p>\u201cEsta es una ponencia de unidad, es un gran acuerdo de todas las bancadas y esperamos que no se dilate. La recuperaci\u00f3n de la estabilidad laboral y los derechos laborales apremian en beneficio de los trabajadores y empresarios. Es necesario avanzar con este proceso y cumplirle a los colombianos\u201d, agreg\u00f3 Alfredo Mondrag\u00f3n, tambi\u00e9n coordinador del proyecto.<\/p>\n<p><strong>\u00bfQu\u00e9 viene?<\/strong><br \/>\nSeg\u00fan lo dicho por los mismos ponentes de la reforma laboral, teniendo en cuenta que quieren realizar un par de audiencias m\u00e1s sobre los alcances y efectos de la propuesta, esperan que el debate de plenaria de la C\u00e1mara de Representantes se realice a comienzos de septiembre, por lo que el proceso de Senado tendr\u00eda poco menos de tres mese para que se cumplan sin contratiempos.<\/p>\n<p>Entre los puntos claves a debatir sobre este proyecto est\u00e1n las condiciones de la jornada nocturna, que se extender\u00e1 para beneficiar a los trabajadores con mayores recargos; y el incremento gradual del recargo por trabajar en d\u00edas de descanso obligatorio o festivos, que alcanzar\u00e1 el 100% en 2026.<\/p>\n<p>Asimismo, la reforma busca fortalecer los derechos de los trabajadores al modificar las condiciones de los contratos a t\u00e9rmino fijo, aumentando las indemnizaciones por despido sin justa causa y estableciendo un plazo m\u00e1ximo para este tipo de contratos.<\/p>\n<p>Otro aspecto relevante es la formalizaci\u00f3n del trabajo dom\u00e9stico, garantizando mejores condiciones laborales y protecci\u00f3n social para este sector. Adem\u00e1s, se busca promover la igualdad de g\u00e9nero con el aumento de la licencia de paternidad y la implementaci\u00f3n de jornadas flexibles para facilitar la conciliaci\u00f3n laboral y familiar.<\/p>\n<p>Por \u00faltimo, la reforma tambi\u00e9n contempla medidas para prevenir y erradicar la violencia, el acoso y la discriminaci\u00f3n en el mundo laboral, extendiendo la protecci\u00f3n a todos los trabajadores, sin importar su tipo de vinculaci\u00f3n. Con estas modificaciones, dicho por el Mintrabajo, se busca mejorar las condiciones laborales de los colombianos, fortalecer el di\u00e1logo social y promover un entorno laboral m\u00e1s justo y equitativo.<\/p>\n<p>Tomado de: PORTAFOLIO<\/p>","protected":false},"excerpt":{"rendered":"<p>En medio de un contexto desafiante para el Congreso por los recientes esc\u00e1ndalos de corrupci\u00f3n que sacuden a la Casa de Nari\u00f1o, la forma en la que se aprob\u00f3 la reforma pensional el semestre pasado o las apretadas cuentas fiscales del Gobierno, entre otras circunstancias, esta semana comenz\u00f3 el segundo round de la reforma laboral,<\/p>","protected":false},"author":1,"featured_media":12537,"comment_status":"closed","ping_status":"closed","sticky":false,"template":"","format":"standard","meta":{"footnotes":""},"categories":[342,181],"tags":[],"class_list":["post-12536","post","type-post","status-publish","format-standard","has-post-thumbnail","hentry","category-news","category-noticias"],"views":40,"_links":{"self":[{"href":"https:\/\/www.amchambaq.com\/en\/wp-json\/wp\/v2\/posts\/12536","targetHints":{"allow":["GET"]}}],"collection":[{"href":"https:\/\/www.amchambaq.com\/en\/wp-json\/wp\/v2\/posts"}],"about":[{"href":"https:\/\/www.amchambaq.com\/en\/wp-json\/wp\/v2\/types\/post"}],"author":[{"embeddable":true,"href":"https:\/\/www.amchambaq.com\/en\/wp-json\/wp\/v2\/users\/1"}],"replies":[{"embeddable":true,"href":"https:\/\/www.amchambaq.com\/en\/wp-json\/wp\/v2\/comments?post=12536"}],"version-history":[{"count":1,"href":"https:\/\/www.amchambaq.com\/en\/wp-json\/wp\/v2\/posts\/12536\/revisions"}],"predecessor-version":[{"id":12538,"href":"https:\/\/www.amchambaq.com\/en\/wp-json\/wp\/v2\/posts\/12536\/revisions\/12538"}],"wp:featuredmedia":[{"embeddable":true,"href":"https:\/\/www.amchambaq.com\/en\/wp-json\/wp\/v2\/media\/12537"}],"wp:attachment":[{"href":"https:\/\/www.amchambaq.com\/en\/wp-json\/wp\/v2\/media?parent=12536"}],"wp:term":[{"taxonomy":"category","embeddable":true,"href":"https:\/\/www.amchambaq.com\/en\/wp-json\/wp\/v2\/categories?post=12536"},{"taxonomy":"post_tag","embeddable":true,"href":"https:\/\/www.amchambaq.com\/en\/wp-json\/wp\/v2\/tags?post=12536"}],"curies":[{"name":"wp","href":"https:\/\/api.w.org\/{rel}","templated":true}]}}