{"id":12467,"date":"2024-07-22T10:46:33","date_gmt":"2024-07-22T15:46:33","guid":{"rendered":"https:\/\/www.amchambaq.com\/?p=12467"},"modified":"2024-07-22T10:46:33","modified_gmt":"2024-07-22T15:46:33","slug":"santa-marta-se-suma-al-pacto-de-oportunidades-para-el-crecimiento","status":"publish","type":"post","link":"https:\/\/www.amchambaq.com\/en\/santa-marta-se-suma-al-pacto-de-oportunidades-para-el-crecimiento\/","title":{"rendered":"Santa Marta se suma al Pacto de Oportunidades para el crecimiento"},"content":{"rendered":"<p><strong>22 de julio de 2024<\/strong> \u2013 La ciudad de Santa Marta ser\u00e1 ma\u00f1ana el escenario de la firma del &#8220;Pacto por las Oportunidades para el Crecimiento, Unidos por Colombia&#8221;, una importante iniciativa, liderada por la C\u00e1mara Colombo Americana, AmCham, que busca enfrentar los desaf\u00edos econ\u00f3micos de Colombia y, en particular, del departamento del Magdalena, a trav\u00e9s de una estrecha colaboraci\u00f3n entre el sector privado y p\u00fablico.<\/p>\n<p>Este pacto, que ya ha sido firmado en varias regiones del pa\u00eds con la adhesi\u00f3n de m\u00e1s de 300 empresas, pretende establecer una hoja de ruta que permita identificar y aprovechar las oportunidades de desarrollo. Santa Marta ahora se suma a este movimiento con un evento que reunir\u00e1 a l\u00edderes empresariales y autoridades locales.<\/p>\n<p>En este importante encuentro estar\u00e1n Carlos Pinedo, Alcalde de Santa Marta; Mar\u00eda Claudia Lacouture, Presidenta Ejecutiva de AmCham Colombia; Vicky Ib\u00e1\u00f1ez, Directora de AmCham Atl\u00e1ntico y Magdalena, Silvia Medina, Presidenta de la C\u00e1mara de Comercio de Santa Marta, entre otros invitados especiales.<\/p>\n<p>Desde AmCham, extendemos la invitaci\u00f3n a los empresarios del Magdalena a unirse a este espacio. Su participaci\u00f3n ser\u00e1 vital para consolidar una visi\u00f3n compartida de progreso y desarrollo sostenible en la regi\u00f3n.<\/p>\n<p><strong>Fecha<\/strong>: Martes, 23 de julio de 2024 <strong>Hora:<\/strong> 8:30 AM<\/p>\n<p><strong>Lugar:<\/strong> Edificio C\u00e1mara de Comercio, Calle 24 No. 2-66 Santa Marta, Piso 4<\/p>\n<p><strong>Agenda:<\/strong><\/p>\n<p><strong>8:30<\/strong>\u00a0\u00a0 Apertura<\/p>\n<p>Vicky Ib\u00e1\u00f1ez, Directora Ejecutiva<\/p>\n<p>AmCham Atl\u00e1ntico y Magdalena<\/p>\n<p><strong>8:40<\/strong>\u00a0\u00a0 Palabras de bienvenida<\/p>\n<p>Silvia Medina &#8211; C\u00e1mara de Comercio de Santa Marta<\/p>\n<p>Carlos Alberto Pinedo &#8211; Alcalde de Santa Marta<\/p>\n<p><strong>8:50<\/strong>\u00a0\u00a0 Presentaci\u00f3n del Pacto por las Oportunidades de Colombia<\/p>\n<p>Maria Claudia Lacouture, Presidente Ejecutiva<\/p>\n<p>AmCham Colombia<\/p>\n<p><strong>9:30<\/strong>\u00a0\u00a0 Firma simb\u00f3lica del Pacto<\/p>\n<p>(AmCham, Alcald\u00eda, CCSM)<\/p>\n<p><strong>9:35<\/strong>\u00a0\u00a0 Presentaci\u00f3n: Panorama del Comercio Exterior en el Magdalena<\/p>\n<p>Sandra Carvajal, Gerente Regional<\/p>\n<p>Analdex<\/p>\n<p><strong>9:50<\/strong>\u00a0 \u00a0Reforma tributaria 2024: qu\u00e9 podemos esperar?<\/p>\n<p>Felipe Aroca, Socio<\/p>\n<p>Aroca Vives Abogados<\/p>\n<p><strong>10:20<\/strong>\u00a0 Grupos Econ\u00f3micos; Normativa Legal y Financiera<\/p>\n<p>Ignacio Guatibonza, Socio<\/p>\n<p>Baker Tilly<strong>\u00a0 \u00a0 \u00a0 \u00a0 \u00a0 \u00a0 \u00a0 \u00a0 \u00a0 \u00a0 \u00a0 \u00a0 \u00a0 \u00a0 \u00a0 \u00a0 \u00a0 \u00a0 \u00a0 \u00a0 \u00a0 \u00a0<\/strong><\/p>\n<p><strong>CONTACTO<\/strong><\/p>\n<p>comunicaciones@amchambaq.com \u2013 3176573900<\/p>\n<p><strong>REDES SOCIALES<\/strong><\/p>\n<p>Instagram: @amchamatlanticoymagdalena<\/p>\n<p>Linkedin: AmCham Atl\u00e1ntico y Magdalena<\/p>","protected":false},"excerpt":{"rendered":"<p>22 de julio de 2024 \u2013 La ciudad de Santa Marta ser\u00e1 ma\u00f1ana el escenario de la firma del &#8220;Pacto por las Oportunidades para el Crecimiento, Unidos por Colombia&#8221;, una importante iniciativa, liderada por la C\u00e1mara Colombo Americana, AmCham, que busca enfrentar los desaf\u00edos econ\u00f3micos de Colombia y, en particular, del departamento del Magdalena, a<\/p>","protected":false},"author":1,"featured_media":12468,"comment_status":"closed","ping_status":"closed","sticky":false,"template":"","format":"standard","meta":{"footnotes":""},"categories":[342,181],"tags":[],"class_list":["post-12467","post","type-post","status-publish","format-standard","has-post-thumbnail","hentry","category-news","category-noticias"],"views":84,"_links":{"self":[{"href":"https:\/\/www.amchambaq.com\/en\/wp-json\/wp\/v2\/posts\/12467","targetHints":{"allow":["GET"]}}],"collection":[{"href":"https:\/\/www.amchambaq.com\/en\/wp-json\/wp\/v2\/posts"}],"about":[{"href":"https:\/\/www.amchambaq.com\/en\/wp-json\/wp\/v2\/types\/post"}],"author":[{"embeddable":true,"href":"https:\/\/www.amchambaq.com\/en\/wp-json\/wp\/v2\/users\/1"}],"replies":[{"embeddable":true,"href":"https:\/\/www.amchambaq.com\/en\/wp-json\/wp\/v2\/comments?post=12467"}],"version-history":[{"count":1,"href":"https:\/\/www.amchambaq.com\/en\/wp-json\/wp\/v2\/posts\/12467\/revisions"}],"predecessor-version":[{"id":12469,"href":"https:\/\/www.amchambaq.com\/en\/wp-json\/wp\/v2\/posts\/12467\/revisions\/12469"}],"wp:featuredmedia":[{"embeddable":true,"href":"https:\/\/www.amchambaq.com\/en\/wp-json\/wp\/v2\/media\/12468"}],"wp:attachment":[{"href":"https:\/\/www.amchambaq.com\/en\/wp-json\/wp\/v2\/media?parent=12467"}],"wp:term":[{"taxonomy":"category","embeddable":true,"href":"https:\/\/www.amchambaq.com\/en\/wp-json\/wp\/v2\/categories?post=12467"},{"taxonomy":"post_tag","embeddable":true,"href":"https:\/\/www.amchambaq.com\/en\/wp-json\/wp\/v2\/tags?post=12467"}],"curies":[{"name":"wp","href":"https:\/\/api.w.org\/{rel}","templated":true}]}}