{"id":12462,"date":"2024-07-22T10:39:00","date_gmt":"2024-07-22T15:39:00","guid":{"rendered":"https:\/\/www.amchambaq.com\/?p=12462"},"modified":"2024-07-22T10:39:00","modified_gmt":"2024-07-22T15:39:00","slug":"las-importaciones-de-colombia-crecieron-por-segundo-mes-consecutivo","status":"publish","type":"post","link":"https:\/\/www.amchambaq.com\/en\/las-importaciones-de-colombia-crecieron-por-segundo-mes-consecutivo\/","title":{"rendered":"Las importaciones de Colombia crecieron por segundo mes consecutivo"},"content":{"rendered":"<div id=\"body\" class=\"content-article size-m\">\n<p>Luego de haber presentado 15 meses de ca\u00eddas en sus indicadores, las\u00a0<strong>importaciones\u00a0<\/strong>por fin tuvieron un respiro en abril y ahora se traslad\u00f3 a mayo. Y es que de acuerdo con el\u00a0<strong>Departamento Administrativo Nacional de Estad\u00edstica (Dane)<\/strong>, las\u00a0<strong>compras externas\u00a0<\/strong>del pa\u00eds fueron de USD5.535,5 millones y presentaron un crecimiento de 2,2 % con relaci\u00f3n al mismo mes de 2023 cuando sumaron un total de USD5.418,5 millones.<\/p>\n<\/div>\n<div id=\"paragraphs\" class=\"content-article paragraphs size-m\">\n<div id=\"taboola-mid-article-reco-reel\" class=\"trc_related_container trc_spotlight_widget trc_elastic trc_elastic_rec-reel-2n5-b\" data-placement-name=\"Mid Article Reco Reel\">\n<div class=\"trc_rbox_container tbl-reco-reel story-widget tbl-reco-reel-text-under-slide-in story-widget-text-under-slide-in tbl-reco-reel-desktop tbl-story-desktop\">\n<div>\n<div id=\"trc_wrapper_26128\" class=\"trc_rbox rec-reel-2n5-b trc-content-hybrid\">\n<div id=\"trc_header_26128\" class=\"trc_rbox_header trc_rbox_border_elm\">\n<div class=\"trc_header_ext\">\n<p>De acuerdo con el\u00a0<strong>Dane<\/strong>, con base en las declaraciones de importaci\u00f3n registradas ante la\u00a0<strong>Dian<\/strong>, este comportamiento obedeci\u00f3 principalmente al aumento de 10,4 % en las compras de\u00a0<strong>combustibles\u00a0<\/strong>y productos de las\u00a0<strong>industrias extractivas<\/strong>.<\/p>\n<p>En mayo de 2024, las\u00a0<strong>importaciones\u00a0<\/strong>de\u00a0<strong>manufacturas\u00a0<\/strong>participaron con el 72 % del valor total de las\u00a0<strong>importaciones<\/strong>, seguido por los\u00a0<strong>productos agropecuarios<\/strong>,\u00a0<strong>alimentos\u00a0<\/strong>y\u00a0<strong>bebidas\u00a0<\/strong>con 14,8 %, combustibles y productos de las\u00a0<strong>industrias extractivas\u00a0<\/strong>con 13 % y otros sectores con 0,1 %.<\/p>\n<div class=\"field-item odd\">\n<div class=\"entity entity-paragraphs-item paragraphs-item-descripcion\">\n<div class=\"content\">\n<div class=\"field field-name-field-descripcion field-type-text-long field-label-hidden\">\n<div class=\"field-items\">\n<div class=\"field-item even\">\n<p>En el mes de referencia, las importaciones de\u00a0<strong>Colombia\u00a0<\/strong>originarias de\u00a0<strong>Estados Unidos\u00a0<\/strong>fueron las que m\u00e1s participaron con el 27 % del total de las\u00a0<strong>importaciones<\/strong>; le siguieron las compras externas desde\u00a0<strong>China\u00a0<\/strong>(22 %),\u00a0<strong>M\u00e9xico\u00a0<\/strong>(5,7 %),\u00a0<strong>Brasil\u00a0<\/strong>(5,3 %),\u00a0<strong>Alemania\u00a0<\/strong>(3,4 %),\u00a0<strong>Jap\u00f3n\u00a0<\/strong>(2,8 %)e India (2,6 %).<\/p>\n<\/div>\n<\/div>\n<\/div>\n<\/div>\n<\/div>\n<\/div>\n<div class=\"field-item even\">\n<div id=\"relacionado-body\">\n<div class=\"box-title\">Las estad\u00edsticas de\u00a0<strong>importaciones\u00a0<\/strong>registran el ingreso legal de\u00a0<strong>mercanc\u00edas\u00a0<\/strong>originarias de otro pa\u00eds o de una\u00a0<strong>zona franca\u00a0<\/strong>colombiana hacia el territorio aduanero nacional.<\/div>\n<div>\n<p>Estas cifras se producen con base en las declaraciones de importaci\u00f3n, presentadas ante las diferentes administraciones de aduanas del pa\u00eds, y se registran estad\u00edsticamente seg\u00fan la fecha de presentaci\u00f3n ante las entidades financieras autorizadas para recaudar los\u00a0<strong>tributos aduaneros.<\/strong><\/p>\n<p>Los registros de las\u00a0<strong>importaciones\u00a0<\/strong>colombianas son producidos por la<strong>\u00a0Direcci\u00f3n de Impuestos y Aduanas Nacionales (Dian).<\/strong><\/p>\n<p>Por su parte, en mayo de 2024 se registr\u00f3 un d\u00e9ficit en la\u00a0<strong>balanza comercial\u00a0<\/strong>colombiana de USD798,5 millones, mientras que en mayo de 2023 se present\u00f3 un d\u00e9ficit de USD632,5 millones.<\/p>\n<p>La\u00a0<strong>balanza comercial\u00a0<\/strong>es la diferencia que existe entre el total de las\u00a0<strong>exportaciones\u00a0<\/strong>e\u00a0<strong>importaciones\u00a0<\/strong>de un pa\u00eds.<\/p>\n<\/div>\n<\/div>\n<\/div>\n<\/div>\n<\/div>\n<\/div>\n<\/div>\n<\/div>\n<\/div>\n<\/div>","protected":false},"excerpt":{"rendered":"<p>Luego de haber presentado 15 meses de ca\u00eddas en sus indicadores, las\u00a0importaciones\u00a0por fin tuvieron un respiro en abril y ahora se traslad\u00f3 a mayo. Y es que de acuerdo con el\u00a0Departamento Administrativo Nacional de Estad\u00edstica (Dane), las\u00a0compras externas\u00a0del pa\u00eds fueron de USD5.535,5 millones y presentaron un crecimiento de 2,2 % con relaci\u00f3n al mismo mes<\/p>","protected":false},"author":1,"featured_media":12333,"comment_status":"closed","ping_status":"closed","sticky":false,"template":"","format":"standard","meta":{"footnotes":""},"categories":[342,181],"tags":[],"class_list":["post-12462","post","type-post","status-publish","format-standard","has-post-thumbnail","hentry","category-news","category-noticias"],"views":32,"_links":{"self":[{"href":"https:\/\/www.amchambaq.com\/en\/wp-json\/wp\/v2\/posts\/12462","targetHints":{"allow":["GET"]}}],"collection":[{"href":"https:\/\/www.amchambaq.com\/en\/wp-json\/wp\/v2\/posts"}],"about":[{"href":"https:\/\/www.amchambaq.com\/en\/wp-json\/wp\/v2\/types\/post"}],"author":[{"embeddable":true,"href":"https:\/\/www.amchambaq.com\/en\/wp-json\/wp\/v2\/users\/1"}],"replies":[{"embeddable":true,"href":"https:\/\/www.amchambaq.com\/en\/wp-json\/wp\/v2\/comments?post=12462"}],"version-history":[{"count":1,"href":"https:\/\/www.amchambaq.com\/en\/wp-json\/wp\/v2\/posts\/12462\/revisions"}],"predecessor-version":[{"id":12463,"href":"https:\/\/www.amchambaq.com\/en\/wp-json\/wp\/v2\/posts\/12462\/revisions\/12463"}],"wp:featuredmedia":[{"embeddable":true,"href":"https:\/\/www.amchambaq.com\/en\/wp-json\/wp\/v2\/media\/12333"}],"wp:attachment":[{"href":"https:\/\/www.amchambaq.com\/en\/wp-json\/wp\/v2\/media?parent=12462"}],"wp:term":[{"taxonomy":"category","embeddable":true,"href":"https:\/\/www.amchambaq.com\/en\/wp-json\/wp\/v2\/categories?post=12462"},{"taxonomy":"post_tag","embeddable":true,"href":"https:\/\/www.amchambaq.com\/en\/wp-json\/wp\/v2\/tags?post=12462"}],"curies":[{"name":"wp","href":"https:\/\/api.w.org\/{rel}","templated":true}]}}