{"id":12451,"date":"2024-07-15T08:56:48","date_gmt":"2024-07-15T13:56:48","guid":{"rendered":"https:\/\/www.amchambaq.com\/?p=12451"},"modified":"2024-07-15T08:56:48","modified_gmt":"2024-07-15T13:56:48","slug":"biden-y-trump-hacen-llamado-para-atender-la-unidad-tras-intento-de-asesinato","status":"publish","type":"post","link":"https:\/\/www.amchambaq.com\/en\/biden-y-trump-hacen-llamado-para-atender-la-unidad-tras-intento-de-asesinato\/","title":{"rendered":"Biden y Trump hacen llamado para atender la unidad tras intento de asesinato"},"content":{"rendered":"<p><b>Joe Biden y Donald Trump<\/b>\u00a0instaron este domingo a los estadounidenses a mostrar unidad despu\u00e9s de que el ataque contra el republicano puso en vilo a la naci\u00f3n en plena campa\u00f1a electoral para las presidenciales de noviembre.<\/p>\n<p id=\"p608778-m202-2-203\" class=\"parrafo\" spellcheck=\"false\" data-lt-tmp-id=\"lt-765499\" data-gramm=\"false\">El presidente Biden dar\u00e1 un mensaje a la naci\u00f3n este domingo desde el Despacho Oval, despu\u00e9s de que\u00a0<b>su predecesor resultara herido en una oreja<\/b>, la v\u00edspera, en un acto electoral en Butler, Pensilvania. Se trata de un acto que solo suele ocurrir en momentos de grave crisis nacional.<\/p>\n<p id=\"p608778-m208-3-209\" class=\"parrafo\" spellcheck=\"false\" data-lt-tmp-id=\"lt-526324\" data-gramm=\"false\"><i>&#8220;La unidad es el objetivo m\u00e1s dif\u00edcil de alcanzar de todos, pero nada es m\u00e1s importante que eso en este momento&#8221;,\u00a0<\/i>dijo Biden en breves declaraciones desde la Casa Blanca, flanqueado por la vicepresidenta Kamala Harris y su jefe de seguridad nacional.<\/p>\n<p id=\"p608778-m214-4-215\" class=\"parrafo\" spellcheck=\"false\" data-lt-tmp-id=\"lt-567445\" data-gramm=\"false\">El dem\u00f3crata, de 81 a\u00f1os, dijo que mantuvo una\u00a0<i>&#8220;breve, pero buena conversaci\u00f3n&#8221;<\/i>\u00a0el s\u00e1bado con Trump, su n\u00e9mesis pol\u00edtico al que acusa de ser una amenaza para la democracia. Biden dijo que los motivos del autor de los disparos, Thomas Matthew Crooks, de 20 a\u00f1os,\u00a0<b>segu\u00edan siendo desconocidos y pidi\u00f3 que no se hagan conjeturas<\/b>\u00a0sobre sus\u00a0<i>&#8220;afiliaciones&#8221;.<\/i>\u00a0Un mensaje similar al que transmiti\u00f3 Trump, de 78 a\u00f1os, en su plataforma Truth Social el domingo por la ma\u00f1ana.<\/p>\n<p id=\"p608778-m220-5-221\" class=\"parrafo\" spellcheck=\"false\" data-lt-tmp-id=\"lt-620448\" data-gramm=\"false\"><i>&#8220;En este momento, es m\u00e1s importante que nunca que permanezcamos unidos y mostremos nuestro verdadero car\u00e1cter como estadounidenses, permaneciendo fuertes y determinados e impidiendo que la maldad gane&#8221;<\/i>, escribi\u00f3 el magnate, para quien\u00a0<i>&#8220;solo dios impidi\u00f3 que ocurriera lo impensable&#8221;.<\/i>\u00a0La esposa del republicano, Melania, tild\u00f3 al autor de los disparos de\u00a0<i>&#8220;monstruo&#8221;<\/i>. El republicano anunci\u00f3 que viajar\u00e1 este domingo a Milwaukee donde ser\u00e1 coronado candidato presidencial del partido.<\/p>\n<div id=\"p608778-m226-6-227\" class=\"highlighted\">\n<div id=\"m231-230-232\" class=\"tiemposBold3\"><strong>La seguridad, en cuesti\u00f3n<\/strong><\/div>\n<\/div>\n<p id=\"p608778-m238-7-239\" class=\"parrafo\" spellcheck=\"false\" data-lt-tmp-id=\"lt-717680\" data-gramm=\"false\">Francotiradores del Servicio Secreto mataron a Crooks despu\u00e9s de que este realiz\u00f3 los disparos desde\u00a0<b>un tejado de un edificio situado a 150 metros.\u00a0<\/b>Un asistente al mitin muri\u00f3 y otras dos personas resultaron gravemente heridas en el peor acto de violencia pol\u00edtica en Estados Unidos en d\u00e9cadas.<\/p>\n<p id=\"p608778-m244-8-245\" class=\"parrafo\" spellcheck=\"false\" data-lt-tmp-id=\"lt-889701\" data-gramm=\"false\">Biden dijo que hab\u00eda ordenado una revisi\u00f3n completa de la seguridad en el mitin, as\u00ed como en la Convenci\u00f3n Nacional Republicana que tiene lugar esta semana en Milwaukee. Asimismo, el presidente tuvo palabras para la v\u00edctima, Corey Comperatore, que muri\u00f3<i>\u00a0&#8220;protegiendo a su familia de las balas&#8221;.<\/i><\/p>\n<p id=\"p608778-m250-9-251\" class=\"parrafo\" spellcheck=\"false\" data-lt-tmp-id=\"lt-163330\" data-gramm=\"false\">Un d\u00eda despu\u00e9s de lo que estuvo a punto de terminar en tragedia, crec\u00edan los interrogantes sobre el m\u00f3vil de Crooks, cuyo cuerpo qued\u00f3 tendido, seg\u00fan im\u00e1genes de televisi\u00f3n, en el tejado de un edificio vecino.\u00a0<b>Los investigadores encontraron material explosivo en su coche<\/b>, aparcado cerca del lugar de los hechos, seg\u00fan los medios de comunicaci\u00f3n estadounidenses, mientras que el FBI registraba tambi\u00e9n su casa.<\/p>\n<p id=\"p608778-m256-10-257\" class=\"parrafo\" spellcheck=\"false\" data-lt-tmp-id=\"lt-290967\" data-gramm=\"false\">El domingo, el FBI indic\u00f3 que Crooks actu\u00f3 solo y que\u00a0<i>&#8220;no han identificado ninguna ideolog\u00eda&#8221;.<\/i>\u00a0<i>&#8220;En este momento, la informaci\u00f3n que tenemos indica que el autor de los disparos actu\u00f3 solo&#8221;<\/i>, dijo Kevin Rojek, agente del FBI en Pensilvania. Tambi\u00e9n trascendi\u00f3 que el arma utilizada es un\u00a0<i>&#8220;rifle AR 556&#8221;<\/i>\u00a0comprado legalmente y se investiga\u00a0<i>&#8220;esto como un intento de asesinato, pero tambi\u00e9n lo consideramos un posible acto de terrorismo interno&#8221;,<\/i>\u00a0dijo por su parte Robert Wells, subdirector de la divisi\u00f3n antiterrorista del FBI.<\/p>\n<p id=\"p608778-m262-11-263\" class=\"parrafo\" spellcheck=\"false\" data-lt-tmp-id=\"lt-197894\" data-gramm=\"false\">El padre del tirador, Matthew Crooks, declar\u00f3 a la CNN que estaba tratando de procesar\u00a0<i>&#8220;lo que estaba pasando&#8221;<\/i>. El atentado, que ha conmocionado a un pa\u00eds sacudido habitualmente por la violencia de las armas,\u00a0<b>tambi\u00e9n suscit\u00f3 cr\u00edticas sobre la seguridad que rodea a Trump<\/b>, por tanto objeto de un enorme dispositivo de protecci\u00f3n del Servicio Secreto.<\/p>\n<p id=\"p608778-m268-12-269\" class=\"parrafo\" spellcheck=\"false\" data-lt-tmp-id=\"lt-667352\" data-gramm=\"false\">El portavoz del Servicio Secreto, Anthony Guglielmi, rechaz\u00f3 las afirmaciones\u00a0<i>&#8220;absolutamente falsas&#8221;<\/i>\u00a0de que se hab\u00eda denegado protecci\u00f3n adicional a Trump antes del mitin.<\/p>\n<div id=\"p608778-m274-13-275\" class=\"highlighted\">\n<div id=\"m279-278-280\" class=\"tiemposBold3\"><strong>Estupor en el mundo<\/strong><\/div>\n<\/div>\n<p id=\"p608778-m286-14-287\" class=\"parrafo\" spellcheck=\"false\" data-lt-tmp-id=\"lt-386516\" data-gramm=\"false\">El atentado contra Trump caus\u00f3 estupor en todo el mundo, donde los principales l\u00edderes lo condenaron, entre ellos el secretario general de la ONU, Ant\u00f3nio Guterres.\u00a0<b>La familia de Trump ya ha empezado a difundir las im\u00e1genes del expresidente<\/b>\u00a0desafiante levantando el pu\u00f1o ante la multitud tras el tiroteo.<\/p>\n<p id=\"p608778-m292-15-293\" class=\"parrafo\" spellcheck=\"false\" data-lt-tmp-id=\"lt-362579\" data-gramm=\"false\"><i>&#8220;Me dispararon con una bala que me perfor\u00f3 la parte superior de la oreja derecha&#8221;\u00a0<\/i>y o\u00ed un\u00a0<i>&#8220;zumbido&#8221;,<\/i>\u00a0cont\u00f3 Trump despu\u00e9s. El atentado ha desatado teor\u00edas conspirativas y acusaciones por parte de los republicanos, en la ya de por s\u00ed polarizada carrera electoral.<\/p>\n<p id=\"p608778-m298-16-299\" class=\"parrafo\" spellcheck=\"false\" data-lt-tmp-id=\"lt-613764\" data-gramm=\"false\">El posible candidato a la vicepresidencia de Trump, J.D. Vance, dijo que la<i>\u00a0&#8220;ret\u00f3rica&#8221;\u00a0<\/i>de Biden hab\u00eda\u00a0<i>&#8220;conducido directamente&#8221;<\/i>\u00a0al ataque contra Trump.<\/p>\n<p id=\"p608778-m304-17-305\" class=\"parrafo\" spellcheck=\"false\" data-lt-tmp-id=\"lt-724577\" data-gramm=\"false\">Estados Unidos tiene un largo historial de violencia pol\u00edtica y los presidentes, expresidentes y candidatos cuentan con estrictas medidas de seguridad.\u00a0<b>El presidente John F. Kennedy fue asesinado en 1963<\/b>, mientras que Ronald Reagan fue tiroteado, pero sobrevivi\u00f3 a un intento de asesinato en 1981<\/p>\n<p spellcheck=\"false\" data-lt-tmp-id=\"lt-724577\" data-gramm=\"false\">Tomado de PORTAFOLIO<\/p>","protected":false},"excerpt":{"rendered":"<p>Joe Biden y Donald Trump\u00a0instaron este domingo a los estadounidenses a mostrar unidad despu\u00e9s de que el ataque contra el republicano puso en vilo a la naci\u00f3n en plena campa\u00f1a electoral para las presidenciales de noviembre. El presidente Biden dar\u00e1 un mensaje a la naci\u00f3n este domingo desde el Despacho Oval, despu\u00e9s de que\u00a0su predecesor<\/p>","protected":false},"author":1,"featured_media":12452,"comment_status":"closed","ping_status":"closed","sticky":false,"template":"","format":"standard","meta":{"footnotes":""},"categories":[342,181],"tags":[],"class_list":["post-12451","post","type-post","status-publish","format-standard","has-post-thumbnail","hentry","category-news","category-noticias"],"views":43,"_links":{"self":[{"href":"https:\/\/www.amchambaq.com\/en\/wp-json\/wp\/v2\/posts\/12451","targetHints":{"allow":["GET"]}}],"collection":[{"href":"https:\/\/www.amchambaq.com\/en\/wp-json\/wp\/v2\/posts"}],"about":[{"href":"https:\/\/www.amchambaq.com\/en\/wp-json\/wp\/v2\/types\/post"}],"author":[{"embeddable":true,"href":"https:\/\/www.amchambaq.com\/en\/wp-json\/wp\/v2\/users\/1"}],"replies":[{"embeddable":true,"href":"https:\/\/www.amchambaq.com\/en\/wp-json\/wp\/v2\/comments?post=12451"}],"version-history":[{"count":1,"href":"https:\/\/www.amchambaq.com\/en\/wp-json\/wp\/v2\/posts\/12451\/revisions"}],"predecessor-version":[{"id":12453,"href":"https:\/\/www.amchambaq.com\/en\/wp-json\/wp\/v2\/posts\/12451\/revisions\/12453"}],"wp:featuredmedia":[{"embeddable":true,"href":"https:\/\/www.amchambaq.com\/en\/wp-json\/wp\/v2\/media\/12452"}],"wp:attachment":[{"href":"https:\/\/www.amchambaq.com\/en\/wp-json\/wp\/v2\/media?parent=12451"}],"wp:term":[{"taxonomy":"category","embeddable":true,"href":"https:\/\/www.amchambaq.com\/en\/wp-json\/wp\/v2\/categories?post=12451"},{"taxonomy":"post_tag","embeddable":true,"href":"https:\/\/www.amchambaq.com\/en\/wp-json\/wp\/v2\/tags?post=12451"}],"curies":[{"name":"wp","href":"https:\/\/api.w.org\/{rel}","templated":true}]}}