{"id":12430,"date":"2024-07-08T08:55:01","date_gmt":"2024-07-08T13:55:01","guid":{"rendered":"https:\/\/www.amchambaq.com\/?p=12430"},"modified":"2024-07-08T08:55:01","modified_gmt":"2024-07-08T13:55:01","slug":"gobierno-investigara-subsidios-a-la-importacion-de-leche-en-polvo-de-ee-uu","status":"publish","type":"post","link":"https:\/\/www.amchambaq.com\/en\/gobierno-investigara-subsidios-a-la-importacion-de-leche-en-polvo-de-ee-uu\/","title":{"rendered":"Gobierno investigar\u00e1 subsidios a la importaci\u00f3n de leche en polvo de EE. UU."},"content":{"rendered":"<div id=\"body\" class=\"content-article size-m\">\n<p>El\u00a0<strong>Gobierno nacional\u00a0<\/strong>encontr\u00f3 m\u00e9rito suficiente para abrir una\u00a0<strong>investigaci\u00f3n\u00a0<\/strong>por la importaci\u00f3n de leche en polvo subsidiada desde\u00a0<strong>Estados Unidos<\/strong>.<\/p>\n<\/div>\n<div id=\"paragraphs\" class=\"content-article paragraphs size-m\">\n<div id=\"taboola-mid-article-reco-reel\" class=\"trc_related_container trc_spotlight_widget trc_elastic trc_elastic_rec-reel-2n5-b\" data-placement-name=\"Mid Article Reco Reel\">\n<div class=\"trc_rbox_container tbl-reco-reel story-widget tbl-reco-reel-text-under-slide-in story-widget-text-under-slide-in tbl-reco-reel-desktop tbl-story-desktop\">\n<div>\n<div id=\"trc_wrapper_40378\" class=\"trc_rbox rec-reel-2n5-b trc-content-hybrid\">\n<div id=\"trc_header_40378\" class=\"trc_rbox_header trc_rbox_border_elm\">\n<div class=\"trc_header_ext\">\n<p>En el 2023 el<strong>\u00a0Ministerio de Comercio<\/strong>, inici\u00f3 una evaluaci\u00f3n porque evidenci\u00f3 que hay un aumento considerable y sostenido en la\u00a0<strong>importaci\u00f3n\u00a0<\/strong>de ese producto desde ese pa\u00eds, en la medida en que avanza el cronograma de desgravaci\u00f3n.<\/p>\n<p>En el 2026 este alimento podr\u00e1 ingresar a\u00a0<strong>Colombia\u00a0<\/strong>desde ese mercado, sin arancel, esto en virtud del\u00a0<strong>Acuerdo Comercial\u00a0<\/strong>que tienen los dos pa\u00edses vigentes desde 2012.<\/p>\n<p>Dice el Gobierno que en el proceso de esa evaluaci\u00f3n se encontr\u00f3 que el ingreso a\u00a0<strong>Colombia\u00a0<\/strong>de<strong>\u00a0leche en polvo\u00a0<\/strong>subsidiada originaria de\u00a0<strong>Estados Unidos\u00a0<\/strong>aument\u00f3 en 862 % entre 2012 y 2023, lo que impact\u00f3 la producci\u00f3n colombiana de este alimento que apenas creci\u00f3 8,8 % en el mismo periodo.<\/p>\n<p>\u201cEste es un producto esencial en la\u00a0<strong>econom\u00eda campesina\u00a0<\/strong>de\u00a0<strong>Colombia\u00a0<\/strong>y hace parte de la base alimentaria de los\u00a0<strong>hogares\u00a0<\/strong>en todos los eslabones de la cadena\u201d, dijo el\u00a0<strong>ministro de Comercio, Luis Carlos Reyes.<\/strong><\/p>\n<p>En ese sentido, agreg\u00f3 que precisamente el\u00a0<strong>Gobierno\u00a0<\/strong>tiene la facultad para expedir normas que regulen el\u00a0<strong>comercio internacional\u00a0<\/strong>y permitan a la econom\u00eda colombiana superar coyunturas externas, esto en el marco de una norma sobre la aplicaci\u00f3n de derechos compensatorios (Decreto 653 de 2022).<\/p>\n<p><strong>Luis Carlos Reyes<\/strong>, record\u00f3 que en el\u00a0<strong>Gobierno\u00a0<\/strong>se promueve e impulsa un comercio justo y equilibrado, la\u00a0<strong>producci\u00f3n nacional\u00a0<\/strong>de bienes con valor agregado, la\u00a0<strong>inversi\u00f3n\u00a0<\/strong>y los encadenamientos productivos.<\/p>\n<p>\u201cEl\u00a0<strong>Ministerio\u00a0<\/strong>espera completar el proceso dentro de un marco de tiempo razonable y proporcionar\u00e1 actualizaciones peri\u00f3dicas, en la medida que avance la investigaci\u00f3n\u201d, detall\u00f3 Reyes.<\/p>\n<\/div>\n<\/div>\n<\/div>\n<\/div>\n<\/div>\n<\/div>\n<\/div>","protected":false},"excerpt":{"rendered":"<p>El\u00a0Gobierno nacional\u00a0encontr\u00f3 m\u00e9rito suficiente para abrir una\u00a0investigaci\u00f3n\u00a0por la importaci\u00f3n de leche en polvo subsidiada desde\u00a0Estados Unidos. En el 2023 el\u00a0Ministerio de Comercio, inici\u00f3 una evaluaci\u00f3n porque evidenci\u00f3 que hay un aumento considerable y sostenido en la\u00a0importaci\u00f3n\u00a0de ese producto desde ese pa\u00eds, en la medida en que avanza el cronograma de desgravaci\u00f3n. En el 2026 este<\/p>","protected":false},"author":1,"featured_media":12431,"comment_status":"closed","ping_status":"closed","sticky":false,"template":"","format":"standard","meta":{"footnotes":""},"categories":[342,181],"tags":[],"class_list":["post-12430","post","type-post","status-publish","format-standard","has-post-thumbnail","hentry","category-news","category-noticias"],"views":40,"_links":{"self":[{"href":"https:\/\/www.amchambaq.com\/en\/wp-json\/wp\/v2\/posts\/12430","targetHints":{"allow":["GET"]}}],"collection":[{"href":"https:\/\/www.amchambaq.com\/en\/wp-json\/wp\/v2\/posts"}],"about":[{"href":"https:\/\/www.amchambaq.com\/en\/wp-json\/wp\/v2\/types\/post"}],"author":[{"embeddable":true,"href":"https:\/\/www.amchambaq.com\/en\/wp-json\/wp\/v2\/users\/1"}],"replies":[{"embeddable":true,"href":"https:\/\/www.amchambaq.com\/en\/wp-json\/wp\/v2\/comments?post=12430"}],"version-history":[{"count":1,"href":"https:\/\/www.amchambaq.com\/en\/wp-json\/wp\/v2\/posts\/12430\/revisions"}],"predecessor-version":[{"id":12432,"href":"https:\/\/www.amchambaq.com\/en\/wp-json\/wp\/v2\/posts\/12430\/revisions\/12432"}],"wp:featuredmedia":[{"embeddable":true,"href":"https:\/\/www.amchambaq.com\/en\/wp-json\/wp\/v2\/media\/12431"}],"wp:attachment":[{"href":"https:\/\/www.amchambaq.com\/en\/wp-json\/wp\/v2\/media?parent=12430"}],"wp:term":[{"taxonomy":"category","embeddable":true,"href":"https:\/\/www.amchambaq.com\/en\/wp-json\/wp\/v2\/categories?post=12430"},{"taxonomy":"post_tag","embeddable":true,"href":"https:\/\/www.amchambaq.com\/en\/wp-json\/wp\/v2\/tags?post=12430"}],"curies":[{"name":"wp","href":"https:\/\/api.w.org\/{rel}","templated":true}]}}