{"id":12404,"date":"2024-06-28T09:56:41","date_gmt":"2024-06-28T14:56:41","guid":{"rendered":"https:\/\/www.amchambaq.com\/?p=12404"},"modified":"2024-06-28T09:56:41","modified_gmt":"2024-06-28T14:56:41","slug":"debate-presidencial-en-eeuu-biden-y-trump-exhibieron-sus-diferencias-en-el-primer-cruce-antes-de-las-elecciones","status":"publish","type":"post","link":"https:\/\/www.amchambaq.com\/en\/debate-presidencial-en-eeuu-biden-y-trump-exhibieron-sus-diferencias-en-el-primer-cruce-antes-de-las-elecciones\/","title":{"rendered":"Debate presidencial en EEUU: Biden y Trump exhibieron sus diferencias en el primer cruce antes de las elecciones"},"content":{"rendered":"<p class=\"paragraph\" data-mrf-recirculation=\"Links inline\">(Desde Atlanta, Estados Unidos)\u00a0<b>Joe Biden\u00a0<\/b>y\u00a0<b>Donald Trump<\/b>\u00a0protagonizaron un\u00a0<b>tenso debate<\/b>\u00a0que exhibi\u00f3 sus\u00a0<b>profundas diferencias<\/b>\u00a0en la agenda dom\u00e9stica y en la pol\u00edtica exterior. Biden y Trump\u00a0<b>fueron fieles<\/b>\u00a0a su base electoral y a sus ideas personales, en una confrontaci\u00f3n p\u00fablica que\u00a0<b>no arroj\u00f3 ventajas decisivas<\/b>\u00a0para ninguno de los dos candidatos que aspiran a la reelecci\u00f3n presidencial.<\/p>\n<div class=\"news-module\" data-mrf-recirculation=\"IL_GBLs3HYWRq2RgU4Qz8MM1Q\" data-testid=\"text-html\" data-mrf-experience=\"IL_GBLs3HYWRq2RgU4Qz8MM1Q\">\n<div class=\"recommended-card__image-container\">\n<p class=\"paragraph\" data-mrf-recirculation=\"Links inline\">Biden y Trump son\u00a0<i>antagonistas perpetuos<\/i>, y en el primer segundo del debate qued\u00f3 reflejado lo que piensa uno del otro:\u00a0<b>no se dieron la mano\u00a0<\/b>cuando se encontraron en el estudio de la\u00a0<i>CNN<\/i>. Primero lleg\u00f3 el presidente de los\u00a0<b>Estados Unidos<\/b>, y a continuaci\u00f3n su antecesor.\u00a0<b>Se miraron de reojo<\/b>, y nada m\u00e1s. Llevan m\u00e1s de cuatro a\u00f1os de batalla personal a la distancia.<\/p>\n<div class=\"inline ad-wrapper\">\n<div class=\"dfpAd ad-inline\">\n<div id=\"infobae\/estados-unidos\/nota\/inline\" class=\"infobae\/estados-unidos\/nota\/inline arcad\" data-google-query-id=\"CLzy5qzG_oYDFU0KTwgdqVwFkA\">\n<p class=\"paragraph\" data-mrf-recirculation=\"Links inline\">Desde el principio qued\u00f3 al descubierto\u00a0<b>como se hab\u00edan preparado para el debate<\/b>. Biden\u00a0<b>enumeraba<\/b>\u00a0los temas y se ce\u00f1\u00eda a su gui\u00f3n entrenado -una y otra vez- en Camp David. Trump, en cambio, sab\u00eda los argumentos a desplegar pero\u00a0<b>confiaba<\/b>\u00a0en su capacidad de improvisaci\u00f3n.<\/p>\n<div class=\"news-module\" data-mrf-recirculation=\"IL_m3kiGo-8SVS6m0U7OqrZLw\" data-testid=\"text-html\" data-mrf-experience=\"IL_m3kiGo-8SVS6m0U7OqrZLw\">\n<div class=\"recommended-card__image-container\">\n<p class=\"paragraph\" data-mrf-recirculation=\"Links inline\">Cuando Biden hablaba, Trump sonre\u00eda y gesticulaba. Y si era el turno del candidato republicano, su adversario lo miraba de costado y sonre\u00eda para desaprobar cada una de sus palabras.\u00a0<b>Los dos respetaron las reglas de juego,<\/b>\u00a0no agraviaron a los periodistas\u00a0<b>Dana Bash\u00a0<\/b>y\u00a0<b>Jake Tapper<\/b>, y no tomaron una gota de agua cuando estuvieron al aire.<\/p>\n<p class=\"paragraph\" data-mrf-recirculation=\"Links inline\">El debate se inici\u00f3 con una pregunta de Tapper a Biden<b>\u00a0sobre la econom\u00eda<\/b>\u00a0y el presidente defendi\u00f3 su programa de gobierno, mientras que Trump asegur\u00f3 que\u00a0<b>la inflaci\u00f3n est\u00e1 fuera de control<\/b>. Fueron miradas opuestas, en un tema clave que\u00a0<b>se repetir\u00e1\u00a0<\/b>hasta los comicios del 5 de noviembre.<\/p>\n<div class=\"news-module\" data-mrf-recirculation=\"IL_wLyG9sjfRQKb8QO3fSLumw\" data-testid=\"text-html\" data-mrf-experience=\"IL_wLyG9sjfRQKb8QO3fSLumw\">\n<div class=\"recommended-card__image-container\">\n<p class=\"paragraph\" data-mrf-recirculation=\"Links inline\">El segundo cruce entre Biden y Trump fue\u00a0<b>sobre el aborto<\/b>. Cada uno habl\u00f3 a sus electores, pero el candidato republicano\u00a0<b>se mostr\u00f3 m\u00e1s indulgente<\/b> sobre este derecho, que fue limitado por ciertos miembros de la Corte Suprema designados durante la administraci\u00f3n Trump.<\/p>\n<p class=\"paragraph\" data-mrf-recirculation=\"Links inline\">La migraci\u00f3n indocumentada\u00a0<b>aparece en primer lugar<\/b>\u00a0en todas las encuestas p\u00fablicas que hacen desde enero de 2024. Los desplazados de\u00a0<b>Am\u00e9rica Latina\u00a0<\/b>que se concentran en la frontera sur de Estados Unidos\u00a0<b>preocupan<\/b>\u00a0a Biden y es un<b>\u00a0argumento<\/b>\u00a0de campa\u00f1a de Trump.<\/p>\n<p class=\"paragraph\" data-mrf-recirculation=\"Links inline\"><b>Es parad\u00f3jico<\/b>, pero Biden utiliz\u00f3 argumentos jur\u00eddicos ya aplicados por Trump en su mandato para\u00a0<b>aplacar<\/b>\u00a0la cantidad de migrantes que pretenden cruzar el r\u00edo Bravo sin documentaci\u00f3n. \u201c<b>La situaci\u00f3n en la frontera ha resultado en numerosas muertes y cr\u00edmenes cometidos por inmigrantes ilegales<\/b>\u201d, asegur\u00f3 Trump durante el debate.<\/p>\n<p class=\"paragraph\" data-mrf-recirculation=\"Links inline\">Biden desminti\u00f3 esa afirmaci\u00f3n y asegur\u00f3 que la migraci\u00f3n hab\u00eda bajado un 40 por ciento desde la implementaci\u00f3n de sus \u00faltimas medidas.<\/p>\n<p class=\"paragraph\" data-mrf-recirculation=\"Links inline\">\u201c<b>No hay datos que respalden lo que dijo. Una vez m\u00e1s, est\u00e1 exagerando\u201d,\u00a0<\/b>dijo el presidente de los Estados Unidos.<\/p>\n<p class=\"paragraph\" data-mrf-recirculation=\"Links inline\">Como sucedi\u00f3 con la discusi\u00f3n del aborto y la econom\u00eda, Biden y Trump desplegaron sus argumentos sobre migraci\u00f3n y\u00a0<b>ninguno tropez\u00f3<\/b>. Se dirigieron a su p\u00fablico electoral con un tono amplio para tratar de sumar al voto independiente.<\/p>\n<p class=\"paragraph\" data-mrf-recirculation=\"Links inline\">La cuenta es clara: el candidato republicano\u00a0<b>supera<\/b>\u00a0a su adversario dem\u00f3crata en las encuestas por un porcentaje que est\u00e1 en\u00a0<b>el error t\u00e9cnico,<\/b>\u00a0y los dos necesitan cruzar ese umbral para triunfar en los comicios de noviembre. Tienen\u00a0<b>cinco meses<\/b> para cumplir ese cometido.<\/p>\n<p class=\"paragraph\" data-mrf-recirculation=\"Links inline\">Por un momento, el debate dej\u00f3 entre par\u00e9ntesis la agenda dom\u00e9stica y avanz\u00f3 sobre asuntos de pol\u00edtica exterior. Trump\u00a0<b>fue muy cr\u00edtico<\/b>\u00a0del protagonismo que tiene Estados Unidos en la guerra que libra Ucrania contra Rusia y en el conflicto en Medio Oriente tras el ataque terrorista de Hamas a Israel.<\/p>\n<p class=\"paragraph\" data-mrf-recirculation=\"Links inline\">La perspectiva del candidato republicano es que\u00a0<b>Washington perdi\u00f3 peso\u00a0<\/b>en el escenario global y que\u00a0<b>esa falencia geopol\u00edtica<\/b>\u00a0dio lugar a la invasi\u00f3n rusa a Ucrania y a los actos terroristas que ejecuta Ir\u00e1n a trav\u00e9s de Hamas.<\/p>\n<p class=\"paragraph\" data-mrf-recirculation=\"Links inline\"><b>\u201cMe llevo bien con (Vladimir) Putin<\/b>, pero a m\u00ed no me sac\u00f3 tierras como hizo con Obama y Biden\u201d, asegur\u00f3 Trump.<\/p>\n<p class=\"paragraph\" data-mrf-recirculation=\"Links inline\">Biden le contest\u00f3: \u201cS\u00ed quieres una guerra deja que Putin avance y tome Kiev.\u00a0<b>Ah\u00ed vas a tener una guerra\u201d<\/b>.<\/p>\n<p class=\"paragraph\" data-mrf-recirculation=\"Links inline\">Este cap\u00edtulo de pol\u00edtica exterior se complet\u00f3 con la mirada de ambos candidatos sobre\u00a0<b>el conflicto en Medio Oriente.<\/b>\u00a0Biden\u00a0<b>defendi\u00f3<\/b>\u00a0su agenda con Israel, que incluye el cese del fuego en Gaza, mientras que Trump\u00a0<b>descalific\u00f3<\/b>\u00a0la estrategia diplom\u00e1tica de la administraci\u00f3n dem\u00f3crata.<\/p>\n<p class=\"paragraph\" data-mrf-recirculation=\"Links inline\">La hoja de ruta internacional de Estados Unidos -m\u00e1s que nada la guerra entre Israel y Hamas-\u00a0<b>afecta<\/b>\u00a0las aspiraciones electorales de Biden. Miles de j\u00f3venes que lo votaron en 2020 -cuando propon\u00eda una novedosa agenda verde- ahora\u00a0<b>optaron\u00a0<\/b>por tomar distancia frente a la postura que defiende la Casa Blanca en Gaza.<\/p>\n<p class=\"paragraph\" data-mrf-recirculation=\"Links inline\"><b>Trump no perdi\u00f3 ni gan\u00f3 votos<\/b>\u00a0hablando sobre<b>\u00a0Medio Oriente<\/b>\u00a0y Ucrania. En cambio, los argumentos de Biden sobre la situaci\u00f3n en La Franja y la ofensiva de Israel\u00a0<b>s\u00f3lo habr\u00edan servido<\/b> para ratificar que ese volumen electoral ya no regresar\u00e1 al territorio dem\u00f3crata.<\/p>\n<p class=\"paragraph\" data-mrf-recirculation=\"Links inline\">La tensi\u00f3n pol\u00edtica alcanz\u00f3 su cenit cuando\u00a0<b>Biden acus\u00f3 a Trump de delincuente<\/b>\u00a0y\u00a0<b>Trump le solicit\u00f3 que se hiciera un an\u00e1lisis cognitivo\u00a0<\/b>para determinar si la edad afecta su toma de decisiones como jefe de Estado.<\/p>\n<p class=\"paragraph\" data-mrf-recirculation=\"Links inline\">\u201cLa \u00fanica persona en este escenario que es un<b>\u00a0delincuente convicto<\/b>\u00a0es el hombre al que estoy mirando ahora mismo. Y el hecho es que lo que \u00e9l est\u00e1 diciendo simplemente no es verdad\u201d, sostuvo el presidente dem\u00f3crata.<\/p>\n<p class=\"paragraph\" data-mrf-recirculation=\"Links inline\">\u201cYo tom\u00e9 dos pruebas cognitivas, y\u00a0<b>las aprob\u00e9 como saben<\/b>. \u00c9l (por Biden) no tom\u00f3 ninguna.\u00a0<b>Me gustar\u00eda verlo tomar una,<\/b>\u00a0solo una, una realmente f\u00e1cil, como pasar las primeras cinco preguntas.\u00a0<b>No podr\u00eda hacerlo\u201d<\/b>, opin\u00f3 el expresidente republicano.<\/p>\n<p class=\"paragraph\" data-mrf-recirculation=\"Links inline\"><b>Este tramo del debate fue clave para Biden<\/b>. Su estrategia electoral es\u00a0<b>demostrar\u00a0<\/b>que Trump es un peligro para la democracia, alegando que tuvo vinculaci\u00f3n con el asalto al Capitolio y que fue condenado por haber cometido 34 casos de corrupci\u00f3n vinculados a una porno star.<\/p>\n<p class=\"paragraph\" data-mrf-recirculation=\"Links inline\">Tras 90 minutos de tensi\u00f3n constante, Biden y Trump hicieron sus discursos de cierre. El ex presidente\u00a0<b>propuso\u00a0<\/b>una agenda hacia adelante, y su antecesor\u00a0<b>volvi\u00f3\u00a0<\/b>a cuestionar los resultados de la administraci\u00f3n dem\u00f3crata.<\/p>\n<p class=\"paragraph\" data-mrf-recirculation=\"Links inline\"><b>No se sacaron ventaja en todo el debate.<\/b><\/p>\n<p class=\"paragraph\" data-mrf-recirculation=\"Links inline\">Y la historia se repiti\u00f3 como un h\u00e1bito pol\u00edtico: cuando se apagaron por un instante las luces del estudio, Biden y Trump evitaron el saludo protocolar y<b>\u00a0se ignoraron mutuamente.<\/b><\/p>\n<\/div>\n<\/div>\n<\/div>\n<\/div>\n<\/div>\n<\/div>\n<\/div>\n<\/div>\n<\/div>","protected":false},"excerpt":{"rendered":"<p>(Desde Atlanta, Estados Unidos)\u00a0Joe Biden\u00a0y\u00a0Donald Trump\u00a0protagonizaron un\u00a0tenso debate\u00a0que exhibi\u00f3 sus\u00a0profundas diferencias\u00a0en la agenda dom\u00e9stica y en la pol\u00edtica exterior. Biden y Trump\u00a0fueron fieles\u00a0a su base electoral y a sus ideas personales, en una confrontaci\u00f3n p\u00fablica que\u00a0no arroj\u00f3 ventajas decisivas\u00a0para ninguno de los dos candidatos que aspiran a la reelecci\u00f3n presidencial. Biden y Trump son\u00a0antagonistas perpetuos,<\/p>","protected":false},"author":1,"featured_media":12405,"comment_status":"closed","ping_status":"closed","sticky":false,"template":"","format":"standard","meta":{"footnotes":""},"categories":[342,181],"tags":[],"class_list":["post-12404","post","type-post","status-publish","format-standard","has-post-thumbnail","hentry","category-news","category-noticias"],"views":31,"_links":{"self":[{"href":"https:\/\/www.amchambaq.com\/en\/wp-json\/wp\/v2\/posts\/12404","targetHints":{"allow":["GET"]}}],"collection":[{"href":"https:\/\/www.amchambaq.com\/en\/wp-json\/wp\/v2\/posts"}],"about":[{"href":"https:\/\/www.amchambaq.com\/en\/wp-json\/wp\/v2\/types\/post"}],"author":[{"embeddable":true,"href":"https:\/\/www.amchambaq.com\/en\/wp-json\/wp\/v2\/users\/1"}],"replies":[{"embeddable":true,"href":"https:\/\/www.amchambaq.com\/en\/wp-json\/wp\/v2\/comments?post=12404"}],"version-history":[{"count":1,"href":"https:\/\/www.amchambaq.com\/en\/wp-json\/wp\/v2\/posts\/12404\/revisions"}],"predecessor-version":[{"id":12406,"href":"https:\/\/www.amchambaq.com\/en\/wp-json\/wp\/v2\/posts\/12404\/revisions\/12406"}],"wp:featuredmedia":[{"embeddable":true,"href":"https:\/\/www.amchambaq.com\/en\/wp-json\/wp\/v2\/media\/12405"}],"wp:attachment":[{"href":"https:\/\/www.amchambaq.com\/en\/wp-json\/wp\/v2\/media?parent=12404"}],"wp:term":[{"taxonomy":"category","embeddable":true,"href":"https:\/\/www.amchambaq.com\/en\/wp-json\/wp\/v2\/categories?post=12404"},{"taxonomy":"post_tag","embeddable":true,"href":"https:\/\/www.amchambaq.com\/en\/wp-json\/wp\/v2\/tags?post=12404"}],"curies":[{"name":"wp","href":"https:\/\/api.w.org\/{rel}","templated":true}]}}