{"id":12373,"date":"2024-06-21T08:41:40","date_gmt":"2024-06-21T13:41:40","guid":{"rendered":"https:\/\/www.amchambaq.com\/?p=12373"},"modified":"2024-06-21T08:41:40","modified_gmt":"2024-06-21T13:41:40","slug":"las-importaciones-se-recuperaron-cortando-15-meses-de-indicadores-en-rojo","status":"publish","type":"post","link":"https:\/\/www.amchambaq.com\/en\/las-importaciones-se-recuperaron-cortando-15-meses-de-indicadores-en-rojo\/","title":{"rendered":"Las importaciones se recuperaron cortando 15 meses de indicadores en rojo"},"content":{"rendered":"<div id=\"body\" class=\"content-article size-m\">\n<p>Las\u00a0<strong>importaciones\u00a0<\/strong>de\u00a0<strong>Colombia\u00a0<\/strong>por fin tuvieron respiro tras 15 meses de indicadores negativos. Y es que de acuerdo con el<strong>\u00a0Departamento Administrativo Nacional de Estad\u00edstica (Dane)<\/strong>\u00a0con base en datos de la<strong>\u00a0Direcci\u00f3n de Impuestos y Aduanas Nacionales (Dian)<\/strong>, estas compras externas en el mes de\u00a0<strong>abril\u00a0<\/strong>fueron de USD5.839,4 millones y presentaron un crecimiento de 18,1% con relaci\u00f3n al mismo mes de 2023.<\/p>\n<\/div>\n<div id=\"paragraphs\" class=\"content-article paragraphs size-m\">\n<div id=\"taboola-mid-article-reco-reel\" class=\"trc_related_container trc_spotlight_widget trc_elastic trc_elastic_rec-reel-2n5-b\" data-placement-name=\"Mid Article Reco Reel\">\n<div class=\"trc_rbox_container tbl-reco-reel story-widget tbl-reco-reel-text-under-slide-in story-widget-text-under-slide-in tbl-reco-reel-desktop tbl-story-desktop\">\n<div>\n<div id=\"trc_wrapper_12190\" class=\"trc_rbox rec-reel-2n5-b trc-content-hybrid\">\n<div id=\"trc_header_12190\" class=\"trc_rbox_header trc_rbox_border_elm\">\n<div class=\"trc_header_ext\">\n<p>De acuerdo con el informe, este comportamiento obedeci\u00f3 principalmente al aumento de 19,5 % en los productos de\u00a0<strong>manufacturas<\/strong>.<\/p>\n<p>En abril de 2024, las\u00a0<strong>importaciones\u00a0<\/strong>de\u00a0<strong>manufacturas\u00a0<\/strong>participaron con el 73,6 % del valor total de las importaciones, seguido por\u00a0<strong>agropecuarios<\/strong>,\u00a0<strong>alimentos\u00a0<\/strong>y\u00a0<strong>bebidas\u00a0<\/strong>con 14,4 %,\u00a0<strong>combustibles\u00a0<\/strong>y\u00a0<strong>productos\u00a0<\/strong>de las\u00a0<strong>industrias extractivas\u00a0<\/strong>con 11,9 % y otros sectores con 0,1%.<\/p>\n<p>En el mes de referencia, las\u00a0<strong>importaciones\u00a0<\/strong>de\u00a0<strong>Colombia\u00a0<\/strong>originarias de\u00a0<strong>Estados Unidos\u00a0<\/strong>participaron con 27,8 % del total de las\u00a0<strong>importaciones<\/strong>; le siguieron las compras externas desde\u00a0<strong>China\u00a0<\/strong>(21,6 %),\u00a0<strong>Brasil\u00a0<\/strong>(5,2 %),\u00a0<strong>M\u00e9xico\u00a0<\/strong>(5 %),\u00a0<strong>Alemania\u00a0<\/strong>(3,6 %),\u00a0<strong>Jap\u00f3n\u00a0<\/strong>(2,8 %) e\u00a0<strong>India\u00a0<\/strong>(2,2 %).<\/p>\n<p>Las\u00a0<strong>estad\u00edsticas\u00a0<\/strong>de\u00a0<strong>importaciones\u00a0<\/strong>registran el ingreso legal de\u00a0<strong>mercanc\u00edas\u00a0<\/strong>originarias de otro pa\u00eds o de una zona franca colombiana hacia el territorio aduanero nacional.<\/p>\n<p>Estas\u00a0<strong>cifras\u00a0<\/strong>se producen con base en las declaraciones de\u00a0<strong>importaci\u00f3n<\/strong>, presentadas ante las diferentes administraciones de aduanas del pa\u00eds, y se registran estad\u00edsticamente seg\u00fan la fecha de presentaci\u00f3n ante las entidades financieras autorizadas para recaudar los tributos aduaneros.<\/p>\n<p>Los registros de las importaciones colombianas son producidos por la\u00a0<strong>Direcci\u00f3n de Impuestos y Aduanas Nacionales (Dian).<\/strong><\/p>\n<p>A su vez, en abril de 2024 se registr\u00f3 un d\u00e9ficit en la\u00a0<strong>balanza comercial\u00a0<\/strong>colombiana de USD1.122,8 millones, mientras que en abril de 2023 se present\u00f3 un d\u00e9ficit de USD922,6 millones.<\/p>\n<p>La\u00a0<strong>balanza comercial\u00a0<\/strong>es la diferencia que existe entre el total de las\u00a0<strong>exportaciones\u00a0<\/strong>e\u00a0<strong>importaciones\u00a0<\/strong>de un pa\u00eds.<\/p>\n<\/div>\n<\/div>\n<\/div>\n<\/div>\n<\/div>\n<\/div>\n<\/div>","protected":false},"excerpt":{"rendered":"<p>Las\u00a0importaciones\u00a0de\u00a0Colombia\u00a0por fin tuvieron respiro tras 15 meses de indicadores negativos. Y es que de acuerdo con el\u00a0Departamento Administrativo Nacional de Estad\u00edstica (Dane)\u00a0con base en datos de la\u00a0Direcci\u00f3n de Impuestos y Aduanas Nacionales (Dian), estas compras externas en el mes de\u00a0abril\u00a0fueron de USD5.839,4 millones y presentaron un crecimiento de 18,1% con relaci\u00f3n al mismo mes de<\/p>","protected":false},"author":1,"featured_media":12195,"comment_status":"closed","ping_status":"closed","sticky":false,"template":"","format":"standard","meta":{"footnotes":""},"categories":[342,181],"tags":[],"class_list":["post-12373","post","type-post","status-publish","format-standard","has-post-thumbnail","hentry","category-news","category-noticias"],"views":44,"_links":{"self":[{"href":"https:\/\/www.amchambaq.com\/en\/wp-json\/wp\/v2\/posts\/12373","targetHints":{"allow":["GET"]}}],"collection":[{"href":"https:\/\/www.amchambaq.com\/en\/wp-json\/wp\/v2\/posts"}],"about":[{"href":"https:\/\/www.amchambaq.com\/en\/wp-json\/wp\/v2\/types\/post"}],"author":[{"embeddable":true,"href":"https:\/\/www.amchambaq.com\/en\/wp-json\/wp\/v2\/users\/1"}],"replies":[{"embeddable":true,"href":"https:\/\/www.amchambaq.com\/en\/wp-json\/wp\/v2\/comments?post=12373"}],"version-history":[{"count":1,"href":"https:\/\/www.amchambaq.com\/en\/wp-json\/wp\/v2\/posts\/12373\/revisions"}],"predecessor-version":[{"id":12374,"href":"https:\/\/www.amchambaq.com\/en\/wp-json\/wp\/v2\/posts\/12373\/revisions\/12374"}],"wp:featuredmedia":[{"embeddable":true,"href":"https:\/\/www.amchambaq.com\/en\/wp-json\/wp\/v2\/media\/12195"}],"wp:attachment":[{"href":"https:\/\/www.amchambaq.com\/en\/wp-json\/wp\/v2\/media?parent=12373"}],"wp:term":[{"taxonomy":"category","embeddable":true,"href":"https:\/\/www.amchambaq.com\/en\/wp-json\/wp\/v2\/categories?post=12373"},{"taxonomy":"post_tag","embeddable":true,"href":"https:\/\/www.amchambaq.com\/en\/wp-json\/wp\/v2\/tags?post=12373"}],"curies":[{"name":"wp","href":"https:\/\/api.w.org\/{rel}","templated":true}]}}