{"id":12369,"date":"2024-06-17T16:04:56","date_gmt":"2024-06-17T21:04:56","guid":{"rendered":"https:\/\/www.amchambaq.com\/?p=12369"},"modified":"2024-06-17T16:04:56","modified_gmt":"2024-06-17T21:04:56","slug":"desarrollo-industrial-y-agricola-base-para-fortalecer-el-empleo-en-el-atlco","status":"publish","type":"post","link":"https:\/\/www.amchambaq.com\/en\/desarrollo-industrial-y-agricola-base-para-fortalecer-el-empleo-en-el-atlco\/","title":{"rendered":"Desarrollo industrial y agr\u00edcola, base para fortalecer el empleo en el Atlco."},"content":{"rendered":"<p>El desarrollo del departamento del Atl\u00e1ntico en materia industrial y agr\u00edcola ha sido interesante con el pasar del tiempo. Dicha evoluci\u00f3n ha llevado a que diferentes municipios que a lo largo de la historia hab\u00edan estado rezagados en su desarrollo productivo hoy en d\u00eda sean estandartes cruciales para las oportunidades de los atlanticenses, llevando a que el Departamento logre importantes indicadores en materia de empleabilidad.<\/p>\n<p>Y es que esto se ha visto reflejado en la parte industrial con la llegada de empresas que le han apostado a este territorio, que han visto una tierra f\u00e9rtil en materia de producci\u00f3n, fortaleciendo adem\u00e1s el desarrollo empresarial atlanticense.<\/p>\n<p>Para Diana Cantillo Concha, directora de la Corporaci\u00f3n Empresarial del Oriente del Atl\u00e1ntico (CEO), hoy en d\u00eda el desarrollo empresarial del Departamento no solo est\u00e1 concentrado en el \u00e1rea metropolitana de Barranquilla en municipios como Soledad, Galapa, Puerto Colombia y Malambo, sino que se ha comenzado a expandir al oriente del Atl\u00e1ntico.<\/p>\n<div id=\"body\" class=\"content-article size-m\">\n<p>\u201cHemos visto c\u00f3mo han comenzado proyectos muy importantes de diferentes sectores como agronegocios en el sur del Atl\u00e1ntico, y tambi\u00e9n de energ\u00edas renovables en toda esa zona central como Sabanalarga, Baranoa y Galapa\u201d, destac\u00f3 Cantillo en di\u00e1logo con\u00a0<a href=\"https:\/\/www.elheraldo.co\/\">EL HERALDO<\/a>.<\/p>\n<\/div>\n<div id=\"paragraphs\" class=\"content-article paragraphs size-m\">\n<div id=\"taboola-mid-article-reco-reel\" class=\"trc_related_container trc_spotlight_widget trc_elastic trc_elastic_rec-reel-2n5-b\" data-placement-name=\"Mid Article Reco Reel\">\n<div class=\"trc_rbox_container tbl-reco-reel story-widget tbl-reco-reel-text-under-slide-in story-widget-text-under-slide-in tbl-reco-reel-desktop tbl-story-desktop\">\n<div>\n<div id=\"trc_wrapper_29432\" class=\"trc_rbox rec-reel-2n5-b trc-content-hybrid\">\n<div id=\"trc_header_29432\" class=\"trc_rbox_header trc_rbox_border_elm\">\n<div class=\"trc_header_ext\">\n<div class=\"field-item even\">\n<div class=\"content-titulo\">\n<div class=\"titulo\"><strong>Milagros de industrializaci\u00f3n<\/strong><\/div>\n<\/div>\n<\/div>\n<div class=\"field-item odd\">\n<div class=\"entity entity-paragraphs-item paragraphs-item-descripcion\">\n<div class=\"content\">\n<div class=\"field field-name-field-descripcion field-type-text-long field-label-hidden\">\n<div class=\"field-items\">\n<div class=\"field-item even\">\n<p>Los gremios destacan que hay ejemplos claros de c\u00f3mo la industria ha logrado tomar la bandera del desarrollo, catalogado como el milagro de la industrializaci\u00f3n.<\/p>\n<p>\u201cHemos tenido grandes ejemplos en esta materia de atracci\u00f3n de inversiones y de una industrializaci\u00f3n r\u00e1pida como lo ha sido el municipio de Galapa. Hoy este territorio en menos de 15 a\u00f1os tiene un gran n\u00famero de empresas grandes y medianas que el mismo municipio de Malambo, que tiene una tradici\u00f3n industrial en el departamento del Atl\u00e1ntico. En ese orden, estamos orgullosos de ver c\u00f3mo esa atracci\u00f3n de inversiones ha logrado tener un impacto positivo en todo el Atl\u00e1ntico, pero en especial a municipios que nunca pensamos que dejar\u00edan de ser rurales para convertirse en hubs industriales\u201d, precis\u00f3 Cantillo.<\/p>\n<p>Mismo an\u00e1lisis tiene Efra\u00edn Cepeda Tarud, presidente del Comit\u00e9 Intergremial Atl\u00e1ntico, quien resalt\u00f3 que en cuanto al desarrollo empresarial se destaca Galapa, que en menos de 15 a\u00f1os ha duplicado el n\u00famero de empresas grandes y medianas.<\/p>\n<p>\u201cSe resalta la consolidaci\u00f3n de Malambo que tiene una tradici\u00f3n industrial de m\u00e1s de 50 a\u00f1os, y el despertar de Palmar de Varela con la llegada de Ternium y la instalaci\u00f3n de la nueva planta de Bavaria\u201d, detall\u00f3 Cepeda Tarud.<\/p>\n<p>Agreg\u00f3 que el centro del Atl\u00e1ntico, exactamente en Baranoa y Sabanalarga, ha sido beneficiado con la llegada de proyectos renovables.<\/p>\n<p>Tambi\u00e9n expres\u00f3 que en el turismo se avanza en los desarrollos inmobiliarios en el corredor costero y en la consolidaci\u00f3n de los atractivos de Puerto Colombia, Tubar\u00e1, Juan de Acosta, Usiacur\u00ed y Pioj\u00f3 que est\u00e1n generando nuevos puestos de trabajo, emprendimientos y activando cadenas de valor.<\/p>\n<p>De acuerdo con la C\u00e1mara de Comercio de Barranquilla, en los \u00faltimos 5 a\u00f1os, a corte de abril de 2024, la industria manufacturera del Atl\u00e1ntico fue la cuarta que m\u00e1s creci\u00f3 en el pa\u00eds y se situ\u00f3 por encima del indicador nacional. Mientras Atl\u00e1ntico creci\u00f3 18,6 %, Colombia lo hizo 16,5 % en este per\u00edodo.<\/p>\n<p>\u201cEso es un dato para tener en cuenta, pues en el mes de abril del presente a\u00f1o, el Atl\u00e1ntico se contrajo -8,1 % frente al mismo mes del 2023, y el promedio del pa\u00eds se contrajo en -5,4 %. Para avanzar m\u00e1s en esta senda es indispensable aumentar los apoyos al tejido empresarial de manera que diversifiquemos la oferta exportadora y tambi\u00e9n los mercados, aprovechando las ventajas del TLC con Estados Unidos y las oportunidades identificadas en sectores como el metalmec\u00e1nico y el manufacturero con materiales de construcci\u00f3n, dispositivos el\u00e9ctricos, agroindustria, qu\u00edmicos y ciencias de la vida, sistema moda, e industrias 4.0, que tienen un gran potencial. En esta misma l\u00ednea debemos capitalizar las posibilidades de atracci\u00f3n de inversi\u00f3n\u201d, dijo Manuel Fern\u00e1ndez Ariza, presidente de la C\u00e1mara de Comercio de Barranquilla.<\/p>\n<div class=\"field-item even\">\n<div class=\"content-titulo\">\n<div class=\"titulo\"><strong>Fortalecimiento del empleo<\/strong><\/div>\n<\/div>\n<\/div>\n<div class=\"field-item odd\">\n<div class=\"entity entity-paragraphs-item paragraphs-item-descripcion\">\n<div class=\"content\">\n<div class=\"field field-name-field-descripcion field-type-text-long field-label-hidden\">\n<div class=\"field-items\">\n<div class=\"field-item even\">\n<p>En el a\u00f1o 2023 la tasa de desocupaci\u00f3n del departamento lleg\u00f3 al 9,1 %, reduci\u00e9ndose en 1,6 puntos porcentuales comparada con 2022, desempe\u00f1o que a\u00f1adi\u00f3 m\u00e1s de 32 mil nuevos ocupados al mercado laboral.<\/p>\n<p>De acuerdo con Probarranquilla, este escenario es muy positivo ya que desde la pandemia el indicador se hab\u00eda mantenido en dos d\u00edgitos, y con esto el Atl\u00e1ntico se ubica como el octavo departamento a nivel nacional con menores niveles de desocupaci\u00f3n.<\/p>\n<\/div>\n<\/div>\n<\/div>\n<\/div>\n<\/div>\n<\/div>\n<div class=\"field-item even\">\n<div class=\"content-titulo\">\n<div class=\"titulo\"><strong>El agro, gran protagonista<\/strong><\/div>\n<\/div>\n<\/div>\n<div class=\"field-item odd\">\n<div class=\"entity entity-paragraphs-item paragraphs-item-descripcion\">\n<div class=\"content\">\n<div class=\"field field-name-field-descripcion field-type-text-long field-label-hidden\">\n<div class=\"field-items\">\n<div class=\"field-item even\">\n<p>Uno de los hechos m\u00e1s significativos de los \u00faltimos a\u00f1os es el desarrollo agroindustrial con vocaci\u00f3n exportadora, con eje especialmente en el distrito de riego de Repel\u00f3n, donde se han invertido $62.000 millones, acompa\u00f1ados de cr\u00e9ditos a peque\u00f1os productores.<\/p>\n<div class=\"field-item odd\">\n<div class=\"entity entity-paragraphs-item paragraphs-item-descripcion\">\n<div class=\"content\">\n<div class=\"field field-name-field-descripcion field-type-text-long field-label-hidden\">\n<div class=\"field-items\">\n<div class=\"field-item even\">\n<p>\u201cEl impacto de ese proceso se ve en las 2.600 hect\u00e1reas sembradas de lim\u00f3n, palma y pl\u00e1tano que ya producen $15.000 millones al a\u00f1o y en la posibilidad de duplicar ese n\u00famero de hect\u00e1reas en Repel\u00f3n. Las proyecciones muestran que una vez estos cultivos de tard\u00edo rendimiento alcancen su pico de producci\u00f3n, en el a\u00f1o 5, las ventas llegar\u00e1n a $90 mil millones anuales por 25 a\u00f1os. Eso es especialmente significativo porque el PIB actual de Repel\u00f3n es de $46 mil millones, aqu\u00ed est\u00e1n involucrados peque\u00f1os agricultores que tienen en promedio 6,5 hect\u00e1reas cada uno, y se generan 2.600 empleos directos e indirectos\u201d, dijo.<\/p>\n<p>De acuerdo con el experto agr\u00edcola Indalecio Dangond, el departamento del Atl\u00e1ntico cuenta con tierras que son aptas para el desarrollo de hortalizas, pero afirm\u00f3 que se debe aprovechar el r\u00edo Magdalena para lograr un \u00e9xito rotundo en el sector agro.<\/p>\n<\/div>\n<\/div>\n<\/div>\n<\/div>\n<\/div>\n<\/div>\n<div class=\"field-item even\">\n<div class=\"content-titulo\">\n<div class=\"titulo\"><strong>Desde la misma industria<\/strong><\/div>\n<\/div>\n<\/div>\n<div class=\"field-item odd\">\n<div class=\"entity entity-paragraphs-item paragraphs-item-descripcion\">\n<div class=\"content\">\n<div class=\"field field-name-field-descripcion field-type-text-long field-label-hidden\">\n<div class=\"field-items\">\n<div class=\"field-item even\">\n<p>Una de las empresas que le apost\u00f3 al desarrollo del Atl\u00e1ntico fue Bavaria con la construcci\u00f3n de su campo de producci\u00f3n en Palmar de Varela. De acuerdo con Sergio Rinc\u00f3n, presidente de la compa\u00f1\u00eda, se decidi\u00f3 por este municipio dado que esta zona re\u00fane las condiciones de conectividad que requiere una planta de esta magnitud no solo vial, sino por su cercan\u00eda al r\u00edo Magdalena. \u201cSe espera que la producci\u00f3n atienda al mercado de la Costa Caribe y una parte del interior del pa\u00eds\u201d, socializ\u00f3 Rinc\u00f3n.<\/p>\n<\/div>\n<\/div>\n<\/div>\n<\/div>\n<\/div>\n<\/div>\n<\/div>\n<\/div>\n<\/div>\n<\/div>\n<\/div>\n<\/div>\n<\/div>\n<\/div>\n<\/div>\n<\/div>\n<\/div>\n<\/div>\n<\/div>\n<\/div>\n<\/div>\n<\/div>\n<\/div>\n<\/div>\n<\/div>","protected":false},"excerpt":{"rendered":"<p>El desarrollo del departamento del Atl\u00e1ntico en materia industrial y agr\u00edcola ha sido interesante con el pasar del tiempo. Dicha evoluci\u00f3n ha llevado a que diferentes municipios que a lo largo de la historia hab\u00edan estado rezagados en su desarrollo productivo hoy en d\u00eda sean estandartes cruciales para las oportunidades de los atlanticenses, llevando a<\/p>","protected":false},"author":1,"featured_media":12370,"comment_status":"closed","ping_status":"closed","sticky":false,"template":"","format":"standard","meta":{"footnotes":""},"categories":[342,181],"tags":[],"class_list":["post-12369","post","type-post","status-publish","format-standard","has-post-thumbnail","hentry","category-news","category-noticias"],"views":49,"_links":{"self":[{"href":"https:\/\/www.amchambaq.com\/en\/wp-json\/wp\/v2\/posts\/12369","targetHints":{"allow":["GET"]}}],"collection":[{"href":"https:\/\/www.amchambaq.com\/en\/wp-json\/wp\/v2\/posts"}],"about":[{"href":"https:\/\/www.amchambaq.com\/en\/wp-json\/wp\/v2\/types\/post"}],"author":[{"embeddable":true,"href":"https:\/\/www.amchambaq.com\/en\/wp-json\/wp\/v2\/users\/1"}],"replies":[{"embeddable":true,"href":"https:\/\/www.amchambaq.com\/en\/wp-json\/wp\/v2\/comments?post=12369"}],"version-history":[{"count":1,"href":"https:\/\/www.amchambaq.com\/en\/wp-json\/wp\/v2\/posts\/12369\/revisions"}],"predecessor-version":[{"id":12371,"href":"https:\/\/www.amchambaq.com\/en\/wp-json\/wp\/v2\/posts\/12369\/revisions\/12371"}],"wp:featuredmedia":[{"embeddable":true,"href":"https:\/\/www.amchambaq.com\/en\/wp-json\/wp\/v2\/media\/12370"}],"wp:attachment":[{"href":"https:\/\/www.amchambaq.com\/en\/wp-json\/wp\/v2\/media?parent=12369"}],"wp:term":[{"taxonomy":"category","embeddable":true,"href":"https:\/\/www.amchambaq.com\/en\/wp-json\/wp\/v2\/categories?post=12369"},{"taxonomy":"post_tag","embeddable":true,"href":"https:\/\/www.amchambaq.com\/en\/wp-json\/wp\/v2\/tags?post=12369"}],"curies":[{"name":"wp","href":"https:\/\/api.w.org\/{rel}","templated":true}]}}