{"id":12359,"date":"2024-06-11T12:14:09","date_gmt":"2024-06-11T17:14:09","guid":{"rendered":"https:\/\/www.amchambaq.com\/?p=12359"},"modified":"2024-06-11T12:14:09","modified_gmt":"2024-06-11T17:14:09","slug":"record-de-movimiento-de-carga-en-el-puerto-en-mayo-1-300-000-toneladas","status":"publish","type":"post","link":"https:\/\/www.amchambaq.com\/en\/record-de-movimiento-de-carga-en-el-puerto-en-mayo-1-300-000-toneladas\/","title":{"rendered":"R\u00e9cord de movimiento de carga en el Puerto en mayo: 1.300.000 toneladas"},"content":{"rendered":"<p>El Puerto de Barranquilla registr\u00f3 una cifra hist\u00f3rica de movimiento de carga en el mes de mayo. Aeroportuaria report\u00f3 cerca de 1.300.000 toneladas de carga movilizadas. Una cifra r\u00e9cord.<\/p>\n<p>Lo anterior evidencia un crecimiento del 9% frente al mismo periodo del a\u00f1o anterior.<\/p>\n<p>Adem\u00e1s, en lo que respecta a la carga movilizada en lo que va del a\u00f1o, la cifra supera los 5.600.000 toneladas.<\/p>\n<p><em>&#8220;Vamos creciendo en un escenario econ\u00f3mico dif\u00edcil. Esto se da gracias a la cooperaci\u00f3n, a la generaci\u00f3n de confianza&#8221;<\/em>, indic\u00f3\u00a0<strong>Lucas Ariza<\/strong>, director de\u00a0<strong>Asoportuaria<\/strong>.<\/p>\n<p><em>&#8220;Este es el reflejo de tener un objetivo com\u00fan, tener un trabajo articulado&#8221;<\/em>, agreg\u00f3.<\/p>\n<p>Recordemos que el pasado 8 de mayo, el canal de acceso al puerto logr\u00f3 calado de 10.20 metros.<\/p>\n<p>De hecho, el 4 de junio, Asoportuaria report\u00f3 que se siguen cumpliendo hitos importantes en la Zona Portuaria de Barranquilla.<\/p>\n<p>Ese\u00a0fin de semana zarp\u00f3 el primer buque con 10.20 metros y arrib\u00f3 uno tambi\u00e9n por encima de 10 metros de calado.<\/p>\n<p>Tomado de: ZONA CERO<\/p>","protected":false},"excerpt":{"rendered":"<p>El Puerto de Barranquilla registr\u00f3 una cifra hist\u00f3rica de movimiento de carga en el mes de mayo. Aeroportuaria report\u00f3 cerca de 1.300.000 toneladas de carga movilizadas. Una cifra r\u00e9cord. Lo anterior evidencia un crecimiento del 9% frente al mismo periodo del a\u00f1o anterior. Adem\u00e1s, en lo que respecta a la carga movilizada en lo que<\/p>","protected":false},"author":1,"featured_media":12082,"comment_status":"closed","ping_status":"closed","sticky":false,"template":"","format":"standard","meta":{"footnotes":""},"categories":[342,181],"tags":[],"class_list":["post-12359","post","type-post","status-publish","format-standard","has-post-thumbnail","hentry","category-news","category-noticias"],"views":47,"_links":{"self":[{"href":"https:\/\/www.amchambaq.com\/en\/wp-json\/wp\/v2\/posts\/12359","targetHints":{"allow":["GET"]}}],"collection":[{"href":"https:\/\/www.amchambaq.com\/en\/wp-json\/wp\/v2\/posts"}],"about":[{"href":"https:\/\/www.amchambaq.com\/en\/wp-json\/wp\/v2\/types\/post"}],"author":[{"embeddable":true,"href":"https:\/\/www.amchambaq.com\/en\/wp-json\/wp\/v2\/users\/1"}],"replies":[{"embeddable":true,"href":"https:\/\/www.amchambaq.com\/en\/wp-json\/wp\/v2\/comments?post=12359"}],"version-history":[{"count":1,"href":"https:\/\/www.amchambaq.com\/en\/wp-json\/wp\/v2\/posts\/12359\/revisions"}],"predecessor-version":[{"id":12360,"href":"https:\/\/www.amchambaq.com\/en\/wp-json\/wp\/v2\/posts\/12359\/revisions\/12360"}],"wp:featuredmedia":[{"embeddable":true,"href":"https:\/\/www.amchambaq.com\/en\/wp-json\/wp\/v2\/media\/12082"}],"wp:attachment":[{"href":"https:\/\/www.amchambaq.com\/en\/wp-json\/wp\/v2\/media?parent=12359"}],"wp:term":[{"taxonomy":"category","embeddable":true,"href":"https:\/\/www.amchambaq.com\/en\/wp-json\/wp\/v2\/categories?post=12359"},{"taxonomy":"post_tag","embeddable":true,"href":"https:\/\/www.amchambaq.com\/en\/wp-json\/wp\/v2\/tags?post=12359"}],"curies":[{"name":"wp","href":"https:\/\/api.w.org\/{rel}","templated":true}]}}