{"id":12337,"date":"2024-06-06T09:27:54","date_gmt":"2024-06-06T14:27:54","guid":{"rendered":"https:\/\/www.amchambaq.com\/?p=12337"},"modified":"2024-06-06T09:27:54","modified_gmt":"2024-06-06T14:27:54","slug":"el-atlantico-le-apunta-a-la-energia-eolica-y-el-hidrogeno-verde","status":"publish","type":"post","link":"https:\/\/www.amchambaq.com\/en\/el-atlantico-le-apunta-a-la-energia-eolica-y-el-hidrogeno-verde\/","title":{"rendered":"El Atl\u00e1ntico le apunta a la energ\u00eda e\u00f3lica y el hidr\u00f3geno verde"},"content":{"rendered":"<div id=\"body\" class=\"content-article size-m\">\n<p><strong>El gobernador del Atl\u00e1ntico, Eduardo Verano<\/strong>, cont\u00f3 detalles sobre los proyectos de energ\u00edas renovables que se est\u00e1n liderando en el territorio, con el objetivo de buscar la transici\u00f3n energ\u00e9tica con iniciativas como la de un puerto para\u00a0<strong>energ\u00eda e\u00f3lica e hidr\u00f3geno verde.<\/strong><\/p>\n<\/div>\n<div id=\"paragraphs\" class=\"content-article paragraphs size-m\">\n<div id=\"taboola-mid-article-reco-reel\" class=\"trc_related_container trc_spotlight_widget trc_elastic trc_elastic_rec-reel-2n5-b\" data-placement-name=\"Mid Article Reco Reel\">\n<div class=\"trc_rbox_container tbl-reco-reel story-widget tbl-reco-reel-text-under-slide-in story-widget-text-under-slide-in tbl-reco-reel-desktop tbl-story-desktop\">\n<div>\n<div id=\"trc_wrapper_81576\" class=\"trc_rbox rec-reel-2n5-b trc-content-hybrid\">\n<div id=\"trc_header_81576\" class=\"trc_rbox_header trc_rbox_border_elm\">\n<div class=\"trc_header_ext\">\n<div class=\"field-item odd\">\n<div class=\"entity entity-paragraphs-item paragraphs-item-descripcion\">\n<div class=\"content\">\n<div class=\"field field-name-field-descripcion field-type-text-long field-label-hidden\">\n<div class=\"field-items\">\n<div class=\"field-item even\">\n<p>\u201cLe presentamos todas estas posibilidades al\u00a0<strong>Gobierno nacional<\/strong>, obviamente son inversiones privadas, hay una porci\u00f3n interesante que podr\u00eda ser promovida por el propio Gobierno, pero tenemos que sentarnos con los gobiernos locales, nacional y buscar los inversionistas internacionales para poder ser el centro para la producci\u00f3n de hidr\u00f3geno verde. Va a ser una transici\u00f3n a una de las energ\u00edas m\u00e1s limpias\u201d, se\u00f1al\u00f3 Eduardo Verano durante el foro de la\u00a0<strong>Asociaci\u00f3n Colombiana del Petr\u00f3leo y Gas (ACP)\u00a0<\/strong>que se celebra en\u00a0<strong>Barranquilla<\/strong>.<\/p>\n<\/div>\n<\/div>\n<\/div>\n<\/div>\n<\/div>\n<\/div>\n<div class=\"field-item even\">\n<div id=\"relacionado-body\">\n<div class=\"box-title\">\n<p>Sin embargo, Verano sostuvo que actualmente solo se puede hablar de potenciales, puesto que todav\u00eda no se han identificado los sitios, regulaci\u00f3n e inversionistas. \u201cHay proyecciones de inversi\u00f3n como un\u00a0<strong>Capex\u00a0<\/strong>de USD55 millones, y\u00a0<strong>Opex\u00a0<\/strong>de USD19 millones\u201d.<\/p>\n<p>\u201cLo m\u00e1s importante que queremos destacar es el potencial para la\u00a0<strong>transici\u00f3n energ\u00e9tica\u00a0<\/strong>de la\u00a0<strong>regi\u00f3n Caribe\u00a0<\/strong>y, concretamente, en el\u00a0<strong>Atl\u00e1ntico<\/strong>. El lugar privilegiado en Colombia en\u00a0<strong>La Guajira\u00a0<\/strong>donde hay mayor sol y viento, pero una segunda posibilidad es el\u00a0<strong>Atl\u00e1ntico\u00a0<\/strong>porque tenemos gran radiaci\u00f3n solar y posibilidades de vientos costa adentro y afuera, y eso nos permite ser el centro del futuro desarrollo para la\u00a0<strong>transici\u00f3n energ\u00e9tica<\/strong>\u201d, destac\u00f3 Verano.<\/p>\n<p>En ese sentido, agreg\u00f3 que no solamente se necesita tener las condiciones f\u00edsicas, sino tambi\u00e9n las condiciones humanas. \u201cTodo el\u00a0<strong>empresariado<\/strong>, academia, centros de investigaci\u00f3n tienen que estar conscientes de este\u00a0<strong>potencial\u00a0<\/strong>y ayudar a desarrollarlo\u201d.<\/p>\n<\/div>\n<\/div>\n<\/div>\n<\/div>\n<\/div>\n<\/div>\n<\/div>\n<\/div>\n<\/div>\n<\/div>","protected":false},"excerpt":{"rendered":"<p>El gobernador del Atl\u00e1ntico, Eduardo Verano, cont\u00f3 detalles sobre los proyectos de energ\u00edas renovables que se est\u00e1n liderando en el territorio, con el objetivo de buscar la transici\u00f3n energ\u00e9tica con iniciativas como la de un puerto para\u00a0energ\u00eda e\u00f3lica e hidr\u00f3geno verde. \u201cLe presentamos todas estas posibilidades al\u00a0Gobierno nacional, obviamente son inversiones privadas, hay una porci\u00f3n<\/p>","protected":false},"author":1,"featured_media":12338,"comment_status":"closed","ping_status":"closed","sticky":false,"template":"","format":"standard","meta":{"footnotes":""},"categories":[342,181],"tags":[],"class_list":["post-12337","post","type-post","status-publish","format-standard","has-post-thumbnail","hentry","category-news","category-noticias"],"views":76,"_links":{"self":[{"href":"https:\/\/www.amchambaq.com\/en\/wp-json\/wp\/v2\/posts\/12337","targetHints":{"allow":["GET"]}}],"collection":[{"href":"https:\/\/www.amchambaq.com\/en\/wp-json\/wp\/v2\/posts"}],"about":[{"href":"https:\/\/www.amchambaq.com\/en\/wp-json\/wp\/v2\/types\/post"}],"author":[{"embeddable":true,"href":"https:\/\/www.amchambaq.com\/en\/wp-json\/wp\/v2\/users\/1"}],"replies":[{"embeddable":true,"href":"https:\/\/www.amchambaq.com\/en\/wp-json\/wp\/v2\/comments?post=12337"}],"version-history":[{"count":1,"href":"https:\/\/www.amchambaq.com\/en\/wp-json\/wp\/v2\/posts\/12337\/revisions"}],"predecessor-version":[{"id":12339,"href":"https:\/\/www.amchambaq.com\/en\/wp-json\/wp\/v2\/posts\/12337\/revisions\/12339"}],"wp:featuredmedia":[{"embeddable":true,"href":"https:\/\/www.amchambaq.com\/en\/wp-json\/wp\/v2\/media\/12338"}],"wp:attachment":[{"href":"https:\/\/www.amchambaq.com\/en\/wp-json\/wp\/v2\/media?parent=12337"}],"wp:term":[{"taxonomy":"category","embeddable":true,"href":"https:\/\/www.amchambaq.com\/en\/wp-json\/wp\/v2\/categories?post=12337"},{"taxonomy":"post_tag","embeddable":true,"href":"https:\/\/www.amchambaq.com\/en\/wp-json\/wp\/v2\/tags?post=12337"}],"curies":[{"name":"wp","href":"https:\/\/api.w.org\/{rel}","templated":true}]}}