{"id":12326,"date":"2024-06-04T10:07:38","date_gmt":"2024-06-04T15:07:38","guid":{"rendered":"https:\/\/www.amchambaq.com\/?p=12326"},"modified":"2024-06-04T10:07:38","modified_gmt":"2024-06-04T15:07:38","slug":"bajo-levemente-el-desempleo-en-colombia-indicador-para-abril-fue-del-106","status":"publish","type":"post","link":"https:\/\/www.amchambaq.com\/en\/bajo-levemente-el-desempleo-en-colombia-indicador-para-abril-fue-del-106\/","title":{"rendered":"Baj\u00f3 levemente el desempleo en Colombia; indicador para abril fue del 10,6 %"},"content":{"rendered":"<div id=\"body\" class=\"content-article size-m\">\n<p>El\u00a0<strong>desempleo\u00a0<\/strong>en\u00a0<strong>Colombia\u00a0<\/strong>present\u00f3 un ligero retroceso. Y es que de acuerdo con el\u00a0<strong>Departamento Administrativo Nacional de Estad\u00edstica (Dane)<\/strong>, el indicador para el mes de abril fue del 10,6 %, lo que signific\u00f3 una ca\u00edda de 0,1 puntos porcentuales si se compara con abril del a\u00f1o pasado que fue del 10,7 %.<\/p>\n<\/div>\n<div id=\"paragraphs\" class=\"content-article paragraphs size-m\">\n<div id=\"taboola-mid-article-reco-reel\" class=\"trc_related_container trc_spotlight_widget trc_elastic trc_elastic_rec-reel-2n5-b\" data-placement-name=\"Mid Article Reco Reel\">\n<div class=\"trc_rbox_container tbl-reco-reel story-widget tbl-reco-reel-text-under-slide-in story-widget-text-under-slide-in tbl-reco-reel-desktop tbl-story-desktop\">\n<div>\n<div id=\"trc_wrapper_12753\" class=\"trc_rbox rec-reel-2n5-b trc-content-hybrid\">\n<div id=\"trc_header_12753\" class=\"trc_rbox_header trc_rbox_border_elm\">\n<div class=\"trc_header_ext\">\n<p>Este informe lo revel\u00f3 la entidad mediante los resultados del\u00a0<strong>mercado laboral\u00a0<\/strong>correspondiente al mes de abril del a\u00f1o en curso.<\/p>\n<p>Seg\u00fan el\u00a0<strong>Dane<\/strong>, en abril hab\u00eda 22,8 millones de personas con trabajo. A esta cifra se le sumaron 123 mil personas m\u00e1s si se compara esta cifra con la del cuarto mes del a\u00f1o pasado.<\/p>\n<p>Por su parte, la entidad inform\u00f3 que unas 8 mil personas dejaron de ser\u00a0<strong>desempleadas<\/strong>, sin embargo, en la actualidad hay 2,7 millones de colombianos que est\u00e1n sin\u00a0<strong>empleo<\/strong>.<\/p>\n<p>En ese sentido, la\u00a0<strong>directora del Dane, Piedad Urdinola<\/strong>, revel\u00f3 que la tasa de ocupaci\u00f3n laboral para abril fue de 57,2 % y la\u00a0<strong>tasa global de participaci\u00f3n<\/strong>\u00a0fue del 64 %. La primera present\u00f3 una ca\u00edda de 0,5 puntos porcentuales frente al mismo mes de 2023, mientras que la tasa global tambi\u00e9n cay\u00f3, esta vez en 0,6 puntos porcentuales en relaci\u00f3n con el mismo periodo del a\u00f1o pasado.<\/p>\n<p>En este punto tambi\u00e9n se resalta que aument\u00f3 el n\u00famero de personas en\u00a0<strong>Colombia\u00a0<\/strong>que est\u00e1n fuera de la fuerza de trabajo. Seg\u00fan el\u00a0<strong>Dane<\/strong>, hay 14,4 millones de\u00a0<strong>colombianos\u00a0<\/strong>en esta condici\u00f3n, sin embargo a abril se unieron unas 459 mil personas m\u00e1s.<\/p>\n<p>Las\u00a0<strong>mujeres\u00a0<\/strong>registraron una<strong>\u00a0tasa de desempleo<\/strong>\u00a0de 13,1 %, la cual es 4,3 puntos porcentuales superior a la de los\u00a0<strong>hombres\u00a0<\/strong>que fue del 8,8 %.<\/p>\n<\/div>\n<\/div>\n<\/div>\n<\/div>\n<\/div>\n<\/div>\n<\/div>","protected":false},"excerpt":{"rendered":"<p>El\u00a0desempleo\u00a0en\u00a0Colombia\u00a0present\u00f3 un ligero retroceso. Y es que de acuerdo con el\u00a0Departamento Administrativo Nacional de Estad\u00edstica (Dane), el indicador para el mes de abril fue del 10,6 %, lo que signific\u00f3 una ca\u00edda de 0,1 puntos porcentuales si se compara con abril del a\u00f1o pasado que fue del 10,7 %. Este informe lo revel\u00f3 la entidad<\/p>","protected":false},"author":1,"featured_media":12327,"comment_status":"closed","ping_status":"closed","sticky":false,"template":"","format":"standard","meta":{"footnotes":""},"categories":[342,181],"tags":[],"class_list":["post-12326","post","type-post","status-publish","format-standard","has-post-thumbnail","hentry","category-news","category-noticias"],"views":35,"_links":{"self":[{"href":"https:\/\/www.amchambaq.com\/en\/wp-json\/wp\/v2\/posts\/12326","targetHints":{"allow":["GET"]}}],"collection":[{"href":"https:\/\/www.amchambaq.com\/en\/wp-json\/wp\/v2\/posts"}],"about":[{"href":"https:\/\/www.amchambaq.com\/en\/wp-json\/wp\/v2\/types\/post"}],"author":[{"embeddable":true,"href":"https:\/\/www.amchambaq.com\/en\/wp-json\/wp\/v2\/users\/1"}],"replies":[{"embeddable":true,"href":"https:\/\/www.amchambaq.com\/en\/wp-json\/wp\/v2\/comments?post=12326"}],"version-history":[{"count":1,"href":"https:\/\/www.amchambaq.com\/en\/wp-json\/wp\/v2\/posts\/12326\/revisions"}],"predecessor-version":[{"id":12328,"href":"https:\/\/www.amchambaq.com\/en\/wp-json\/wp\/v2\/posts\/12326\/revisions\/12328"}],"wp:featuredmedia":[{"embeddable":true,"href":"https:\/\/www.amchambaq.com\/en\/wp-json\/wp\/v2\/media\/12327"}],"wp:attachment":[{"href":"https:\/\/www.amchambaq.com\/en\/wp-json\/wp\/v2\/media?parent=12326"}],"wp:term":[{"taxonomy":"category","embeddable":true,"href":"https:\/\/www.amchambaq.com\/en\/wp-json\/wp\/v2\/categories?post=12326"},{"taxonomy":"post_tag","embeddable":true,"href":"https:\/\/www.amchambaq.com\/en\/wp-json\/wp\/v2\/tags?post=12326"}],"curies":[{"name":"wp","href":"https:\/\/api.w.org\/{rel}","templated":true}]}}