{"id":12319,"date":"2024-05-31T11:35:39","date_gmt":"2024-05-31T16:35:39","guid":{"rendered":"https:\/\/www.amchambaq.com\/?p=12319"},"modified":"2024-05-31T11:35:39","modified_gmt":"2024-05-31T16:35:39","slug":"el-atlantico-crecio-levemente-un-07-en-el-2023-confirmo-el-dane","status":"publish","type":"post","link":"https:\/\/www.amchambaq.com\/en\/el-atlantico-crecio-levemente-un-07-en-el-2023-confirmo-el-dane\/","title":{"rendered":"El Atl\u00e1ntico creci\u00f3 levemente un 0,7 % en el 2023, confirm\u00f3 el Dane"},"content":{"rendered":"<div id=\"body\" class=\"content-article size-m\">\n<p>La\u00a0<strong>econom\u00eda\u00a0<\/strong>del departamento del\u00a0<strong>Atl\u00e1ntico\u00a0<\/strong>present\u00f3 un leve crecimiento del 0,7 % en el a\u00f1o 2023. As\u00ed lo confirm\u00f3 el<strong>\u00a0Departamento Administrativo Nacional de Estad\u00edstica (Dane)<\/strong>\u00a0a trav\u00e9s del informe del\u00a0<strong>PIB departamental\u00a0<\/strong>correspondiente al a\u00f1o total de 2023 frente al 2022.<\/p>\n<\/div>\n<div id=\"paragraphs\" class=\"content-article paragraphs size-m\">\n<div id=\"taboola-mid-article-reco-reel\" class=\"trc_related_container trc_spotlight_widget trc_elastic trc_elastic_rec-reel-2n5-b\" data-placement-name=\"Mid Article Reco Reel\">\n<div class=\"trc_rbox_container tbl-reco-reel story-widget tbl-reco-reel-text-under-slide-in story-widget-text-under-slide-in tbl-reco-reel-desktop tbl-story-desktop\">\n<div>\n<div id=\"trc_wrapper_66289\" class=\"trc_rbox rec-reel-2n5-b trc-content-hybrid\">\n<div id=\"trc_header_66289\" class=\"trc_rbox_header trc_rbox_border_elm\">\n<div class=\"trc_header_ext\">\n<p>Este crecimiento super\u00f3 de forma ligera el promedio nacional que obtuvo un Producto Interno Bruto (PIB) del 0,6 %.<\/p>\n<p>Frentes a estos resultados, la\u00a0<strong>directora de Fundesarrollo, Oriana \u00c1lvarez Vos<\/strong>, sostuvo en di\u00e1logo con EL HERALDO que el departamento del Atl\u00e1ntico y la regi\u00f3n Caribe enfrentan desaf\u00edos significativos para mantener y aumentar su\u00a0<strong>crecimiento econ\u00f3mico\u00a0<\/strong>durante el a\u00f1o 2024.<\/p>\n<p>\u201cA pesar de este\u00a0<strong>crecimiento<\/strong>, es crucial destacar que el\u00a0<strong>Atl\u00e1ntico\u00a0<\/strong>se sit\u00faa como el sexto departamento con mayor participaci\u00f3n en el\u00a0<strong>PIB nacional<\/strong>, representando el 4,3 %. Este posicionamiento refleja la\u00a0<strong>importancia econ\u00f3mica\u00a0<\/strong>de la\u00a0<strong>regi\u00f3n<\/strong>, pero tambi\u00e9n subraya la necesidad de implementar estrategias efectivas para potenciar su\u00a0<strong>desarrollo econ\u00f3mico\u00a0<\/strong>sostenible\u201d, manifest\u00f3\u00a0<strong>Oriana \u00c1lvarez Vos.<\/strong><\/p>\n<p>A nivel regional, la\u00a0<strong>regi\u00f3n Caribe\u00a0<\/strong>se destac\u00f3 como la segunda regi\u00f3n con mayor variaci\u00f3n en su\u00a0<strong>PIB<\/strong>, alcanzando un crecimiento del 0,9% en 2023.<\/p>\n<p>De acuerdo con el\u00a0<strong>Dane<\/strong>, este crecimiento estuvo impulsado principalmente por actividades econ\u00f3micas clave, como la\u00a0<strong>administraci\u00f3n p\u00fablica\u00a0<\/strong>y\u00a0<strong>defensa<\/strong>,\u00a0<strong>educaci\u00f3n\u00a0<\/strong>y\u00a0<strong>salud<\/strong>, con un incremento del 4 %.<\/p>\n<p>La<strong>\u00a0directora de Fundesarrollo<\/strong>\u00a0se\u00f1al\u00f3 que adem\u00e1s hubo un impulso en la explotaci\u00f3n de minas y canteras y las actividades art\u00edsticas, de entretenimiento y recreaci\u00f3n contribuyeron positivamente al crecimiento regional, con tasas del 2,2 % y 7,4 %, respectivamente.<\/p>\n<p>El\u00a0<strong>Dane\u00a0<\/strong>tambi\u00e9n revel\u00f3 que los departamentos con mayor\u00a0<strong>PIB\u00a0<\/strong>son\u00a0<strong>Bogot\u00e1\u00a0<\/strong>D.C. y\u00a0<strong>Antioquia<\/strong>, mientras que los departamentos con menor\u00a0<strong>PIB\u00a0<\/strong>son\u00a0<strong>Guain\u00eda\u00a0<\/strong>y\u00a0<strong>Vaup\u00e9s<\/strong>.<\/p>\n<p>Esto confirma que el\u00a0<strong>crecimiento\u00a0<\/strong>de la\u00a0<strong>econom\u00eda\u00a0<\/strong>de los departamentos se encuentra en una evidente\u00a0<strong>desaceleraci\u00f3n<\/strong>.<\/p>\n<\/div>\n<\/div>\n<\/div>\n<\/div>\n<\/div>\n<\/div>\n<\/div>","protected":false},"excerpt":{"rendered":"<p>La\u00a0econom\u00eda\u00a0del departamento del\u00a0Atl\u00e1ntico\u00a0present\u00f3 un leve crecimiento del 0,7 % en el a\u00f1o 2023. As\u00ed lo confirm\u00f3 el\u00a0Departamento Administrativo Nacional de Estad\u00edstica (Dane)\u00a0a trav\u00e9s del informe del\u00a0PIB departamental\u00a0correspondiente al a\u00f1o total de 2023 frente al 2022. Este crecimiento super\u00f3 de forma ligera el promedio nacional que obtuvo un Producto Interno Bruto (PIB) del 0,6 %. Frentes<\/p>","protected":false},"author":1,"featured_media":12320,"comment_status":"closed","ping_status":"closed","sticky":false,"template":"","format":"standard","meta":{"footnotes":""},"categories":[342,181],"tags":[],"class_list":["post-12319","post","type-post","status-publish","format-standard","has-post-thumbnail","hentry","category-news","category-noticias"],"views":177,"_links":{"self":[{"href":"https:\/\/www.amchambaq.com\/en\/wp-json\/wp\/v2\/posts\/12319","targetHints":{"allow":["GET"]}}],"collection":[{"href":"https:\/\/www.amchambaq.com\/en\/wp-json\/wp\/v2\/posts"}],"about":[{"href":"https:\/\/www.amchambaq.com\/en\/wp-json\/wp\/v2\/types\/post"}],"author":[{"embeddable":true,"href":"https:\/\/www.amchambaq.com\/en\/wp-json\/wp\/v2\/users\/1"}],"replies":[{"embeddable":true,"href":"https:\/\/www.amchambaq.com\/en\/wp-json\/wp\/v2\/comments?post=12319"}],"version-history":[{"count":1,"href":"https:\/\/www.amchambaq.com\/en\/wp-json\/wp\/v2\/posts\/12319\/revisions"}],"predecessor-version":[{"id":12321,"href":"https:\/\/www.amchambaq.com\/en\/wp-json\/wp\/v2\/posts\/12319\/revisions\/12321"}],"wp:featuredmedia":[{"embeddable":true,"href":"https:\/\/www.amchambaq.com\/en\/wp-json\/wp\/v2\/media\/12320"}],"wp:attachment":[{"href":"https:\/\/www.amchambaq.com\/en\/wp-json\/wp\/v2\/media?parent=12319"}],"wp:term":[{"taxonomy":"category","embeddable":true,"href":"https:\/\/www.amchambaq.com\/en\/wp-json\/wp\/v2\/categories?post=12319"},{"taxonomy":"post_tag","embeddable":true,"href":"https:\/\/www.amchambaq.com\/en\/wp-json\/wp\/v2\/tags?post=12319"}],"curies":[{"name":"wp","href":"https:\/\/api.w.org\/{rel}","templated":true}]}}