{"id":12303,"date":"2024-05-30T15:20:02","date_gmt":"2024-05-30T20:20:02","guid":{"rendered":"https:\/\/www.amchambaq.com\/?p=12303"},"modified":"2024-05-30T15:20:02","modified_gmt":"2024-05-30T20:20:02","slug":"el-atlantico-cuenta-con-un-gran-potencial-de-crecimiento-en-comercio-exterior","status":"publish","type":"post","link":"https:\/\/www.amchambaq.com\/en\/el-atlantico-cuenta-con-un-gran-potencial-de-crecimiento-en-comercio-exterior\/","title":{"rendered":"El Atl\u00e1ntico cuenta con un gran potencial de crecimiento en comercio exterior"},"content":{"rendered":"<div id=\"body\" class=\"content-article size-m\">\n<p>El<strong>\u00a0departamento del Atl\u00e1ntico<\/strong>\u00a0tiene un gran potencial para diversificar, fortalecer e internacionalizar su\u00a0<strong>comercio exterior<\/strong>. As\u00ed lo manifestaron gremios y empresarios del sector, quienes ven al departamento en una considerable senda de\u00a0<strong>crecimiento<\/strong>.<\/p>\n<\/div>\n<div id=\"paragraphs\" class=\"content-article paragraphs size-m\">\n<div id=\"taboola-mid-article-reco-reel\" class=\"trc_related_container trc_spotlight_widget trc_elastic trc_elastic_rec-reel-2n5-b\" data-placement-name=\"Mid Article Reco Reel\">\n<div class=\"trc_rbox_container tbl-reco-reel story-widget tbl-reco-reel-text-under-slide-in story-widget-text-under-slide-in tbl-reco-reel-desktop tbl-story-desktop\">\n<div>\n<div id=\"trc_wrapper_73448\" class=\"trc_rbox rec-reel-2n5-b trc-content-hybrid\">\n<div id=\"trc_header_73448\" class=\"trc_rbox_header trc_rbox_border_elm\">\n<div class=\"trc_header_ext\">\n<p>En di\u00e1logo con\u00a0<a href=\"https:\/\/www.elheraldo.co\/\" rel=\"nofollow\">EL HERALDO<\/a>,\u00a0<strong>el presidente de Analdex, Javier D\u00edaz<\/strong>, sostuvo que el progreso del departamento ha sido considerable, ya que sus\u00a0<strong>exportaciones\u00a0<\/strong>en los \u00faltimos siete a\u00f1os han crecido un 64 %.<\/p>\n<p>\u201cLo que debe hacer el Atl\u00e1ntico es tratar de fortalecer y diversificar todo el trabajo que han venido realizando, en especial en las exportaciones no minero energ\u00e9ticas. Hay un buen material empresarial\u201d, destac\u00f3\u00a0<strong>Javier D\u00edaz\u00a0<\/strong>en el marco del decimotercer\u00a0<strong>Encuentro Empresarial y de Comercio Exterior del Caribe.<\/strong><\/p>\n<p>En ese sentido, agreg\u00f3 que el\u00a0<strong>Atl\u00e1ntico\u00a0<\/strong>ha comenzado a surgir fuertemente en el\u00a0<strong>comercio exterior\u00a0<\/strong>manufacturero, por lo que ve con buenos ojos este progreso.<\/p>\n<p>\u201cEl Atl\u00e1ntico le est\u00e1 agregando valor a sus empresas, y eso tambi\u00e9n es bueno para\u00a0<strong>Colombia\u00a0<\/strong>en un momento cr\u00edtico tanto para las exportaciones como las importaciones. Estamos creando productos con mayor desarrollo tecnol\u00f3gico,\u201d, dijo D\u00edaz.<\/p>\n<p>El\u00a0<strong>presidente de Analdex\u00a0<\/strong>sabe que el panorama del comercio exterior en\u00a0<strong>Colombia\u00a0<\/strong>no es f\u00e1cil, por lo que muchas empresas y gremios quieren que se trabaje en el tema de seguridad.<\/p>\n<p>\u201cEsta es una variable importante que preocupa a los empresarios, ya que la seguridad se ha deteriorado, no solamente la seguridad ciudadana, sino tambi\u00e9n la seguridad f\u00edsica y jur\u00eddica de las empresas. Ese es un punto clave para avanzar en la recuperaci\u00f3n\u201d, expres\u00f3 el\u00a0<strong>presidente de Analdex.<\/strong><\/p>\n<p>A su vez,<strong>\u00a0Manuel Fern\u00e1ndez Ariza, presidente de la C\u00e1mara de Comercio de Barranquilla<\/strong>, se\u00f1al\u00f3 que el Atl\u00e1ntico se ha destacado en sus exportaciones, y desde que el\u00a0<strong>Tratado de Libre Comercio (TLC)<\/strong>\u00a0con Estados Unidos entr\u00f3 en vigencia, las ventas externas del departamento han crecido un 495 %.<\/p>\n<p>\u201cEste es un incremento significativo que est\u00e1 por encima de muchos departamentos del pa\u00eds, por supuesto hay empresas que se destacan y son pujantes, que han crecido significativamente, son resilientes y han marcado esa pauta de crecer\u201d, dijo Fern\u00e1ndez.<\/p>\n<p>A\u00f1adi\u00f3 que lo que se pretende hacer desde la\u00a0<strong>C\u00e1mara de Comercio de Barranquilla\u00a0<\/strong>es que esos empresarios mediante videos, puedan contar sus experiencias en un programa que han denominado \u2018Mentes Globales\u2019, con el objetivo de que otros empresarios se animen, aprendan de sus errores y \u00e9xitos y se impulse una mentalidad exportadora en el\u00a0<strong>Atl\u00e1ntico\u00a0<\/strong>que se irrigue de todos los segmentos empresariales.<\/p>\n<\/div>\n<\/div>\n<\/div>\n<\/div>\n<\/div>\n<\/div>\n<\/div>","protected":false},"excerpt":{"rendered":"<p>El\u00a0departamento del Atl\u00e1ntico\u00a0tiene un gran potencial para diversificar, fortalecer e internacionalizar su\u00a0comercio exterior. As\u00ed lo manifestaron gremios y empresarios del sector, quienes ven al departamento en una considerable senda de\u00a0crecimiento. En di\u00e1logo con\u00a0EL HERALDO,\u00a0el presidente de Analdex, Javier D\u00edaz, sostuvo que el progreso del departamento ha sido considerable, ya que sus\u00a0exportaciones\u00a0en los \u00faltimos siete a\u00f1os<\/p>","protected":false},"author":1,"featured_media":12304,"comment_status":"closed","ping_status":"closed","sticky":false,"template":"","format":"standard","meta":{"footnotes":""},"categories":[342,181],"tags":[],"class_list":["post-12303","post","type-post","status-publish","format-standard","has-post-thumbnail","hentry","category-news","category-noticias"],"views":49,"_links":{"self":[{"href":"https:\/\/www.amchambaq.com\/en\/wp-json\/wp\/v2\/posts\/12303","targetHints":{"allow":["GET"]}}],"collection":[{"href":"https:\/\/www.amchambaq.com\/en\/wp-json\/wp\/v2\/posts"}],"about":[{"href":"https:\/\/www.amchambaq.com\/en\/wp-json\/wp\/v2\/types\/post"}],"author":[{"embeddable":true,"href":"https:\/\/www.amchambaq.com\/en\/wp-json\/wp\/v2\/users\/1"}],"replies":[{"embeddable":true,"href":"https:\/\/www.amchambaq.com\/en\/wp-json\/wp\/v2\/comments?post=12303"}],"version-history":[{"count":1,"href":"https:\/\/www.amchambaq.com\/en\/wp-json\/wp\/v2\/posts\/12303\/revisions"}],"predecessor-version":[{"id":12305,"href":"https:\/\/www.amchambaq.com\/en\/wp-json\/wp\/v2\/posts\/12303\/revisions\/12305"}],"wp:featuredmedia":[{"embeddable":true,"href":"https:\/\/www.amchambaq.com\/en\/wp-json\/wp\/v2\/media\/12304"}],"wp:attachment":[{"href":"https:\/\/www.amchambaq.com\/en\/wp-json\/wp\/v2\/media?parent=12303"}],"wp:term":[{"taxonomy":"category","embeddable":true,"href":"https:\/\/www.amchambaq.com\/en\/wp-json\/wp\/v2\/categories?post=12303"},{"taxonomy":"post_tag","embeddable":true,"href":"https:\/\/www.amchambaq.com\/en\/wp-json\/wp\/v2\/tags?post=12303"}],"curies":[{"name":"wp","href":"https:\/\/api.w.org\/{rel}","templated":true}]}}