{"id":12265,"date":"2024-05-08T08:34:11","date_gmt":"2024-05-08T13:34:11","guid":{"rendered":"https:\/\/www.amchambaq.com\/?p=12265"},"modified":"2024-05-08T08:34:11","modified_gmt":"2024-05-08T13:34:11","slug":"queremos-cerrar-las-brechas-digitales-en-el-atlantico-mintic","status":"publish","type":"post","link":"https:\/\/www.amchambaq.com\/en\/queremos-cerrar-las-brechas-digitales-en-el-atlantico-mintic\/","title":{"rendered":"\u201cQueremos cerrar las brechas digitales en el Atl\u00e1ntico\u201d: MinTIC"},"content":{"rendered":"<div id=\"body\" class=\"content-article size-m\">\n<p>Los cimientos del desarrollo en el\u00a0<strong>Atl\u00e1ntico\u00a0<\/strong>se sostienen en tres pilares fundamentales:\u00a0<strong>conectividad<\/strong>, ecosistemas de innovaci\u00f3n y\u00a0<strong>soluciones digitales<\/strong>. As\u00ed lo indic\u00f3 el\u00a0<strong>ministro TIC, Mauricio Lizcano<\/strong>, qui\u00e9n aprovech\u00f3 la visita del gabinete ministerial a\u00a0<strong>Barranquilla\u00a0<\/strong>para anunciar la hoja de ruta que se llevar\u00e1 a cabo en materia digital durante los pr\u00f3ximos meses en el departamento.<\/p>\n<\/div>\n<div id=\"paragraphs\" class=\"content-article paragraphs size-m\">\n<div class=\"field-collection-container clearfix\">\n<div class=\"field field-name-field-contenido-articulos-2 field-type-field-collection field-label-hidden\">\n<div class=\"field-item even\">\n<div class=\"field-collection-view clearfix view-mode-full field-collection-view-final\">\n<div>\n<div class=\"content\">\n<div class=\"paragraphs-items paragraphs-items-field-campos paragraphs-items-field-campos-full paragraphs-items-full\">\n<div class=\"field field-name-field-campos field-type-paragraphs field-label-hidden\">\n<div class=\"field-item even\">\n<div id=\"relacionado-body\">\n<div class=\"box-title\">\n<p>\u201cTenemos bastantes\u00a0<strong>inversiones\u00a0<\/strong>que hacer en el Atl\u00e1ntico, una de las m\u00e1s importantes es que vamos a hacer tres centros de formaci\u00f3n en la\u00a0<strong>inteligencia artificial<\/strong>. Ya tenemos escogidas los municipios que ser\u00e1n\u00a0<strong>Soledad<\/strong>,\u00a0<strong>Puerto Colombia\u00a0<\/strong>y\u00a0<strong>Sabanalarga<\/strong>, la idea es que la\u00a0<strong>Gobernaci\u00f3n\u00a0<\/strong>se encargue de mantener estas sedes, mientras que nosotros brindamos la\u00a0<strong>infraestructura<\/strong>, el modelo de formaci\u00f3n y el personal capacitado para el aprendizaje de las personas. Le recordamos a toda la ciudadan\u00eda que este servicio ser\u00e1 gratuito y las obras estar\u00edan dando comienzo en el mes de septiembre\u201d, explic\u00f3.<\/p>\n<p>A su vez, anunci\u00f3 que se invertir\u00e1n $498 mil millones para los programas de\u00a0<strong>educaci\u00f3n digital\u00a0<\/strong>en Barranquilla bajo la metodolog\u00eda \u2018<strong>Bootcamp<\/strong>\u2019.<\/p>\n<p>\u201cAtendiendo a las necesidades y demandas del sector laboral, queremos brindar la preparaci\u00f3n suficiente a los barranquilleros para que puedan formarse en temas de\u00a0<strong>programaci\u00f3n<\/strong>, habilidades digitales, aprendizaje del\u00a0<strong>ingl\u00e9s\u00a0<\/strong>y en liderazgo mediante un campamento de 4 meses en donde por la modalidad h\u00edbrida podr\u00e1n formarse en estas \u00e1reas. Ya tenemos casi 5 mil personas preinscritas. La comunidad local puede aplicar ya al proceso que se encuentra abierto en la p\u00e1gina del ministerio y que iniciar\u00e1 en el mes de julio. Nuestro objetivo es graduar a 10 mil atlanticenses este a\u00f1o y llegar a unos 134 mil en el mes de 2026\u201d, precis\u00f3.<\/p>\n<p>Por otra parte, Lizcano hizo menci\u00f3n del proyecto\u00a0<strong>Senatec<\/strong>, que refuerza la formaci\u00f3n en anal\u00edtica de datos y programaci\u00f3n en 36 Instituciones Educativas del departamento del Atl\u00e1ntico.<\/p>\n<div class=\"field-item odd\">\n<div class=\"entity entity-paragraphs-item paragraphs-item-descripcion\">\n<div class=\"content\">\n<div class=\"field field-name-field-descripcion field-type-text-long field-label-hidden\">\n<div class=\"field-items\">\n<div class=\"field-item even\">\n<p>\u201cEn enero comenzamos este lindo proyecto en 11 municipios del Atl\u00e1ntico que fortalece las habilidades digitales de los\u00a0<strong>estudiantes\u00a0<\/strong>de d\u00e9cimo y once grado en los\u00a0<strong>colegios oficiales<\/strong>, es algo totalmente p\u00fablico y todos los j\u00f3venes pueden aplicar. Actualmente tenemos m\u00e1s de 1.800 j\u00f3venes inscritos que tambi\u00e9n aprenden ingl\u00e9s en el proceso, algo que les servir\u00e1 para su futuro.\u201d, dijo.<\/p>\n<p>Posteriormente, el funcionario adelant\u00f3 que se est\u00e1 trabajando en otras iniciativas para la\u00a0<strong>conectividad digital\u00a0<\/strong>y la\u00a0<strong>innovaci\u00f3n\u00a0<\/strong>para la\u00a0<strong>regi\u00f3n Caribe<\/strong>.<\/p>\n<\/div>\n<\/div>\n<\/div>\n<\/div>\n<\/div>\n<\/div>\n<div class=\"field-item even\">\n<div id=\"relacionado-body\">\n<div class=\"box-title\">\n<div class=\"field-item odd\">\n<div class=\"entity entity-paragraphs-item paragraphs-item-descripcion\">\n<div class=\"content\">\n<div class=\"field field-name-field-descripcion field-type-text-long field-label-hidden\">\n<div class=\"field-items\">\n<div class=\"field-item even\">\n<p>\u201cLa estrategia ya est\u00e1 un poco avanzada porque nos hemos reunido con los empresarios y definido una hoja de ruta. Obviamente hay muchas iniciativas en este momento, pero especialmente en el Atl\u00e1ntico y Barranquilla vamos a tener varios convenios como &#8216;Potencia Digital&#8217;, un proyecto que impulsar\u00e1 y brindar\u00e1 apoyo a nuevos emprendedores y financiar\u00e1 40 grandes\u00a0<strong>proyectos\u00a0<\/strong>a trav\u00e9s de una inversi\u00f3n de $70 mil millones\u201d, sostuvo.<\/p>\n<\/div>\n<\/div>\n<\/div>\n<\/div>\n<\/div>\n<\/div>\n<div class=\"field-item even\">\n<div id=\"relacionado-body\">\n<div class=\"box-title\">\n<p>Sumado a esto, el Ministro TIC mostr\u00f3 un balance de los programas de conectividad en el departamento, entre los cuales se encuentra que 99<strong>\u00a0Juntas de Acci\u00f3n Comunal<\/strong>\u00a0ser\u00e1n impactadas para llevar\u00a0<strong>internet\u00a0<\/strong>a sus territorios, y otras 550 comunidades que se han preregistrado para hacer parte de esta estrategia.<\/p>\n<p>Adem\u00e1s, mencion\u00f3 la entrega de 1.652 computadoras y 109 laboratorios en 190 sedes educativas en el Atl\u00e1ntico.<\/p>\n<\/div>\n<\/div>\n<\/div>\n<\/div>\n<\/div>\n<\/div>\n<\/div>\n<\/div>\n<\/div>\n<\/div>\n<\/div>\n<\/div>\n<\/div>\n<\/div>\n<\/div>\n<\/div>\n<\/div>\n<\/div>","protected":false},"excerpt":{"rendered":"<p>Los cimientos del desarrollo en el\u00a0Atl\u00e1ntico\u00a0se sostienen en tres pilares fundamentales:\u00a0conectividad, ecosistemas de innovaci\u00f3n y\u00a0soluciones digitales. As\u00ed lo indic\u00f3 el\u00a0ministro TIC, Mauricio Lizcano, qui\u00e9n aprovech\u00f3 la visita del gabinete ministerial a\u00a0Barranquilla\u00a0para anunciar la hoja de ruta que se llevar\u00e1 a cabo en materia digital durante los pr\u00f3ximos meses en el departamento. \u201cTenemos bastantes\u00a0inversiones\u00a0que hacer en<\/p>","protected":false},"author":1,"featured_media":12266,"comment_status":"closed","ping_status":"closed","sticky":false,"template":"","format":"standard","meta":{"footnotes":""},"categories":[342,181],"tags":[],"class_list":["post-12265","post","type-post","status-publish","format-standard","has-post-thumbnail","hentry","category-news","category-noticias"],"views":44,"_links":{"self":[{"href":"https:\/\/www.amchambaq.com\/en\/wp-json\/wp\/v2\/posts\/12265","targetHints":{"allow":["GET"]}}],"collection":[{"href":"https:\/\/www.amchambaq.com\/en\/wp-json\/wp\/v2\/posts"}],"about":[{"href":"https:\/\/www.amchambaq.com\/en\/wp-json\/wp\/v2\/types\/post"}],"author":[{"embeddable":true,"href":"https:\/\/www.amchambaq.com\/en\/wp-json\/wp\/v2\/users\/1"}],"replies":[{"embeddable":true,"href":"https:\/\/www.amchambaq.com\/en\/wp-json\/wp\/v2\/comments?post=12265"}],"version-history":[{"count":1,"href":"https:\/\/www.amchambaq.com\/en\/wp-json\/wp\/v2\/posts\/12265\/revisions"}],"predecessor-version":[{"id":12267,"href":"https:\/\/www.amchambaq.com\/en\/wp-json\/wp\/v2\/posts\/12265\/revisions\/12267"}],"wp:featuredmedia":[{"embeddable":true,"href":"https:\/\/www.amchambaq.com\/en\/wp-json\/wp\/v2\/media\/12266"}],"wp:attachment":[{"href":"https:\/\/www.amchambaq.com\/en\/wp-json\/wp\/v2\/media?parent=12265"}],"wp:term":[{"taxonomy":"category","embeddable":true,"href":"https:\/\/www.amchambaq.com\/en\/wp-json\/wp\/v2\/categories?post=12265"},{"taxonomy":"post_tag","embeddable":true,"href":"https:\/\/www.amchambaq.com\/en\/wp-json\/wp\/v2\/tags?post=12265"}],"curies":[{"name":"wp","href":"https:\/\/api.w.org\/{rel}","templated":true}]}}