{"id":12251,"date":"2024-05-06T15:29:45","date_gmt":"2024-05-06T20:29:45","guid":{"rendered":"https:\/\/www.amchambaq.com\/?p=12251"},"modified":"2024-05-06T15:29:45","modified_gmt":"2024-05-06T20:29:45","slug":"colombia-exporta-por-primera-vez-13-toneladas-de-mango-de-azucar-a-ee-uu","status":"publish","type":"post","link":"https:\/\/www.amchambaq.com\/en\/colombia-exporta-por-primera-vez-13-toneladas-de-mango-de-azucar-a-ee-uu\/","title":{"rendered":"Colombia exporta, por primera vez, 13 toneladas de mango de az\u00facar a EE. UU."},"content":{"rendered":"<p>Un nuevo hito en la historia agroexportadora se logra con el env\u00edo de 13 toneladas de mango de az\u00facar colombiano por v\u00eda mar\u00edtima hacia Estados Unidos. Este cargamento parti\u00f3 desde Santa Marta con destino al Puerto de Savannah, Georgia, marcando as\u00ed el inicio de una nueva era en el comercio de esta fruta en el pa\u00eds.<\/p>\n<p>La\u00a0<strong>ministra de Agricultura, Jhenifer Mojica<\/strong>, resalt\u00f3 el trabajo mancomunado entre el ministerio y el\u00a0<strong>Instituto Colombiano Agropecuario, ICA<\/strong>, para apoyar todo el proceso desde la siembra hasta la\u00a0<strong>comercializaci\u00f3n<\/strong>.<\/p>\n<p>\u201cSe espera que este sea el primero de muchos env\u00edos de\u00a0<strong>mango de az\u00facar\u00a0<\/strong>por v\u00eda mar\u00edtima, y que se sumen a las exportaciones hacia la\u00a0<strong>Uni\u00f3n Europea\u00a0<\/strong>y pa\u00edses del\u00a0<strong>Medio Oriente<\/strong>, consolidando a\u00a0<strong>Colombia\u00a0<\/strong>como un pa\u00eds importante en el mercado global\u201d, se\u00f1al\u00f3 la ministra Mojica.<\/p>\n<p>La\u00a0<strong>fruta\u00a0<\/strong>exportada fue cultivada en los predios\u00a0<strong>Las Margaritas\u00a0<\/strong>y\u00a0<strong>Mi Caba\u00f1ita<\/strong>, ubicados en\u00a0<strong>Magdalena<\/strong>. Ambos cuentan con los registros correspondientes ante el\u00a0<strong>ICA<\/strong>.<\/p>\n<p>De igual forma, la planta empacadora y la empresa exportadora est\u00e1n debidamente habilitadas y han demostrado un compromiso con la calidad y los\u00a0<strong>est\u00e1ndares internacionales<\/strong>.<\/p>\n<p>\u201cEs importante destacar que este hito\u00a0 hace parte de los objetivos del Plan Estrat\u00e9gico \u2018ICA, m\u00e1s cerca del campo\u2019, y no solo representa una oportunidad para los productores de mango de\u00a0<strong>az\u00facar\u00a0<\/strong>en\u00a0<strong>Magdalena\u00a0<\/strong>y la\u00a0<strong>regi\u00f3n Caribe<\/strong>, sino que tambi\u00e9n abre nuevas puertas para posicionar otros productos agr\u00edcolas colombianos en el mercado estadounidense\u201d, se\u00f1al\u00f3 el\u00a0<strong>gerente general del ICA, Juan Fernando Roa.<\/strong><\/p>\n<p>Durante 2023, se exportaron 211.824 kilogramos de\u00a0<strong>mango de az\u00facar<\/strong>\u00a0por v\u00eda a\u00e9rea. Entre enero y abril de este a\u00f1o se han exportado 105.809 kilogramos de esta\u00a0<strong>fruta<\/strong>.<\/p>\n<p>Tomado de: El Heraldo<\/p>","protected":false},"excerpt":{"rendered":"<p>Un nuevo hito en la historia agroexportadora se logra con el env\u00edo de 13 toneladas de mango de az\u00facar colombiano por v\u00eda mar\u00edtima hacia Estados Unidos. Este cargamento parti\u00f3 desde Santa Marta con destino al Puerto de Savannah, Georgia, marcando as\u00ed el inicio de una nueva era en el comercio de esta fruta en el<\/p>","protected":false},"author":1,"featured_media":12252,"comment_status":"closed","ping_status":"closed","sticky":false,"template":"","format":"standard","meta":{"footnotes":""},"categories":[342,181],"tags":[],"class_list":["post-12251","post","type-post","status-publish","format-standard","has-post-thumbnail","hentry","category-news","category-noticias"],"views":53,"_links":{"self":[{"href":"https:\/\/www.amchambaq.com\/en\/wp-json\/wp\/v2\/posts\/12251","targetHints":{"allow":["GET"]}}],"collection":[{"href":"https:\/\/www.amchambaq.com\/en\/wp-json\/wp\/v2\/posts"}],"about":[{"href":"https:\/\/www.amchambaq.com\/en\/wp-json\/wp\/v2\/types\/post"}],"author":[{"embeddable":true,"href":"https:\/\/www.amchambaq.com\/en\/wp-json\/wp\/v2\/users\/1"}],"replies":[{"embeddable":true,"href":"https:\/\/www.amchambaq.com\/en\/wp-json\/wp\/v2\/comments?post=12251"}],"version-history":[{"count":1,"href":"https:\/\/www.amchambaq.com\/en\/wp-json\/wp\/v2\/posts\/12251\/revisions"}],"predecessor-version":[{"id":12253,"href":"https:\/\/www.amchambaq.com\/en\/wp-json\/wp\/v2\/posts\/12251\/revisions\/12253"}],"wp:featuredmedia":[{"embeddable":true,"href":"https:\/\/www.amchambaq.com\/en\/wp-json\/wp\/v2\/media\/12252"}],"wp:attachment":[{"href":"https:\/\/www.amchambaq.com\/en\/wp-json\/wp\/v2\/media?parent=12251"}],"wp:term":[{"taxonomy":"category","embeddable":true,"href":"https:\/\/www.amchambaq.com\/en\/wp-json\/wp\/v2\/categories?post=12251"},{"taxonomy":"post_tag","embeddable":true,"href":"https:\/\/www.amchambaq.com\/en\/wp-json\/wp\/v2\/tags?post=12251"}],"curies":[{"name":"wp","href":"https:\/\/api.w.org\/{rel}","templated":true}]}}