{"id":12236,"date":"2024-05-06T08:30:09","date_gmt":"2024-05-06T13:30:09","guid":{"rendered":"https:\/\/www.amchambaq.com\/?p=12236"},"modified":"2024-05-06T08:30:09","modified_gmt":"2024-05-06T13:30:09","slug":"mandatarios-del-caribe-piden-no-modificar-el-precio-del-transporte-de-gas","status":"publish","type":"post","link":"https:\/\/www.amchambaq.com\/en\/mandatarios-del-caribe-piden-no-modificar-el-precio-del-transporte-de-gas\/","title":{"rendered":"Mandatarios del Caribe piden no modificar el precio del transporte de gas"},"content":{"rendered":"<p>En el\u00a0<strong>Caribe colombiano\u00a0<\/strong>ha sido rotundo el rechazo al proyecto que viene analizando la\u00a0<strong>Comisi\u00f3n de Regulaci\u00f3n de Energ\u00eda y Gas (Creg)<\/strong>\u00a0y que abre la posibilidad a la integraci\u00f3n de las redes de transmisi\u00f3n de gas, creando una sola tarifa y que conllevar\u00eda a incrementos de la tarifa para los\u00a0<strong>hogares\u00a0<\/strong>e\u00a0<strong>industrias<\/strong>.<\/p>\n<p>Gobernadores, alcaldes, diputados y concejales de la\u00a0<strong>regi\u00f3n\u00a0<\/strong>aseguraron a\u00a0<a href=\"https:\/\/www.elheraldo.co\/\" rel=\"nofollow\">EL HERALDO<\/a>\u00a0que dicha medida es contraproducente, en medio de la cr\u00edtica situaci\u00f3n que se vive por las altas tarifas de energ\u00eda. Por eso hicieron un llamado al Gobierno para descartar modificaciones en el precio del transporte del gas y as\u00ed garantizar estabilidad en la prestaci\u00f3n de este servicio.<\/p>\n<p>El\u00a0<strong>gobernador de La Guajira, Jairo Aguilar<\/strong>, calific\u00f3 como \u201cinjusto\u201d e \u201cinequitativo\u201d que el departamento sufra un incremento en la\u00a0<strong>tarifa\u00a0<\/strong>de\u00a0<strong>transporte\u00a0<\/strong>de\u00a0<strong>gas<\/strong>,\u00a0 puesto que generar\u00eda afectaciones a los usuarios.<\/p>\n<p>Explic\u00f3 que la empresa\u00a0<strong>Gases de La Guajira<\/strong>\u00a0presta el servicio a m\u00e1s de 138 mil usuarios entre residenciales y no residenciales, de los cuales, m\u00e1s del 85 % corresponden a estratos 1 y 2.<\/p>\n<p>\u201cEsto agravar\u00eda sus condiciones de vida. El incremento en la\u00a0<strong>tarifa\u00a0<\/strong>de\u00a0<strong>gas\u00a0<\/strong>tambi\u00e9n podr\u00eda incrementar la tarifa de energ\u00eda el\u00e9ctrica, porque parte de la energ\u00eda requerida para atender la\u00a0<strong>demanda nacional<\/strong>, especialmente en \u00e9pocas como el<strong>\u00a0Fen\u00f3meno del Ni\u00f1o,<\/strong>\u00a0es generada por centrales termoel\u00e9ctricas, las cuales trabajan mayoritariamente con gas\u201d, expuso.<\/p>\n<p>Indic\u00f3 que si bien el departamento cuenta con amplias potencialidades para la explotaci\u00f3n de gas, tambi\u00e9n existe una \u201camplia brecha\u201d con relaci\u00f3n a la<strong>\u00a0calidad de vida.<\/strong><\/p>\n<p>\u201cEl \u00faltimo<strong>\u00a0\u00cdndice Multidimensional de Pobreza Energ\u00e9tica (IMPE),<\/strong>\u00a0elaborado por\u00a0<strong>Promigas<\/strong>, muestra que el 70.7 % de la poblaci\u00f3n guajira no tiene una fuente de\u00a0<strong>energ\u00eda<\/strong>, cifra que dista en gran medida de departamentos y ciudades como\u00a0<strong>Bogot\u00e1, Valle del Cauca o San Andr\u00e9s<\/strong>, cuyo IMPE es menor al 5 %\u201d, explic\u00f3.<\/p>\n<p>Destac\u00f3 que el departamento peninsular ha sido un \u201cactor fundamental\u201d en la producci\u00f3n de gas natural en el pa\u00eds, concentr\u00e1ndose en los campos de\u00a0<strong>Chuchupa\u00a0<\/strong>y\u00a0<strong>Ballena<\/strong>.<\/p>\n<p>\u201cHace poco,\u00a0<strong>Ecopetrol\u00a0<\/strong>anunci\u00f3 que ampl\u00eda su potencial de gas con la reciente perforaci\u00f3n del pozo Orca Norte-1, resultados que est\u00e1n en evaluaci\u00f3n para determinar su\u00a0<strong>viabilidad comercial<\/strong>, y pr\u00f3ximamente comenzar\u00e1 la perforaci\u00f3n costa afuera del Pozo Uchuva-2, junto a\u00a0<strong>Petrobras<\/strong>. Ambos pozos ubicados en nuestro departamento\u201d, recalc\u00f3 el mandatario.<\/p>\n<p>Indic\u00f3 que este panorama se debe convertir en una \u201coportunidad\u201d para que el Gobierno nacional impulse el desarrollo de proyectos de energ\u00eda renovables, con el fin de \u201cdiversificar la matriz el\u00e9ctrica del pa\u00eds, contar con m\u00e1s fuentes de generaci\u00f3n de energ\u00eda, e incentivar mayor competencia en el mercado, con miras a lograr tarifas m\u00e1s justas, especialmente para los departamentos del Caribe Colombiano\u201d.<\/p>\n<div class=\"field-item even\">\n<div class=\"content-titulo\">\n<div class=\"titulo\">Rechazo desde el Cesar<\/div>\n<\/div>\n<\/div>\n<div class=\"field-item odd\">\n<div class=\"entity entity-paragraphs-item paragraphs-item-descripcion\">\n<div class=\"content\">\n<div class=\"field field-name-field-descripcion field-type-text-long field-label-hidden\">\n<div class=\"field-items\">\n<div class=\"field-item even\">\n<p><strong>Elvia Sanju\u00e1n, gobernadora del Cesar<\/strong>, insisti\u00f3 en la necesidad de que la\u00a0<strong>Comisi\u00f3n de Regulaci\u00f3n de Energ\u00eda y Gas (Creg)<\/strong>\u00a0no modifique la f\u00f3rmula para la fijaci\u00f3n del precio de<strong>\u00a0transporte del gas.<\/strong><\/p>\n<p>\u201cEn \u00e9poca de\u00a0<strong>escasez de lluvias<\/strong>, las plantas t\u00e9rmicas son las llamadas a generar la energ\u00eda el\u00e9ctrica y si el costo de la\u00a0<strong>tarifa\u00a0<\/strong>de\u00a0<strong>gas\u00a0<\/strong>aumenta, autom\u00e1ticamente aumentar\u00e1 el costo del kilovatio, afectando a los usuarios de la\u00a0<strong>costa Caribe\u00a0<\/strong>y por ende al Cesar, que de por s\u00ed ya estamos afectados por las\u00a0<strong>formulas tarifarias\u00a0<\/strong>injustas\u201d, sostuvo.<\/p>\n<p>Explic\u00f3, adem\u00e1s, que el incremento del\u00a0<strong>gas\u00a0<\/strong>afecta la competitividad del sistema de transporte en\u00a0<strong>Valledupar<\/strong>, la industria y el\u00a0<strong>comercio\u00a0<\/strong>que requieren de este combustible para el desarrollo de sus actividades.<\/p>\n<p>\u201cLas pocas ventajas competitivas que tenemos en el\u00a0<strong>Cesar\u00a0<\/strong>con la actual tarifa de gas se ver\u00e1n afectadas; se ver\u00e1 afectado el\u00a0<strong>empleo<\/strong>, el ingreso de los peque\u00f1os empresarios y los miles de usuarios residenciales\u201d, agreg\u00f3.<\/p>\n<p>La mandataria destac\u00f3 que \u2013seg\u00fan estad\u00edsticas del\u00a0<strong>Ministerio de Minas y Energ\u00eda<\/strong>, a corte del cuatro trimestre del a\u00f1o anterior\u2013 en el departamento existen un total de 282.534 usuarios del\u00a0<strong>gas natural<\/strong>, de los cuales, 279.730 son del orden residencial y 2.742 corresponden al sector comercial.<\/p>\n<p>\u201cCon estas medidas desiguales para las regiones, se pone en riesgo la seguridad alimentaria de miles de cesarenses; estamos seguros de que la Creg sabr\u00e1 escuchar el clamor del caribe, y no permitir\u00e1 que se siga afectando a los ciudadanos m\u00e1s humildes\u201d, recalc\u00f3.<\/p>\n<div class=\"field-item even\">\n<div class=\"content-titulo\">\n<div class=\"titulo\">Afectaciones en Sucre<\/div>\n<\/div>\n<\/div>\n<div class=\"field-item odd\">\n<div class=\"entity entity-paragraphs-item paragraphs-item-descripcion\">\n<div class=\"content\">\n<div class=\"field field-name-field-descripcion field-type-text-long field-label-hidden\">\n<div class=\"field-items\">\n<div class=\"field-item even\">\n<p><strong>Lucy Garc\u00eda Montes, gobernadora de Sucre<\/strong>, expuso que de aprobarse el mencionado proyecto, en su departamento precio del\u00a0<strong>gas\u00a0<\/strong>podr\u00eda llegar a subir un 24.5% al pasar de 229 a 285 pesos por metro c\u00fabico, lo que ser\u00eda duro para la mayor\u00eda de las familias de esta regi\u00f3n que ya est\u00e1n \u201casfixiadas\u201d por los altos costos de los\u00a0<strong>servicios p\u00fablicos<\/strong>.<\/p>\n<p>\u201cEl gas ayuda a muchas\u00a0<strong>familias\u00a0<\/strong>a cocinar de forma segura y sin da\u00f1ar el medio ambiente. Tambi\u00e9n ayuda a evitar la tala de \u00e1rboles y protege la salud de las personas\u201d, explic\u00f3.<\/p>\n<p>Recalc\u00f3 que esta coyuntura tendr\u00eda impactos en la\u00a0<strong>crisis\u00a0<\/strong>que se vive por las altas temperaturas de energ\u00eda: \u201cLa\u00a0<strong>Creg\u00a0<\/strong>debe tener en cuenta que en el departamento ya se est\u00e1 pagando un precio por kilovatio superior a los 1.000 pesos y los hogares no resisten un aumento m\u00e1s\u201d.<\/p>\n<p>Por eso inst\u00f3 al\u00a0<strong>Gobierno nacional\u00a0<\/strong>y a la\u00a0<strong>Creg\u00a0<\/strong>que revisen con lupa la propuesta de\u00a0<strong>Vanti<\/strong>, priorizando las posibles afectaciones a los habitantes del\u00a0<strong>Caribe<\/strong>.<\/p>\n<p>\u201cSi los an\u00e1lisis muestran que la propuesta va a hacer m\u00e1s dif\u00edcil la vida de nuestra gente, deber\u00eda ser rechazada. Necesitamos soluciones que realmente ayuden a mejorar la situaci\u00f3n de los servicios b\u00e1sicos y no que la empeoren\u201d, agreg\u00f3.<\/p>\n<p>Por \u00faltimo dijo que \u201cno estamos dispuestos a aceptar un aumento m\u00e1s en el precio de los servicios p\u00fablicos que afecten el bienestar de nuestra poblaci\u00f3n y que paren nuestro desarrollo econ\u00f3mico y social\u201d.<\/p>\n<\/div>\n<\/div>\n<\/div>\n<\/div>\n<\/div>\n<\/div>\n<div class=\"field-item even\">\n<div class=\"shares\"><\/div>\n<div class=\"content-titulo\">\n<div class=\"titulo\">Otras voces<\/div>\n<\/div>\n<\/div>\n<div class=\"field-item odd\">\n<div class=\"entity entity-paragraphs-item paragraphs-item-descripcion\">\n<div class=\"content\">\n<div class=\"field field-name-field-descripcion field-type-text-long field-label-hidden\">\n<div class=\"field-items\">\n<div class=\"field-item even\">\n<p><strong>Harry Canedo, diputado del Atl\u00e1ntico<\/strong>, indic\u00f3 que la aprobaci\u00f3n de dicha propuesta tendr\u00eda un impacto \u201cdr\u00e1stico\u201d.<\/p>\n<p>\u201cEs una afrenta que la Creg adelante un estudio para incrementar el costo del transporte de gasta para el\u00a0<strong>Caribe colombiano<\/strong>. Los\u00a0<strong>atlanticenses\u00a0<\/strong>est\u00e1n sufriendo por las altas tarifas de energ\u00eda y aumentarle ese porcentaje es un golpe en el costo de otros servicios p\u00fablicos y afecta nuestro bolsillo\u201d, expuso.<\/p>\n<p>Insisti\u00f3 en la necesidad de que se reverse dicho prop\u00f3sito, teniendo en cuenta que \u201cel Caribe no puede seguir siendo el afectado con el alza de las tarifas de los servicios p\u00fablicos; la\u00a0<strong>Creg\u00a0<\/strong>debe ayudarnos a tener una mejor calidad de vida y evitar acciones agresivas contra la Costa\u201d.<\/p>\n<p>Mientras que el diputado\u00a0<strong>Camilo Torres\u00a0<\/strong>indic\u00f3 que es una \u201cmedida injusta\u201d que refuerza el centralismo que ha imperado en el pa\u00eds durante d\u00e9cadas y ha generado atraso social para el\u00a0<strong>Caribe\u00a0<\/strong>colombiano.<\/p>\n<p>\u201cNo es justo que teniendo nosotros la cercan\u00eda geogr\u00e1fica con los grandes productores y distribuidores de\u00a0<strong>gas<\/strong>, tengamos que pagar por el transporte del mismo, m\u00e1s, o igual que en el interior del pa\u00eds, siendo que hay miles de kil\u00f3metros que nos separan\u201d, dijo.<\/p>\n<\/div>\n<\/div>\n<\/div>\n<\/div>\n<\/div>\n<\/div>\n<div class=\"field-item even\">\n<div class=\"box-title\">\n<div class=\"field-item odd\">\n<div class=\"entity entity-paragraphs-item paragraphs-item-descripcion\">\n<div class=\"content\">\n<div class=\"field field-name-field-descripcion field-type-text-long field-label-hidden\">\n<div class=\"field-items\">\n<div class=\"field-item even\">\n<p>Agreg\u00f3 que \u201cesta propuesta naci\u00f3 en la capital del pa\u00eds, donde desconocen por completo \u2018los malabares\u2019 que tienen que hacer las\u00a0<strong>familias atlanticenses\u00a0<\/strong>para poder pagar solo un servicio p\u00fablico como lo es el de la luz\u201d.<\/p>\n<p>El tambi\u00e9n diputado\u00a0<strong>Alfredo Varela\u00a0<\/strong>fue enf\u00e1tico al sostener que la propuesta de unificar la\u00a0<strong>tarifa\u00a0<\/strong>de\u00a0<strong>transporte de gas<\/strong>\u00a0generar\u00eda un impacto negativo en la\u00a0<strong>regi\u00f3n Caribe\u00a0<\/strong>en general.<\/p>\n<p>Sostuvo que este incremento en las tarifas podr\u00eda hace m\u00e1s grave la tensi\u00f3n\u00a0 por las altas tarifas de energ\u00eda en el\u00a0<strong>Caribe<\/strong>: Si la\u00a0<strong>Creg\u00a0<\/strong>implementa esta medida, empeorar\u00e1 la crisis de\u00a0<strong>servicios p\u00fablicos\u00a0<\/strong>en la regi\u00f3n, ya que una parte significativa de la poblaci\u00f3n invierte una gran proporci\u00f3n de sus ingresos en pagar estos\u00a0<strong>servicios<\/strong>\u201d.<\/p>\n<p>Por eso recalc\u00f3 que es \u201ccrucial\u201d realizar un ajuste en las pol\u00edticas que tenga en cuenta la capacidad econ\u00f3mica de los habitantes de la regi\u00f3n y\u00a0<strong>condiciones\u00a0<\/strong>de nuestra zona, as\u00ed como \u201cbusque mitigar, en lugar de exacerbar, las desigualdades existentes\u201d.<\/p>\n<p>La diputada liberal\u00a0<strong>Isabella Pulgar\u00a0<\/strong>puso de presente que el servicio de\u00a0<strong>gas\u00a0<\/strong>domiciliario es el menos costoso para los hogares del\u00a0<strong>Caribe colombiano\u00a0<\/strong>y un incremento en ese monto ser\u00eda \u201ccatastr\u00f3fico\u201d para las econom\u00edas de las familias.<\/p>\n<\/div>\n<\/div>\n<\/div>\n<\/div>\n<\/div>\n<\/div>\n<div class=\"field-item even\">\n<div id=\"relacionado-body\">\n<div class=\"box-title\">\n<div class=\"field-item odd\">\n<div class=\"entity entity-paragraphs-item paragraphs-item-descripcion\">\n<div class=\"content\">\n<div class=\"field field-name-field-descripcion field-type-text-long field-label-hidden\">\n<div class=\"field-items\">\n<div class=\"field-item even\">\n<p>\u201cSe afectar\u00eda el empleo al cerrarse fuentes de trabajo porque son muchas las empresas que operan con gas natural y al elevarse sus costos de producci\u00f3n ser\u00edan menos competitivas\u201d, explic\u00f3 la asamble\u00edsta liberal.<\/p>\n<p>Sostuvo, adem\u00e1s, que dicha problem\u00e1tica no solo ahondar\u00eda la crisis social, sino que la har\u00eda \u201cinsostenible\u201d: \u201cSi ya estamos asfixiados con las altas tarifas de energ\u00eda ese incremento en el gas natural traer\u00e1 m\u00e1s pobreza y miseria para muchos sectores\u201d.<\/p>\n<p><strong>Antonio Boh\u00f3rquez, concejal de Barranquilla<\/strong>, indic\u00f3 que la propuesta es \u201ccontroversial\u201d y que no se pueden seguir asestando golpes a la regi\u00f3n con los\u00a0<strong>servicios p\u00fablicos.<\/strong><\/p>\n<p>\u201cEstamos estudiando y revisando cada palabra de esa propuesta que estudia la\u00a0<strong>Creg\u00a0<\/strong>para presentar una nueva propuesta. La clave es defender la buena prestaci\u00f3n del servicio y que no golpee m\u00e1s duramente a la canasta familiar, al bolsillo de los usuarios\u201d, recalc\u00f3.<\/p>\n<\/div>\n<\/div>\n<\/div>\n<\/div>\n<\/div>\n<\/div>\n<div class=\"field-item even\">\n<div class=\"shares\"><\/div>\n<div class=\"content-titulo\">\n<div class=\"titulo\">M\u00e1s rechazos<\/div>\n<\/div>\n<\/div>\n<div class=\"field-item odd\">\n<div class=\"entity entity-paragraphs-item paragraphs-item-descripcion\">\n<div class=\"content\">\n<div class=\"field field-name-field-descripcion field-type-text-long field-label-hidden\">\n<div class=\"field-items\">\n<div class=\"field-item even\">\n<p>El concejal\u00a0<strong>Juan David Abisambra<\/strong>, de\u00a0<strong>Cambio Radical<\/strong>, indic\u00f3 que el incremento en el precio del servicio de gas obligar\u00eda a los\u00a0<strong>barranquilleros\u00a0<\/strong>a destinar m\u00e1s recursos mensualmente al pago de dicho servicio.<\/p>\n<p>\u201cEsto ocasionar\u00eda que las familias barranquilleras tengan menos recursos disponibles para la compra de alimentos, el pago de sus viviendas, otros gastos de consumo, el ahorro y la inversi\u00f3n, por lo que en Barranquilla se aumentar\u00eda la pobreza, el hambre, la inseguridad y la desigualdad, entre otras\u00a0<strong>problem\u00e1ticas sociales<\/strong>\u201d, indic\u00f3.<\/p>\n<p>Expuso que dicha situaci\u00f3n pondr\u00eda en jaque el desarrollo econ\u00f3mico y social de la ciudad: \u201cEs inaudito que en medio de una crisis por altas<strong>\u00a0tarifas de energ\u00eda<\/strong>\u00a0en lugar de brindar una soluci\u00f3n se ahonde en el problema. Esto no puede seguir pasando, ya no aguantamos el abuso al que estamos siendo sometidos con las altas tarifas en los servicios p\u00fablicos\u201d.<\/p>\n<p>Mientras que la concejal\u00a0<strong>Heidy Barrera\u00a0<\/strong>sostuvo que el gas es un \u201crecurso fundamental\u201d para la regi\u00f3n y que es utilizado \u201campliamente\u201d por hogares,\u00a0<strong>industrias\u00a0<\/strong>y\u00a0<strong>comercios<\/strong>: \u201cUn incremento en su precio afectar\u00eda gravemente la calidad de vida de los habitantes, generando un aumento en los gastos diarios y reduciendo la capacidad adquisitiva de la\u00a0<strong>poblaci\u00f3n<\/strong>\u201d.<\/p>\n<p>Expuso que la\u00a0<strong>Creg\u00a0<\/strong>debe reconsiderar cualquier medida que pueda resultar en un aumento desproporcionado en las tarifas de transporte de\u00a0<strong>gas<\/strong>.<\/p>\n<div class=\"field-item odd\">\n<div class=\"entity entity-paragraphs-item paragraphs-item-descripcion\">\n<div class=\"content\">\n<div class=\"field field-name-field-descripcion field-type-text-long field-label-hidden\">\n<div class=\"field-items\">\n<div class=\"field-item even\">\n<p>\u201cSe debe realizar una evaluaci\u00f3n detallada de las repercusiones\u00a0<strong>socioecon\u00f3micas\u00a0<\/strong>de dichas decisiones, priorizando el bienestar de la poblaci\u00f3n y buscando alternativas que no comprometan la estabilidad econ\u00f3mica y el desarrollo de la\u00a0<strong>regi\u00f3n<\/strong>\u201d, cerr\u00f3.<\/p>\n<\/div>\n<\/div>\n<\/div>\n<\/div>\n<\/div>\n<\/div>\n<div class=\"field-item even\">\n<div class=\"shares\"><\/div>\n<div class=\"content-titulo\">\n<div class=\"titulo\">Nuevos rechazos desde el Congreso<\/div>\n<\/div>\n<\/div>\n<div class=\"field-item odd\">\n<div class=\"entity entity-paragraphs-item paragraphs-item-descripcion\">\n<div class=\"content\">\n<div class=\"field field-name-field-descripcion field-type-text-long field-label-hidden\">\n<div class=\"field-items\">\n<div class=\"field-item even\">\n<p><strong>El representante a la C\u00e1mara Gersel P\u00e9rez<\/strong>\u00a0indic\u00f3 que la medida se convertir\u00eda en un \u201c<strong>golpe\u00a0<\/strong>considerable\u201d, puesto que afectar\u00eda a los ciudadanos de los estratos 1 y 2, que en el Atl\u00e1ntico constituyen el 75 % de los usuarios de\u00a0<strong>gas<\/strong>.<\/p>\n<p>\u201cLa seguridad alimentaria de nuestra gente estar\u00eda en riesgo. Los\u00a0<strong>atlanticenses\u00a0<\/strong>y todos los caribe\u00f1os no podemos asumir un alivio para el resto del pa\u00eds cuando aqu\u00ed estamos sufriendo con las tarifas de energ\u00eda sin soluci\u00f3n del Gobierno\u201d, agreg\u00f3.<\/p>\n<p>Puso de presente que la materializaci\u00f3n de dicho proyecto conllevar\u00eda a un \u201cdescenso sin precedentes en nuestra econom\u00eda y competitividad con respecto a otras zonas del pa\u00eds, generando\u00a0<strong>pobreza\u00a0<\/strong>y\u00a0<strong>desigualdad social<\/strong>\u201d.<\/p>\n<p>Calific\u00f3 como \u201cirrisorio\u201d el comportamiento del\u00a0<strong>Gobierno nacional\u00a0<\/strong>frente a la\u00a0<strong>regi\u00f3n Caribe<\/strong>: \u201cEl Estado debe asegurar que los\u00a0<strong>servicios p\u00fablicos\u00a0<\/strong>sean para el mejoramiento de la calidad de vida de los usuarios, un\u00a0 incremento en otro servicio es reafirmar su nefasto compromiso con los caribe\u00f1os\u201d.<\/p>\n<\/div>\n<\/div>\n<\/div>\n<\/div>\n<\/div>\n<\/div>\n<div class=\"field-item even\">\n<div class=\"shares\"><\/div>\n<div class=\"content-titulo\">\n<div class=\"titulo\">Alcalde de Santa Marta advierte por nueva \u201ccrisis social\u201d<\/div>\n<\/div>\n<\/div>\n<div class=\"field-item odd\">\n<div class=\"entity entity-paragraphs-item paragraphs-item-descripcion\">\n<div class=\"content\">\n<div class=\"field field-name-field-descripcion field-type-text-long field-label-hidden\">\n<div class=\"field-items\">\n<div class=\"field-item even\">\n<p>El<strong>\u00a0alcalde de Santa Marta, Carlos Pinedo<\/strong>, indic\u00f3 que la ciudad tendr\u00eda una \u201cafectaci\u00f3n significativa\u201d de prosperar la propuesta de unificar el precio de transporte de gas, debido a que incrementar\u00e1 los costos operativos de nuestras empresas y agravando la\u00a0<strong>econom\u00eda familiar<\/strong>.<\/p>\n<p>\u201cEste aumento puede reducir la competitividad, impactando negativamente en la creaci\u00f3n de\u00a0<strong>empleo formal<\/strong>. Ya enfrentamos desaf\u00edos con las elevadas tarifas de energ\u00eda, que son cada vez m\u00e1s dif\u00edciles de manejar para nuestro sector productivo y familias de todos los estratos socioecon\u00f3micos\u201d, indic\u00f3.<\/p>\n<p>Expuso que en la capital del\u00a0<strong>Magdalena\u00a0<\/strong>hay cerca de 150.544 usuarios residenciales, 2.732 de car\u00e1cter comerciales y 104 usuarios industriales de gas natural.<\/p>\n<p>Puso de presente que\u00a0<strong>Santa Marta\u00a0<\/strong>vive una compleja situaci\u00f3n debido a las altas tarifas de energ\u00eda y el abastecimiento de agua potable.<\/p>\n<p>\u201cSi se a\u00f1aden costos m\u00e1s elevados al\u00a0<strong>gas<\/strong>, es probable que nuestras comunidades, ya frustradas y desesperadas, intensifiquen las protestas. Estamos al borde de un estallido social, y es crucial que el gobierno nacional preste atenci\u00f3n a estas se\u00f1ales\u201d, dijo.<\/p>\n<p>Invit\u00f3 a los comisionados de la\u00a0<strong>Creg\u00a0<\/strong>a que visiten la ciudad y puedan conocer la situaci\u00f3n de primera mano: \u201cEsperamos que el\u00a0<strong>presidente de la Rep\u00fablica<\/strong>, a trav\u00e9s de su\u00a0<strong>ministro de Minas<\/strong>, presente la urgencia de adaptar las tarifas a nuestra\u00a0<strong>realidad econ\u00f3mica\u00a0<\/strong>y eviten formalizar una propuesta que solo agravar\u00eda nuestra situaci\u00f3n\u201d.<\/p>\n<p>Tomado de: EL HERALDO<\/p>\n<\/div>\n<\/div>\n<\/div>\n<\/div>\n<\/div>\n<\/div>\n<\/div>\n<\/div>\n<\/div>\n<\/div>\n<\/div>\n<\/div>\n<\/div>\n<\/div>\n<\/div>\n<\/div>\n<\/div>\n<\/div>\n<\/div>\n<\/div>\n<\/div>\n<\/div>\n<\/div>","protected":false},"excerpt":{"rendered":"<p>En el\u00a0Caribe colombiano\u00a0ha sido rotundo el rechazo al proyecto que viene analizando la\u00a0Comisi\u00f3n de Regulaci\u00f3n de Energ\u00eda y Gas (Creg)\u00a0y que abre la posibilidad a la integraci\u00f3n de las redes de transmisi\u00f3n de gas, creando una sola tarifa y que conllevar\u00eda a incrementos de la tarifa para los\u00a0hogares\u00a0e\u00a0industrias. Gobernadores, alcaldes, diputados y concejales de la\u00a0regi\u00f3n\u00a0aseguraron<\/p>","protected":false},"author":1,"featured_media":12237,"comment_status":"closed","ping_status":"closed","sticky":false,"template":"","format":"standard","meta":{"footnotes":""},"categories":[342,181],"tags":[],"class_list":["post-12236","post","type-post","status-publish","format-standard","has-post-thumbnail","hentry","category-news","category-noticias"],"views":31,"_links":{"self":[{"href":"https:\/\/www.amchambaq.com\/en\/wp-json\/wp\/v2\/posts\/12236","targetHints":{"allow":["GET"]}}],"collection":[{"href":"https:\/\/www.amchambaq.com\/en\/wp-json\/wp\/v2\/posts"}],"about":[{"href":"https:\/\/www.amchambaq.com\/en\/wp-json\/wp\/v2\/types\/post"}],"author":[{"embeddable":true,"href":"https:\/\/www.amchambaq.com\/en\/wp-json\/wp\/v2\/users\/1"}],"replies":[{"embeddable":true,"href":"https:\/\/www.amchambaq.com\/en\/wp-json\/wp\/v2\/comments?post=12236"}],"version-history":[{"count":1,"href":"https:\/\/www.amchambaq.com\/en\/wp-json\/wp\/v2\/posts\/12236\/revisions"}],"predecessor-version":[{"id":12238,"href":"https:\/\/www.amchambaq.com\/en\/wp-json\/wp\/v2\/posts\/12236\/revisions\/12238"}],"wp:featuredmedia":[{"embeddable":true,"href":"https:\/\/www.amchambaq.com\/en\/wp-json\/wp\/v2\/media\/12237"}],"wp:attachment":[{"href":"https:\/\/www.amchambaq.com\/en\/wp-json\/wp\/v2\/media?parent=12236"}],"wp:term":[{"taxonomy":"category","embeddable":true,"href":"https:\/\/www.amchambaq.com\/en\/wp-json\/wp\/v2\/categories?post=12236"},{"taxonomy":"post_tag","embeddable":true,"href":"https:\/\/www.amchambaq.com\/en\/wp-json\/wp\/v2\/tags?post=12236"}],"curies":[{"name":"wp","href":"https:\/\/api.w.org\/{rel}","templated":true}]}}