{"id":12216,"date":"2024-05-02T09:01:57","date_gmt":"2024-05-02T14:01:57","guid":{"rendered":"https:\/\/www.amchambaq.com\/?p=12216"},"modified":"2024-05-02T09:01:57","modified_gmt":"2024-05-02T14:01:57","slug":"la-reserva-federal-dejo-intactas-las-tasas-de-interes-en-estados-unidos","status":"publish","type":"post","link":"https:\/\/www.amchambaq.com\/en\/la-reserva-federal-dejo-intactas-las-tasas-de-interes-en-estados-unidos\/","title":{"rendered":"La Reserva Federal dej\u00f3 intactas las tasas de inter\u00e9s en Estados Unidos"},"content":{"rendered":"<p>La<strong>\u00a0Reserva Federal de Estados Unidos (Fed)<\/strong>\u00a0anunci\u00f3 este mi\u00e9rcoles que mantiene las\u00a0<strong>tasas de inter\u00e9s\u00a0<\/strong>sin cambios, en la franja del 5,25 % al 5,5 %, dej\u00e1ndolos en su nivel m\u00e1s alto en 23 a\u00f1os, y destac\u00f3 la &#8220;falta de avances&#8221; para rebajar la\u00a0<strong>inflaci\u00f3n\u00a0<\/strong>hasta el objetivo del 2 %.<\/p>\n<p>En un comunicado, el<strong>\u00a0banco central estadounidense<\/strong>\u00a0dej\u00f3 entrever que est\u00e1 abierto a reducir los<strong>\u00a0tipos de inter\u00e9s<\/strong>, pero enfatiz\u00f3 que la\u00a0<strong>inflaci\u00f3n\u00a0<\/strong>no se est\u00e1 reduciendo al ritmo esperado, por lo que los tipos podr\u00edan mantenerse m\u00e1s tiempo del esperado en el nivel actual.<\/p>\n<p>&#8220;En los \u00faltimos meses, ha habido una falta de avances adicionales hacia el objetivo de\u00a0<strong>inflaci\u00f3n\u00a0<\/strong>del 2 %&#8221;, reconoci\u00f3 la\u00a0<strong>Fed\u00a0<\/strong>en su comunicado, en el que reiter\u00f3 que no ser\u00e1 &#8220;apropiado&#8221; reducir los tipos de inter\u00e9s hasta que se tenga &#8220;mayor confianza&#8221; de que la inflaci\u00f3n se encamina hacia la meta del 2 %.<\/p>\n<p>Los miembros del\u00a0<strong>Comit\u00e9 Federal de Mercado Abierto (FOMC, en ingl\u00e9s),<\/strong>\u00a0\u00f3rgano encargado de decidir si se suben o no los\u00a0<strong>tipos<\/strong>, tomaron esta decisi\u00f3n al t\u00e9rmino de un encuentro de dos d\u00edas.<\/p>\n<p>Su conclusi\u00f3n fue anunciada en un comunicado poco antes de que\u00a0<strong>el presidente de la Fed, Jerome Powell<\/strong>, tome la palabra para explicarla y pronunciar un discurso que ser\u00e1 analizado de cerca para ver si da un panorama m\u00e1s claro sobre las decisiones futuras del<strong>\u00a0banco central.<\/strong><\/p>\n<p>El\u00a0<strong>PIB\u00a0<\/strong>es uno de los datos que analiza de cerca el regulador, junto con la\u00a0<strong>inflaci\u00f3n<\/strong>.<\/p>\n<p><strong>Estados Unidos\u00a0<\/strong>cerr\u00f3 el\u00a0<strong>primer trimestre\u00a0<\/strong>del a\u00f1o con un crecimiento de su\u00a0<strong>producto interior bruto (PIB)<\/strong>\u00a0del 1,6 %, una cifra menor a la que pronosticaban los\u00a0<strong>analistas\u00a0<\/strong>y que contrasta con el vigoroso avance del\u00a0<strong>PIB\u00a0<\/strong>del 3,4 % registrado en el \u00faltimo trimestre de 2023.<\/p>\n<p>A su vez, el<strong>\u00a0\u00edndice de precios al consumo (IPC)<\/strong>\u00a0subi\u00f3 un 0,4% en marzo, lo que sit\u00faa la tasa de\u00a0<strong>inflaci\u00f3n\u00a0<\/strong>interanual en el 3,5 %, muy lejos de la meta del 2 % marcada por la\u00a0<strong>Fed<\/strong>, pero supone una mejora notable desde el pico del 9,1 % que se registr\u00f3 en junio de 2022, el m\u00e1ximo en 40 a\u00f1os.<\/p>\n<p>El mercado laboral estadounidense es otro de los datos que contempla la\u00a0<strong>Fed<\/strong>.<\/p>\n<p>En\u00a0<strong>marzo<\/strong>, se crearon 303.000 nuevos<strong>\u00a0puestos de trabajo<\/strong>, una subida notable en comparaci\u00f3n con los 270.000 de febrero. Fue una cifra superior a lo previsto por los analistas y que volvi\u00f3 a demostrar la fortaleza del mercado de\u00a0<strong>trabajo\u00a0<\/strong>estadounidense.<\/p>\n<p>Tomado de: El Heraldo<\/p>","protected":false},"excerpt":{"rendered":"<p>La\u00a0Reserva Federal de Estados Unidos (Fed)\u00a0anunci\u00f3 este mi\u00e9rcoles que mantiene las\u00a0tasas de inter\u00e9s\u00a0sin cambios, en la franja del 5,25 % al 5,5 %, dej\u00e1ndolos en su nivel m\u00e1s alto en 23 a\u00f1os, y destac\u00f3 la &#8220;falta de avances&#8221; para rebajar la\u00a0inflaci\u00f3n\u00a0hasta el objetivo del 2 %. En un comunicado, el\u00a0banco central estadounidense\u00a0dej\u00f3 entrever que est\u00e1<\/p>","protected":false},"author":1,"featured_media":12217,"comment_status":"closed","ping_status":"closed","sticky":false,"template":"","format":"standard","meta":{"footnotes":""},"categories":[342,181],"tags":[],"class_list":["post-12216","post","type-post","status-publish","format-standard","has-post-thumbnail","hentry","category-news","category-noticias"],"views":53,"_links":{"self":[{"href":"https:\/\/www.amchambaq.com\/en\/wp-json\/wp\/v2\/posts\/12216","targetHints":{"allow":["GET"]}}],"collection":[{"href":"https:\/\/www.amchambaq.com\/en\/wp-json\/wp\/v2\/posts"}],"about":[{"href":"https:\/\/www.amchambaq.com\/en\/wp-json\/wp\/v2\/types\/post"}],"author":[{"embeddable":true,"href":"https:\/\/www.amchambaq.com\/en\/wp-json\/wp\/v2\/users\/1"}],"replies":[{"embeddable":true,"href":"https:\/\/www.amchambaq.com\/en\/wp-json\/wp\/v2\/comments?post=12216"}],"version-history":[{"count":1,"href":"https:\/\/www.amchambaq.com\/en\/wp-json\/wp\/v2\/posts\/12216\/revisions"}],"predecessor-version":[{"id":12218,"href":"https:\/\/www.amchambaq.com\/en\/wp-json\/wp\/v2\/posts\/12216\/revisions\/12218"}],"wp:featuredmedia":[{"embeddable":true,"href":"https:\/\/www.amchambaq.com\/en\/wp-json\/wp\/v2\/media\/12217"}],"wp:attachment":[{"href":"https:\/\/www.amchambaq.com\/en\/wp-json\/wp\/v2\/media?parent=12216"}],"wp:term":[{"taxonomy":"category","embeddable":true,"href":"https:\/\/www.amchambaq.com\/en\/wp-json\/wp\/v2\/categories?post=12216"},{"taxonomy":"post_tag","embeddable":true,"href":"https:\/\/www.amchambaq.com\/en\/wp-json\/wp\/v2\/tags?post=12216"}],"curies":[{"name":"wp","href":"https:\/\/api.w.org\/{rel}","templated":true}]}}