{"id":12213,"date":"2024-05-02T08:57:27","date_gmt":"2024-05-02T13:57:27","guid":{"rendered":"https:\/\/www.amchambaq.com\/?p=12213"},"modified":"2024-05-02T08:57:27","modified_gmt":"2024-05-02T13:57:27","slug":"barranquilla-la-quinta-ciudad-con-menor-tasa-de-desempleo-del-pais","status":"publish","type":"post","link":"https:\/\/www.amchambaq.com\/en\/barranquilla-la-quinta-ciudad-con-menor-tasa-de-desempleo-del-pais\/","title":{"rendered":"Barranquilla, la quinta ciudad con menor tasa de desempleo del pa\u00eds"},"content":{"rendered":"<p>El\u00a0<strong>Dane\u00a0<\/strong>dio a conocer los indicadores del mercado laboral de marzo de 2024, destacando que la tasa de desocupaci\u00f3n subi\u00f3 al 11,3%, es decir, 1,3% m\u00e1s que en el mismo mes de 2023.<\/p>\n<p>En el caso de\u00a0<strong>Barranquilla\u00a0<\/strong>ocup\u00f3 el quinto puesto entre las ciudades con menor n\u00famero de personas sin ocupaci\u00f3n, con<strong>\u00a011,5%.<\/strong>\u00a0A la capital del Atl\u00e1ntico la superan Bogot\u00e1 (10,6%), Villavicencio (10,8%), Medell\u00edn (10,9%) y Santa Marta (11,5%).<\/p>\n<p>Cabe destacar que en el trimestre de diciembre de 2023 a febrero de 2024 el d\u00edgito hab\u00eda sido del\u00a0<strong>10,4%<\/strong>.<\/p>\n<p>La poblaci\u00f3n desocupada a nivel nacional aument\u00f3 en 339 mil personas en marzo de 2024, en comparaci\u00f3n con el a\u00f1o anterior. Este crecimiento present\u00f3 variaciones significativas en el total nacional y en otras cabeceras con el 13,3% y el 33,3%, respectivamente.<\/p>\n<p>En el trimestre enero &#8211; marzo 2024, la tasa de desocupaci\u00f3n de las 13 ciudades y \u00e1reas metropolitanas fue 11,6%, mientras que en el trimestre enero &#8211; marzo 2023 fue 12,1%.<\/p>\n<p>Asimismo, la poblaci\u00f3n fuera de la fuerza laboral tuvo un incremento de 382 mil personas y una variaci\u00f3n del 2,7% en el tercer mes de 2024, respecto al mismo mes de 2023.<\/p>\n<p>Tomado de: Zona Cero<\/p>","protected":false},"excerpt":{"rendered":"<p>El\u00a0Dane\u00a0dio a conocer los indicadores del mercado laboral de marzo de 2024, destacando que la tasa de desocupaci\u00f3n subi\u00f3 al 11,3%, es decir, 1,3% m\u00e1s que en el mismo mes de 2023. En el caso de\u00a0Barranquilla\u00a0ocup\u00f3 el quinto puesto entre las ciudades con menor n\u00famero de personas sin ocupaci\u00f3n, con\u00a011,5%.\u00a0A la capital del Atl\u00e1ntico la<\/p>","protected":false},"author":1,"featured_media":12214,"comment_status":"closed","ping_status":"closed","sticky":false,"template":"","format":"standard","meta":{"footnotes":""},"categories":[342,181],"tags":[],"class_list":["post-12213","post","type-post","status-publish","format-standard","has-post-thumbnail","hentry","category-news","category-noticias"],"views":148,"_links":{"self":[{"href":"https:\/\/www.amchambaq.com\/en\/wp-json\/wp\/v2\/posts\/12213","targetHints":{"allow":["GET"]}}],"collection":[{"href":"https:\/\/www.amchambaq.com\/en\/wp-json\/wp\/v2\/posts"}],"about":[{"href":"https:\/\/www.amchambaq.com\/en\/wp-json\/wp\/v2\/types\/post"}],"author":[{"embeddable":true,"href":"https:\/\/www.amchambaq.com\/en\/wp-json\/wp\/v2\/users\/1"}],"replies":[{"embeddable":true,"href":"https:\/\/www.amchambaq.com\/en\/wp-json\/wp\/v2\/comments?post=12213"}],"version-history":[{"count":1,"href":"https:\/\/www.amchambaq.com\/en\/wp-json\/wp\/v2\/posts\/12213\/revisions"}],"predecessor-version":[{"id":12215,"href":"https:\/\/www.amchambaq.com\/en\/wp-json\/wp\/v2\/posts\/12213\/revisions\/12215"}],"wp:featuredmedia":[{"embeddable":true,"href":"https:\/\/www.amchambaq.com\/en\/wp-json\/wp\/v2\/media\/12214"}],"wp:attachment":[{"href":"https:\/\/www.amchambaq.com\/en\/wp-json\/wp\/v2\/media?parent=12213"}],"wp:term":[{"taxonomy":"category","embeddable":true,"href":"https:\/\/www.amchambaq.com\/en\/wp-json\/wp\/v2\/categories?post=12213"},{"taxonomy":"post_tag","embeddable":true,"href":"https:\/\/www.amchambaq.com\/en\/wp-json\/wp\/v2\/tags?post=12213"}],"curies":[{"name":"wp","href":"https:\/\/api.w.org\/{rel}","templated":true}]}}