{"id":12200,"date":"2024-04-30T09:58:15","date_gmt":"2024-04-30T14:58:15","guid":{"rendered":"https:\/\/www.amchambaq.com\/?p=12200"},"modified":"2024-04-30T09:58:15","modified_gmt":"2024-04-30T14:58:15","slug":"zona-franca-la-cayena-anuncia-su-compromiso-con-la-sostenibilidad","status":"publish","type":"post","link":"https:\/\/www.amchambaq.com\/en\/zona-franca-la-cayena-anuncia-su-compromiso-con-la-sostenibilidad\/","title":{"rendered":"Zona Franca La Cayena anuncia su compromiso con la sostenibilidad"},"content":{"rendered":"<p id=\"p603794-m432-431-433\" class=\"parrafo first-parrafo\">Las zonas francas son verdaderos motores del desarrollo regional. Estas se erigen como pilares fundamentales en la econom\u00eda del pa\u00eds al estar destinadas a fomentar el crecimiento de las regiones, incentivar las exportaciones, atraer inversiones y generar empleo. De hecho, la Asociaci\u00f3n Nacional de Industriales (Andi), se refiere a ellas como oasis de inversi\u00f3n y competitividad.<\/p>\n<section class=\"block-mas-noticias\">\n<div class=\"mas-noticias-header\">\n<p id=\"p603794-m482-2-483\" class=\"parrafo\">En ese sentido, durante los \u00faltimos a\u00f1os, el enfoque del sector de zonas francas ha experimentado una notable evoluci\u00f3n hacia la sostenibilidad, reflejando un cambio significativo en las prioridades y valores de las empresas involucradas. Por ejemplo, una de las zonas francas que ha venido trabajando dentro de este contexto, implementando diversas iniciativas y programas para mejorar su impacto ambiental y social, es la Zona Franca La Cayena, ubicada en el Caribe colombiano, espec\u00edficamente en Barranquilla.<\/p>\n<div id=\"p603794-m488-3-489\" class=\"highlighted\">\n<div id=\"m493-492-494\" class=\"tiemposBold3\"><strong>Construyendo los sue\u00f1os de los colombianos<\/strong><\/div>\n<\/div>\n<p id=\"p603794-m500-4-501\" class=\"parrafo\">Para empezar, Zona Franca La Cayena junto a Fundaci\u00f3n La Cayena han puesto en marcha el programa Cuenta Conmigo, operado por F\u00fatbol con Coraz\u00f3n, que busca disminuir el riesgo al que se encuentran expuestos los ni\u00f1os y j\u00f3venes entre los 5 y 16 a\u00f1os de edad, sobre el mal uso del tiempo libre, brind\u00e1ndoles espacios seguros y formativos que promuevan los valores, la igualdad de g\u00e9nero y el desarrollo de habilidades deportivas.<\/p>\n<p>Por otro lado, a trav\u00e9s del programa de Emprendimiento Social, incentiva la productividad, autosostenibilidad e independencia financiera de las familias. As\u00ed lo evidencia el apoyo a iniciativas como ACIMA, un emprendimiento social de madres cabeza de hogar dedicado a la confecci\u00f3n de dotaci\u00f3n industrial. Con esta unidad productiva, se logra el empoderamiento, transformaci\u00f3n y generaci\u00f3n de ingresos de m\u00e1s de 20 familias. Es m\u00e1s, el a\u00f1o pasado comercializaron diez mil prendas.<\/p>\n<p>Otro programa destacado es Buscando la Excelencia, orientado a fomentar la formaci\u00f3n integral de ni\u00f1os y j\u00f3venes en \u00e1reas como la inclusi\u00f3n educativa, convivencia, salud sexual responsable y formaci\u00f3n biling\u00fce.<\/p>\n<p>\u201cA este grupo se une el programa Ruta de Empleo, con el cual capacitamos a las personas para apoyar a las empresas que llegan a hacer una inversi\u00f3n en la zona y requieren obreros y personal no calificado. De la mano del Sena, les ense\u00f1amos habilidades tanto duras como blandas. Esto hace que tengan un acceso m\u00e1s f\u00e1cil a las empresas de esta zona franca\u201d, explica Oswaldo Torres Leal, gerente financiero y administrativo de Zona Franca La Cayena y l\u00edder en Fundaci\u00f3n La Cayena en temas de sostenibilidad, agregando que \u201cel a\u00f1o pasado ingresaron dos empresas procesadoras de alimentos, formamos aproximadamente a 100 personas en manipulaci\u00f3n de alimentos y logramos colocar casi 80 entre 2023 y lo que va del 2024\u201d.<\/p>\n<div id=\"p603794-m506-5-507\" class=\"highlighted\">\n<div id=\"m511-510-512\" class=\"tiemposBold3\"><strong>Acciones sostenibles<\/strong><\/div>\n<\/div>\n<p id=\"p603794-m518-6-519\" class=\"parrafo\">En lo que respecta a la reducci\u00f3n de la huella ambiental, Zona Franca La Cayena ha tomado medidas significativas como la adopci\u00f3n de la Agenda 2030 para el Desarrollo Sostenible y la implementaci\u00f3n de nueve de los 17 Objetivos de Desarrollo Sostenible (ODS), en colaboraci\u00f3n con entidades como las Naciones Unidas y la Alcald\u00eda de Barranquilla. As\u00ed, ha llevado a cabo pr\u00e1cticas como la reutilizaci\u00f3n de recursos, el cambio a energ\u00edas limpias y la siembra de \u00e1rboles en el entorno.<\/p>\n<p>Ahora bien, Zona Franca La Cayena tambi\u00e9n ha solicitado participar en el Programa Global de Parques Eco-Industriales de la ONUDI (Organizaci\u00f3n de las Naciones Unidas para el Desarrollo Industrial), centrado en mejorar la productividad de los recursos y el desempe\u00f1o econ\u00f3mico, social y ambiental de los parques industriales y las zonas francas con el modelo que propone.<\/p>\n<div id=\"p603794-m524-7-525\" class=\"highlighted\">\n<div id=\"m529-528-530\" class=\"tiemposBold3\"><strong>Un trabajo en comunidad<\/strong><\/div>\n<\/div>\n<p id=\"p603794-m536-8-537\" class=\"parrafo\">La labor de Zona Franca La Cayena incluye a la comunidad que hace parte de su entorno. De acuerdo con su gerente financiero y administrativo, \u201cen el 2023 benefici\u00f3 a m\u00e1s de diez mil personas con programas ejecutados por medio de la Fundaci\u00f3n La Cayena. Adem\u00e1s, las personas que integran esta comunidad son las primeras que reciben las convocatorias para trabajar en la zona franca, las primeras a las que se les brinda capacitaci\u00f3n y las primeras a las que se ayuda a fortalecer sus emprendimientos\u201d, enfatiza Torres Leal.<\/p>\n<div id=\"p603794-m542-9-543\" class=\"highlighted\">\n<div id=\"m547-546-548\" class=\"tiemposBold3\"><strong>Metas a largo plazo<\/strong><\/div>\n<\/div>\n<p id=\"p603794-m554-10-555\" class=\"parrafo\">Mirando hacia el futuro, Zona Franca La Cayena tiene como prioridad abordar el tema medioambiental y el desarrollo comunitario, as\u00ed como ejecutar el Programa Global de Parques Eco-Industriales. Con la certificaci\u00f3n de m\u00e1s parques y zonas francas en este programa, se podr\u00e1 asegurar que estas \u00e1reas no solo impulsan el desarrollo econ\u00f3mico, sino que tambi\u00e9n protegen el medio ambiente y contribuyen al bienestar de las comunidades locales.<\/p>\n<p>\u201cZona Franca La Cayena ha sido un motor de desarrollo para la regi\u00f3n. Barranquilla ha venido creciendo y actualmente somos la tercera zona franca con balanza positiva, seg\u00fan el Dane. Esto significa que la gran mayor\u00eda de ventas que se hacen en nuestra zona franca van al exterior\u201d, concluye Torres Leal.<\/p>\n<\/div>\n<\/section>","protected":false},"excerpt":{"rendered":"<p>Las zonas francas son verdaderos motores del desarrollo regional. Estas se erigen como pilares fundamentales en la econom\u00eda del pa\u00eds al estar destinadas a fomentar el crecimiento de las regiones, incentivar las exportaciones, atraer inversiones y generar empleo. De hecho, la Asociaci\u00f3n Nacional de Industriales (Andi), se refiere a ellas como oasis de inversi\u00f3n y<\/p>","protected":false},"author":1,"featured_media":12201,"comment_status":"closed","ping_status":"closed","sticky":false,"template":"","format":"standard","meta":{"footnotes":""},"categories":[342,181],"tags":[],"class_list":["post-12200","post","type-post","status-publish","format-standard","has-post-thumbnail","hentry","category-news","category-noticias"],"views":57,"_links":{"self":[{"href":"https:\/\/www.amchambaq.com\/en\/wp-json\/wp\/v2\/posts\/12200","targetHints":{"allow":["GET"]}}],"collection":[{"href":"https:\/\/www.amchambaq.com\/en\/wp-json\/wp\/v2\/posts"}],"about":[{"href":"https:\/\/www.amchambaq.com\/en\/wp-json\/wp\/v2\/types\/post"}],"author":[{"embeddable":true,"href":"https:\/\/www.amchambaq.com\/en\/wp-json\/wp\/v2\/users\/1"}],"replies":[{"embeddable":true,"href":"https:\/\/www.amchambaq.com\/en\/wp-json\/wp\/v2\/comments?post=12200"}],"version-history":[{"count":1,"href":"https:\/\/www.amchambaq.com\/en\/wp-json\/wp\/v2\/posts\/12200\/revisions"}],"predecessor-version":[{"id":12202,"href":"https:\/\/www.amchambaq.com\/en\/wp-json\/wp\/v2\/posts\/12200\/revisions\/12202"}],"wp:featuredmedia":[{"embeddable":true,"href":"https:\/\/www.amchambaq.com\/en\/wp-json\/wp\/v2\/media\/12201"}],"wp:attachment":[{"href":"https:\/\/www.amchambaq.com\/en\/wp-json\/wp\/v2\/media?parent=12200"}],"wp:term":[{"taxonomy":"category","embeddable":true,"href":"https:\/\/www.amchambaq.com\/en\/wp-json\/wp\/v2\/categories?post=12200"},{"taxonomy":"post_tag","embeddable":true,"href":"https:\/\/www.amchambaq.com\/en\/wp-json\/wp\/v2\/tags?post=12200"}],"curies":[{"name":"wp","href":"https:\/\/api.w.org\/{rel}","templated":true}]}}