{"id":12150,"date":"2024-04-18T08:20:27","date_gmt":"2024-04-18T13:20:27","guid":{"rendered":"https:\/\/www.amchambaq.com\/?p=12150"},"modified":"2024-04-18T08:20:27","modified_gmt":"2024-04-18T13:20:27","slug":"barranquilla-es-nuevamente-reconocida-como-ciudad-arbol-del-mundo","status":"publish","type":"post","link":"https:\/\/www.amchambaq.com\/en\/barranquilla-es-nuevamente-reconocida-como-ciudad-arbol-del-mundo\/","title":{"rendered":"Barranquilla es nuevamente reconocida como Ciudad \u00c1rbol del Mundo"},"content":{"rendered":"<p>Barranquilla, por quinto a\u00f1o consecutivo, es galardonada y reconocida como\u00a0<strong>Ciudad \u00c1rbol del Mundo<\/strong>, un prestigioso reconocimiento otorgado por el programa Tree Cities of the World, respaldado por la Fundaci\u00f3n Arbor Day y la Organizaci\u00f3n de las Naciones Unidas para la Agricultura y la Alimentaci\u00f3n (FAO)<\/p>\n<p>El alcalde Alejandro Char expres\u00f3 su satisfacci\u00f3n por este logro internacional, destacando el\u00a0<strong>compromiso\u00a0<\/strong>continuo de la ciudad con el cuidado y la proliferaci\u00f3n de sus recursos arb\u00f3reos.<\/p>\n<p>\u201cNos hemos convertido en un referente mundial.\u00a0<strong>Barranquilla\u00a0<\/strong>ha transformado su paisaje urbano, convirti\u00e9ndose en una\u00a0<strong>ciudad arbolada<\/strong>, y este es solo el comienzo. No solo plantamos \u00e1rboles, sino que tambi\u00e9n nos aseguramos de su mantenimiento\u201d, afirm\u00f3 el mandatario.<\/p>\n<p>Esta distinci\u00f3n reconoce los esfuerzos de\u00a0<strong>Barranquilla\u00a0<\/strong>en la promoci\u00f3n y cuidado de los \u00e1rboles urbanos, consolidando su compromiso con la reconciliaci\u00f3n medioambiental.<\/p>\n<p>El burgomaestre resalt\u00f3 la importancia de sembrar \u00e1rboles de manera constante y detall\u00f3 las<strong>\u00a0labores de los guardaparques<\/strong>, quienes con dedicaci\u00f3n se encargan del mantenimiento diario de los parques.<\/p>\n<p>\u201cHemos construido m\u00e1s de 300 parques que son mantenidos diariamente. Contamos con cerca de 700 personas que trabajan a diario para limpiar, cuidar y podar. El mantenimiento es fundamental para preservar lo que hemos construido\u201d, a\u00f1adi\u00f3.<\/p>\n<div class=\"field-item odd\">\n<div class=\"entity entity-paragraphs-item paragraphs-item-descripcion\">\n<div class=\"content\">\n<div class=\"field field-name-field-descripcion field-type-text-long field-label-hidden\">\n<div class=\"field-items\">\n<div class=\"field-item even\">\n<p>Por otra parte, manifest\u00f3 que el compromiso de\u00a0<strong>Barranquilla\u00a0<\/strong>con la preservaci\u00f3n del medioambiente se evidencia en diversas iniciativas, como la construcci\u00f3n del Gran Malec\u00f3n a lo largo del r\u00edo Magdalena, la creaci\u00f3n de bosques urbanos, el embellecimiento del espacio p\u00fablico, y proyectos de dragado y canalizaci\u00f3n de arroyos. \u00a0Adem\u00e1s, la ciudad ha promovido la siembra masiva de \u00e1rboles y la creaci\u00f3n de huertos urbanos, as\u00ed como la recuperaci\u00f3n de espacios naturales como la Ci\u00e9naga de Mallorqu\u00edn.<\/p>\n<p>\u201cSer reconocida como Ciudad \u00c1rbol del Mundo es un honor y una responsabilidad para\u00a0<strong>Barranquilla<\/strong>. La ciudad se compromete a seguir liderando en la gesti\u00f3n del arbolado urbano y a compartir sus mejores pr\u00e1cticas a nivel mundial\u201d, se\u00f1al\u00f3 el Distrito.<\/p>\n<\/div>\n<\/div>\n<\/div>\n<\/div>\n<\/div>\n<\/div>\n<div class=\"field-item even\">\n<div class=\"content-imagen\">\n<div class=\"image\" data-bg-desk=\"https:\/\/www.elheraldo.co\/sites\/default\/files\/styles\/width_1180\/public\/articulo\/2024\/04\/17\/baq_ciudad_verde_4.jpg?itok=NKnRkm2z\" data-bg-mob=\"https:\/\/www.elheraldo.co\/sites\/default\/files\/styles\/414x780\/public\/articulo\/2024\/04\/17\/baq_ciudad_verde_4.jpg?itok=3f2izePV\"><picture><source srcset=\"https:\/\/www.elheraldo.co\/sites\/default\/files\/styles\/width_820\/public\/articulo\/2024\/04\/17\/baq_ciudad_verde_4.jpg?itok=X5xvlFwD\" media=\"(min-width: 1180px)\" \/><source srcset=\"https:\/\/www.elheraldo.co\/sites\/default\/files\/styles\/width_768\/public\/articulo\/2024\/04\/17\/baq_ciudad_verde_4.jpg?itok=E3SflZZy\" media=\"(min-width: 768px)\" \/><source srcset=\"https:\/\/www.elheraldo.co\/sites\/default\/files\/styles\/width_414\/public\/articulo\/2024\/04\/17\/baq_ciudad_verde_4.jpg?itok=-cSI2Ybp\" media=\"(max-width: 767px)\" \/><\/picture><\/div>\n<div data-bg-desk=\"https:\/\/www.elheraldo.co\/sites\/default\/files\/styles\/width_1180\/public\/articulo\/2024\/04\/17\/baq_ciudad_verde_4.jpg?itok=NKnRkm2z\" data-bg-mob=\"https:\/\/www.elheraldo.co\/sites\/default\/files\/styles\/414x780\/public\/articulo\/2024\/04\/17\/baq_ciudad_verde_4.jpg?itok=3f2izePV\">Sergio Ram\u00edrez Payares, director general de Barranquilla Verde, destac\u00f3 la importancia de este logro y el trabajo conjunto entre el Distrito y la comunidad para hacer de Barranquilla un modelo de ciudad verde y resiliente.<\/div>\n<div data-bg-desk=\"https:\/\/www.elheraldo.co\/sites\/default\/files\/styles\/width_1180\/public\/articulo\/2024\/04\/17\/baq_ciudad_verde_4.jpg?itok=NKnRkm2z\" data-bg-mob=\"https:\/\/www.elheraldo.co\/sites\/default\/files\/styles\/414x780\/public\/articulo\/2024\/04\/17\/baq_ciudad_verde_4.jpg?itok=3f2izePV\">\u201cEste reconocimiento refleja el trabajo conjunto en el Distrito, especialmente en programas de silvicultura y agricultura urbana. Estos esfuerzos demuestran nuestro compromiso con Barranquilla y sirven de ejemplo a nivel local, nacional y mundial\u201d, enfatiz\u00f3.<\/div>\n<div data-bg-desk=\"https:\/\/www.elheraldo.co\/sites\/default\/files\/styles\/width_1180\/public\/articulo\/2024\/04\/17\/baq_ciudad_verde_4.jpg?itok=NKnRkm2z\" data-bg-mob=\"https:\/\/www.elheraldo.co\/sites\/default\/files\/styles\/414x780\/public\/articulo\/2024\/04\/17\/baq_ciudad_verde_4.jpg?itok=3f2izePV\">Por \u00faltimo, la administraci\u00f3n distrital invit\u00f3 a la ciudadan\u00eda a unirse en el esfuerzo colectivo de preservar y proteger los recursos naturales, reafirmando su compromiso de seguir siendo l\u00edder en esta misi\u00f3n vital.<\/div>\n<\/div>\n<\/div>\n<div data-bg-desk=\"https:\/\/www.elheraldo.co\/sites\/default\/files\/styles\/width_1180\/public\/articulo\/2024\/04\/17\/baq_ciudad_verde_4.jpg?itok=NKnRkm2z\" data-bg-mob=\"https:\/\/www.elheraldo.co\/sites\/default\/files\/styles\/414x780\/public\/articulo\/2024\/04\/17\/baq_ciudad_verde_4.jpg?itok=3f2izePV\"><\/div>\n<div data-bg-desk=\"https:\/\/www.elheraldo.co\/sites\/default\/files\/styles\/width_1180\/public\/articulo\/2024\/04\/17\/baq_ciudad_verde_4.jpg?itok=NKnRkm2z\" data-bg-mob=\"https:\/\/www.elheraldo.co\/sites\/default\/files\/styles\/414x780\/public\/articulo\/2024\/04\/17\/baq_ciudad_verde_4.jpg?itok=3f2izePV\">Tomado de: EL HERALDO<\/div>","protected":false},"excerpt":{"rendered":"<p>Barranquilla, por quinto a\u00f1o consecutivo, es galardonada y reconocida como\u00a0Ciudad \u00c1rbol del Mundo, un prestigioso reconocimiento otorgado por el programa Tree Cities of the World, respaldado por la Fundaci\u00f3n Arbor Day y la Organizaci\u00f3n de las Naciones Unidas para la Agricultura y la Alimentaci\u00f3n (FAO) El alcalde Alejandro Char expres\u00f3 su satisfacci\u00f3n por este logro<\/p>","protected":false},"author":1,"featured_media":12151,"comment_status":"closed","ping_status":"closed","sticky":false,"template":"","format":"standard","meta":{"footnotes":""},"categories":[342,181],"tags":[],"class_list":["post-12150","post","type-post","status-publish","format-standard","has-post-thumbnail","hentry","category-news","category-noticias"],"views":79,"_links":{"self":[{"href":"https:\/\/www.amchambaq.com\/en\/wp-json\/wp\/v2\/posts\/12150","targetHints":{"allow":["GET"]}}],"collection":[{"href":"https:\/\/www.amchambaq.com\/en\/wp-json\/wp\/v2\/posts"}],"about":[{"href":"https:\/\/www.amchambaq.com\/en\/wp-json\/wp\/v2\/types\/post"}],"author":[{"embeddable":true,"href":"https:\/\/www.amchambaq.com\/en\/wp-json\/wp\/v2\/users\/1"}],"replies":[{"embeddable":true,"href":"https:\/\/www.amchambaq.com\/en\/wp-json\/wp\/v2\/comments?post=12150"}],"version-history":[{"count":1,"href":"https:\/\/www.amchambaq.com\/en\/wp-json\/wp\/v2\/posts\/12150\/revisions"}],"predecessor-version":[{"id":12152,"href":"https:\/\/www.amchambaq.com\/en\/wp-json\/wp\/v2\/posts\/12150\/revisions\/12152"}],"wp:featuredmedia":[{"embeddable":true,"href":"https:\/\/www.amchambaq.com\/en\/wp-json\/wp\/v2\/media\/12151"}],"wp:attachment":[{"href":"https:\/\/www.amchambaq.com\/en\/wp-json\/wp\/v2\/media?parent=12150"}],"wp:term":[{"taxonomy":"category","embeddable":true,"href":"https:\/\/www.amchambaq.com\/en\/wp-json\/wp\/v2\/categories?post=12150"},{"taxonomy":"post_tag","embeddable":true,"href":"https:\/\/www.amchambaq.com\/en\/wp-json\/wp\/v2\/tags?post=12150"}],"curies":[{"name":"wp","href":"https:\/\/api.w.org\/{rel}","templated":true}]}}