{"id":12140,"date":"2024-04-17T08:08:25","date_gmt":"2024-04-17T13:08:25","guid":{"rendered":"https:\/\/www.amchambaq.com\/?p=12140"},"modified":"2024-04-17T08:08:25","modified_gmt":"2024-04-17T13:08:25","slug":"fmi-proyecta-que-la-economia-de-colombia-crecera-un-11-en-2024","status":"publish","type":"post","link":"https:\/\/www.amchambaq.com\/en\/fmi-proyecta-que-la-economia-de-colombia-crecera-un-11-en-2024\/","title":{"rendered":"FMI proyecta que la econom\u00eda de Colombia crecer\u00e1 un 1,1 % en 2024"},"content":{"rendered":"<p>Su \u00faltimo informe de\u00a0<strong>perspectivas econ\u00f3micas\u00a0<\/strong>mundiales (WEO, en ingl\u00e9s) actualiza el difundido en enero y apenas var\u00eda los datos de entonces. El documento de enero fue el primero con datos de\u00a0<strong>Argentina\u00a0<\/strong>desde la llegada de\u00a0<strong>Javier Milei<\/strong>\u00a0al poder.<\/p>\n<p>En comparaci\u00f3n con el de octubre de 2023, no obstante, la previsi\u00f3n de 2024 es tres d\u00e9cimas inferior, mientras que la de 2025, del 2,5 %, mejora en una d\u00e9cima.<\/p>\n<p>En 2023 la regi\u00f3n de<strong>\u00a0Am\u00e9rica Latina y el Caribe<\/strong>\u00a0creci\u00f3 un 2,3 %, lo que significa que estas nuevas estimaciones para 2024 prev\u00e9n una ligera\u00a0<strong>desaceleraci\u00f3n\u00a0<\/strong>de la\u00a0<strong>econom\u00eda\u00a0<\/strong>antes de volver a tomar\u00a0<strong>impulso<\/strong>.<\/p>\n<p>En enero se atribuy\u00f3 la disminuci\u00f3n del ritmo de\u00a0<strong>crecimiento\u00a0<\/strong>en 2024 a la ca\u00edda del PIB en\u00a0<strong>Argentina<\/strong>, que entonces se situ\u00f3 en el -2,8 %, si bien para 2025 se esperaba all\u00ed una subida del 5 %. Las cifras de este abril no modifican los pron\u00f3sticos de entonces.<\/p>\n<p>Las estimaciones para las dos principales naciones de la regi\u00f3n,\u00a0<strong>Brasil\u00a0<\/strong>y\u00a0<strong>M\u00e9xico<\/strong>, ofrecen caminos divergentes.<\/p>\n<p>A\u00a0<strong>Brasil\u00a0<\/strong>se le anticipa una subida del\u00a0<strong>PIB\u00a0<\/strong>del 2,2 % este a\u00f1o y del 2,1 % en 2025, lo que supone aumentos respectivos de cinco y dos d\u00e9cimas respecto a lo proyectado en enero pasado, y se espera que\u00a0<strong>M\u00e9xico\u00a0<\/strong>crezca un 2,4 % en 2024 y un 1,4 % el pr\u00f3ximo a\u00f1o, lo que implica una revisi\u00f3n a la baja de tres d\u00e9cimas en el primer caso y de una en el segundo.<\/p>\n<p>El crecimiento previsto ahora por la organizaci\u00f3n para ambos pa\u00edses no supera las cifras de 2023, a\u00f1o en que la\u00a0<strong>econom\u00eda\u00a0<\/strong>brasile\u00f1a subi\u00f3 un 2,9 % y la mexicana un 3,2 %.<\/p>\n<p>El FMI precis\u00f3 que la moderaci\u00f3n en\u00a0<strong>Brasil\u00a0<\/strong>se debe a la consolidaci\u00f3n fiscal, los efectos de una pol\u00edtica monetaria a\u00fan restrictiva y una menor contribuci\u00f3n de la agricultura, mientras que en M\u00e9xico se justifica en unos resultados m\u00e1s d\u00e9biles de lo previsto para finales de 2023 y principios de 2024, con una contracci\u00f3n del sector manufacturero.<\/p>\n<p>Salvo Argentina, por otra parte, no hay ning\u00fan pa\u00eds sudamericano que aparezca en negativo este a\u00f1o.\u00a0<strong>Venezuela\u00a0<\/strong>experimentar\u00e1 el mayor alza prevista, del 4 %, que no cambia el de 2023, y est\u00e1 seguida por\u00a0<strong>Paraguay\u00a0<\/strong>(3,8 %),\u00a0<strong>Uruguay\u00a0<\/strong>(3,7 %),\u00a0<strong>Per\u00fa\u00a0<\/strong>(2,5 %),\u00a0<strong>Chile\u00a0<\/strong>(2 %),\u00a0<strong>Bolivia\u00a0<\/strong>(1,6 %),\u00a0<strong>Colombia\u00a0<\/strong>(1,1 %) y\u00a0<strong>Ecuador\u00a0<\/strong>(0,1 %).<\/p>\n<p>Solo Uruguay, Per\u00fa y Colombia mejoran sus datos de 2023. Para\u00a0<strong>2025<\/strong>, el\u00a0<strong>FMI\u00a0<\/strong>espera que el\u00a0<strong>PIB\u00a0<\/strong>se sit\u00fae de nuevo en el 3,8 % en Paraguay, en el 3 % en Venezuela, en el 2,9 % en Uruguay, en el 2,7 % en Per\u00fa, en el 2,5 % en\u00a0<strong>Colombia\u00a0<\/strong>y\u00a0<strong>Chile<\/strong>, en el 2,2 % en\u00a0<strong>Bolivia\u00a0<\/strong>y en el 0,8 % en\u00a0<strong>Ecuador<\/strong>.<\/p>\n<p>El organismo dirigido por la b\u00falgara\u00a0<strong>Kristalina Georgieva<\/strong>, que difundi\u00f3 estas cifras en el marco de las reuniones de primavera que celebra el\u00a0<strong>FMI\u00a0<\/strong>con el\u00a0<strong>Banco Mundial\u00a0<\/strong>esta semana en\u00a0<strong>Washington<\/strong>, proyecta que el PIB de Sudam\u00e9rica pasar\u00e1 del 1,5 % en 2023 al 1,4 % en 2024 y al 2,7 en 2025.<\/p>\n<p>En Centroam\u00e9rica considera que habr\u00e1 una\u00a0<strong>desaceleraci\u00f3n<\/strong>, desde el 4,2 % de 2023 hasta el 3,9 y 3,8 % en 2024 y 2025, mientras que en el\u00a0<strong>Caribe\u00a0<\/strong>contempla un impulso este a\u00f1o (9,7 %), frente al avance del 8,3 % en 2023, pero para 2025 reduce la subida al 6,9 %.<\/p>\n<p>Hait\u00ed, el pa\u00eds m\u00e1s pobre de la regi\u00f3n e inmerso en una crisis de desgobierno que no parece tener fin, encadenar\u00e1 contracciones del 4 % del PIB y el FMI no cree que se recupere en los pr\u00f3ximos cinco a\u00f1os.<\/p>\n<p>El pron\u00f3stico del\u00a0<strong>FMI\u00a0<\/strong>para 2024 y 2025 en\u00a0<strong>Latinoam\u00e9rica\u00a0<\/strong>y el\u00a0<strong>Caribe\u00a0<\/strong>est\u00e1 muy por debajo del anticipado para el conjunto de mercados emergentes y econom\u00edas en desarrollo, que en ambos a\u00f1os se sit\u00faa en un 4,2 %, y tambi\u00e9n del previsto para la econom\u00eda global, que en los dos casos est\u00e1 en un 3,2 %.<\/p>\n<p>El economista jefe del Fondo,\u00a0<strong>Pierre-Olivier Gourinchas<\/strong>, adelant\u00f3 la semana pasada en una llamada con periodistas que uno de los factores que puede modificar el escenario perfilado, adem\u00e1s de las tensiones geopol\u00edticas, es una inflaci\u00f3n persistente.<\/p>\n<p>Tras un aumento de los precios del 14,4 % en 2023 en\u00a0<strong>Latinoam\u00e9rica y el Caribe<\/strong>, se espera un crecimiento del 16,7 % en 2024 y que disminuya al 7,7 % en 2025. Solo en\u00a0<strong>Argentina<\/strong>, el\u00a0<strong>FMI\u00a0<\/strong>prev\u00e9 una\u00a0<strong>inflaci\u00f3n\u00a0<\/strong>del 249,8 % este a\u00f1o, antes de reducirse hasta el 59,6 % el que viene.<\/p>\n<p>Tomado de: EL HERALDO<\/p>","protected":false},"excerpt":{"rendered":"<p>Su \u00faltimo informe de\u00a0perspectivas econ\u00f3micas\u00a0mundiales (WEO, en ingl\u00e9s) actualiza el difundido en enero y apenas var\u00eda los datos de entonces. El documento de enero fue el primero con datos de\u00a0Argentina\u00a0desde la llegada de\u00a0Javier Milei\u00a0al poder. En comparaci\u00f3n con el de octubre de 2023, no obstante, la previsi\u00f3n de 2024 es tres d\u00e9cimas inferior, mientras que<\/p>","protected":false},"author":1,"featured_media":12141,"comment_status":"closed","ping_status":"closed","sticky":false,"template":"","format":"standard","meta":{"footnotes":""},"categories":[342,181],"tags":[],"class_list":["post-12140","post","type-post","status-publish","format-standard","has-post-thumbnail","hentry","category-news","category-noticias"],"views":64,"_links":{"self":[{"href":"https:\/\/www.amchambaq.com\/en\/wp-json\/wp\/v2\/posts\/12140","targetHints":{"allow":["GET"]}}],"collection":[{"href":"https:\/\/www.amchambaq.com\/en\/wp-json\/wp\/v2\/posts"}],"about":[{"href":"https:\/\/www.amchambaq.com\/en\/wp-json\/wp\/v2\/types\/post"}],"author":[{"embeddable":true,"href":"https:\/\/www.amchambaq.com\/en\/wp-json\/wp\/v2\/users\/1"}],"replies":[{"embeddable":true,"href":"https:\/\/www.amchambaq.com\/en\/wp-json\/wp\/v2\/comments?post=12140"}],"version-history":[{"count":1,"href":"https:\/\/www.amchambaq.com\/en\/wp-json\/wp\/v2\/posts\/12140\/revisions"}],"predecessor-version":[{"id":12142,"href":"https:\/\/www.amchambaq.com\/en\/wp-json\/wp\/v2\/posts\/12140\/revisions\/12142"}],"wp:featuredmedia":[{"embeddable":true,"href":"https:\/\/www.amchambaq.com\/en\/wp-json\/wp\/v2\/media\/12141"}],"wp:attachment":[{"href":"https:\/\/www.amchambaq.com\/en\/wp-json\/wp\/v2\/media?parent=12140"}],"wp:term":[{"taxonomy":"category","embeddable":true,"href":"https:\/\/www.amchambaq.com\/en\/wp-json\/wp\/v2\/categories?post=12140"},{"taxonomy":"post_tag","embeddable":true,"href":"https:\/\/www.amchambaq.com\/en\/wp-json\/wp\/v2\/tags?post=12140"}],"curies":[{"name":"wp","href":"https:\/\/api.w.org\/{rel}","templated":true}]}}