{"id":12133,"date":"2024-04-15T08:54:37","date_gmt":"2024-04-15T13:54:37","guid":{"rendered":"https:\/\/www.amchambaq.com\/?p=12133"},"modified":"2024-04-15T08:54:37","modified_gmt":"2024-04-15T13:54:37","slug":"gran-bazar-un-nuevo-epicentro-del-comercio-en-el-sector-de-barranquillita","status":"publish","type":"post","link":"https:\/\/www.amchambaq.com\/en\/gran-bazar-un-nuevo-epicentro-del-comercio-en-el-sector-de-barranquillita\/","title":{"rendered":"Gran Bazar, un nuevo epicentro del comercio en el sector de Barranquillita"},"content":{"rendered":"<p>El alcalde\u00a0<strong>Alejandro Char<\/strong>\u00a0hizo la entrega oficial de la plaza de mercado a comerciantes \u00a0que antes vend\u00edan sus productos en colmenas ubicadas en la carrera 43, entre calles 30 y 10, y en la calle 10, entre carreras 45 y 41B.<\/p>\n<p>\u201cHace un mes, cuando me dijeron que todo estaba listo para inaugurar, yo dije que no iba a mudar a la gente si las calles no estaban en buen estado, c\u00f3mo va a llegar un comprador, porque queremos traer a todos los compradores. C\u00f3mo \u00edbamos a lograrlo si las calles parec\u00edan que las hab\u00edan bombardeado, primera vez que Barranquillita se dignifica\u201d, a\u00f1adi\u00f3 Char.<\/p>\n<p>El mandatario distrital destac\u00f3 el orden y positivismo de los vendedores durante el traslado a su nuevo hogar de 21.000 metros cuadrados. \u201cCaminando la 41B, la 9, la 8, la Polic\u00eda Nacional me dec\u00eda: nunca hab\u00eda visto en Colombia semejante movilizaci\u00f3n de un lado a otro<strong>. M\u00e1s de 750 comerciantes de manera pac\u00edfica, eso tiene para m\u00ed todo el valor del mundo\u201d.\u00a0<\/strong><\/p>\n<p>El alcalde tambi\u00e9n hizo la entrega de las v\u00edas de acceso a esta gran plaza, recuperando la movilidad en el sector, as\u00ed como la implementaci\u00f3n de un plan de embellecimiento de las fachadas de las casas y locales contiguos y la arborizaci\u00f3n del mercado con 284 \u00e1rboles de olivo verde.<\/p>\n<p>En ese sentido, Char sostuvo que para continuar\u00a0<strong>generando mayores oportunidades<\/strong>, se trabajar\u00e1 en la ampliaci\u00f3n del mercado y la recuperaci\u00f3n de m\u00e1s v\u00edas en aras de que los compradores tengan mayor accesibilidad a esta plaza.<\/p>\n<p>Cabe mencionar que la reubicaci\u00f3n de 750 vendedores de puestos estacionarios\u00a0<strong>permiti\u00f3 la recuperaci\u00f3n de 12 mil metros cuadrados<\/strong>\u00a0de espacio p\u00fablico para el uso de los ciudadanos.<\/p>\n<p>Por su parte, el gobernador Eduardo Verano destac\u00f3 que \u201cno escatimamos en esfuerzos ni en recursos. Apoyamos la econom\u00eda de nuestros peque\u00f1os y medianos comerciantes. Estamos en un sitio importante de la ciudad en donde se mueve buena parte de la econom\u00eda y<strong>\u00a0los alimentos que consumen barranquilleros y atlanticenses\u201d.<\/strong><\/p>\n<div class=\"field-item odd\">\n<div class=\"content-titulo\">\n<div class=\"titulo\">Aumentar las ventas<\/div>\n<\/div>\n<\/div>\n<div class=\"field-item even\">\n<div class=\"entity entity-paragraphs-item paragraphs-item-descripcion\">\n<div class=\"content\">\n<div class=\"field field-name-field-descripcion field-type-text-long field-label-hidden\">\n<div class=\"field-items\">\n<div class=\"field-item even\">\n<p>Lleno de nostalgia,\u00a0<strong>Alejandro Ripoll\u00a0<\/strong>cont\u00f3 que todo lo que ha logrado conseguir es est\u00e1 vida, desde hace m\u00e1s de 38 a\u00f1os, es gracias a la venta de verduras, que tambi\u00e9n le ayud\u00f3 a dar educaci\u00f3n, alimentos y una mejor calidad de vida a sus cinco hijos.<\/p>\n<p>\u201cMuy hermoso, todo esto es muy bello. En los antiguos puestos y colmenas era muy dif\u00edcil porque sufrimos mucho con el sol, el agua, el mal olor y cosas que no eran naturales\u201d, asegur\u00f3 Ripoll.<\/p>\n<p>El hombre cont\u00f3 que su microempresa, como le gusta llamarla, tambi\u00e9n fue testigo de todos los altos y bajos que han pasado por su vida.\u00a0<strong>Uno de los m\u00e1s grandes fue el tener que despedir de este mundo a tres de sus hijos.<\/strong><\/p>\n<p>\u201cDesde este mismo s\u00e1bado que entregaron el lugar yo decid\u00ed trasladarme a ocupar mi nuevo local para asumir los retos que tengamos que afrontar y lograr aumentar las ventas\u201d, sostuvo el hombre.<\/p>\n<p>Hace m\u00e1s de 40 a\u00f1os,\u00a0<strong>Benjam\u00edn Hern\u00e1ndez<\/strong>\u00a0es vendedor de pescados y mencion\u00f3 que tiene grandes expectativas por esta nueva ubicaci\u00f3n que empez\u00f3 a ocupar desde este domingo.<\/p>\n<p>\u201cSe necesitar vender igual o m\u00e1s de lo que lo hac\u00edamos antes para que tanto esfuerzo valga la pena. Tenemos grandes expectativas, pero para que todos tengamos igual de condiciones es necesario que ya todos los vendedores ocupen sus puestos\u201d, se\u00f1al\u00f3 Hern\u00e1ndez.<\/p>\n<p>Junto a su peque\u00f1a hija Elemir lleg\u00f3 a estrenar las nuevas instalaciones del Gran Bazar para vender sus frutas y c<strong>ontinuar mejorando su calidad de vida:<\/strong>\u00a0\u201cA pesar de que todo est\u00e1 muy nuevo hemos tenido buenas ventas y pedimos a los compradores que nos sigan visitando\u201d.<\/p>\n<p><strong>Kevin Osorio<\/strong>\u00a0fue uno de los primeros compradores en esta nueva plaza y asegur\u00f3 que le sorprendi\u00f3 las condiciones de este lugar ya que hay mayor organizaci\u00f3n y limpieza.<\/p>\n<p>\u201cMi observaci\u00f3n es que se implementen rutas de buses por este sector ya que para llegar nos toca bajarnos en la Calle 30 y caminando est\u00e1 un poco lejos\u201d, sostuvo el ciudadano mientras hac\u00eda sus compras.<\/p>\n<p>Tomado de: EL HERALDO<\/p>\n<\/div>\n<\/div>\n<\/div>\n<\/div>\n<\/div>\n<\/div>","protected":false},"excerpt":{"rendered":"<p>El alcalde\u00a0Alejandro Char\u00a0hizo la entrega oficial de la plaza de mercado a comerciantes \u00a0que antes vend\u00edan sus productos en colmenas ubicadas en la carrera 43, entre calles 30 y 10, y en la calle 10, entre carreras 45 y 41B. \u201cHace un mes, cuando me dijeron que todo estaba listo para inaugurar, yo dije que<\/p>","protected":false},"author":1,"featured_media":12134,"comment_status":"closed","ping_status":"closed","sticky":false,"template":"","format":"standard","meta":{"footnotes":""},"categories":[342,181],"tags":[],"class_list":["post-12133","post","type-post","status-publish","format-standard","has-post-thumbnail","hentry","category-news","category-noticias"],"views":56,"_links":{"self":[{"href":"https:\/\/www.amchambaq.com\/en\/wp-json\/wp\/v2\/posts\/12133","targetHints":{"allow":["GET"]}}],"collection":[{"href":"https:\/\/www.amchambaq.com\/en\/wp-json\/wp\/v2\/posts"}],"about":[{"href":"https:\/\/www.amchambaq.com\/en\/wp-json\/wp\/v2\/types\/post"}],"author":[{"embeddable":true,"href":"https:\/\/www.amchambaq.com\/en\/wp-json\/wp\/v2\/users\/1"}],"replies":[{"embeddable":true,"href":"https:\/\/www.amchambaq.com\/en\/wp-json\/wp\/v2\/comments?post=12133"}],"version-history":[{"count":1,"href":"https:\/\/www.amchambaq.com\/en\/wp-json\/wp\/v2\/posts\/12133\/revisions"}],"predecessor-version":[{"id":12135,"href":"https:\/\/www.amchambaq.com\/en\/wp-json\/wp\/v2\/posts\/12133\/revisions\/12135"}],"wp:featuredmedia":[{"embeddable":true,"href":"https:\/\/www.amchambaq.com\/en\/wp-json\/wp\/v2\/media\/12134"}],"wp:attachment":[{"href":"https:\/\/www.amchambaq.com\/en\/wp-json\/wp\/v2\/media?parent=12133"}],"wp:term":[{"taxonomy":"category","embeddable":true,"href":"https:\/\/www.amchambaq.com\/en\/wp-json\/wp\/v2\/categories?post=12133"},{"taxonomy":"post_tag","embeddable":true,"href":"https:\/\/www.amchambaq.com\/en\/wp-json\/wp\/v2\/tags?post=12133"}],"curies":[{"name":"wp","href":"https:\/\/api.w.org\/{rel}","templated":true}]}}