{"id":12090,"date":"2024-04-05T11:13:23","date_gmt":"2024-04-05T16:13:23","guid":{"rendered":"https:\/\/www.amchambaq.com\/?p=12090"},"modified":"2024-04-05T11:13:23","modified_gmt":"2024-04-05T16:13:23","slug":"desempleo-en-ee-uu-baja-al-38-en-marzo-con-303-000-puestos-creados","status":"publish","type":"post","link":"https:\/\/www.amchambaq.com\/en\/desempleo-en-ee-uu-baja-al-38-en-marzo-con-303-000-puestos-creados\/","title":{"rendered":"Desempleo en EE. UU. baja al 3,8 % en marzo, con 303.000 puestos creados"},"content":{"rendered":"<p>La\u00a0<strong>Oficina de Estad\u00edsticas Laborales\u00a0<\/strong>inform\u00f3 este viernes que la creaci\u00f3n neta de nuevos<strong>\u00a0puestos de trabajo<\/strong>\u00a0subi\u00f3 de nuevo y se crearon 303.000, 33.000 m\u00e1s de los generados un mes antes, despu\u00e9s de que la cifra de febrero se revisara y se situara en los 270.000.<\/p>\n<p>La cifra es muy superior a los 231.000 puestos netos creados al mes en promedio en los doce meses previos y est\u00e1 por encima de las previsiones que hac\u00edan los analistas.<\/p>\n<p>Confirma as\u00ed la fortaleza del\u00a0<strong>mercado laboral<\/strong>, pese a los altos tipos de inter\u00e9s, en un contexto en el que la\u00a0<strong>Fed<\/strong>\u00a0analiza datos como este para decidir cu\u00e1ndo comienza a bajar las tasas.<\/p>\n<p>Los aumentos de empleo se produjeron en los\u00a0<strong>servicios profesionales\u00a0<\/strong>y empresariales, en la\u00a0<strong>atenci\u00f3n sanitaria<\/strong>, la\u00a0<strong>construcci\u00f3n\u00a0<\/strong>y el\u00a0<strong>Gobierno<\/strong>.<\/p>\n<p>Marzo cerr\u00f3 con 6,4 millones de\u00a0<strong>personas desempleadas<\/strong>, un mes en el que los\u00a0<strong>ingresos medios\u00a0<\/strong>por hora aumentaron 12 centavos, o el 0,3 %, hasta los 34,69 d\u00f3lares. En los \u00faltimos 12 meses, los ingresos medios por hora han aumentado un 4,1 %.<\/p>\n<p>Tras las once subidas realizadas desde marzo de 2022, la\u00a0<strong>Fed\u00a0<\/strong>mantiene los tipos de inter\u00e9s desde julio del a\u00f1o pasado en una horquilla de entre el 5,25 % y el 5,5 %, su m\u00e1ximo nivel desde 2001.<\/p>\n<p>Sigue a la espera de que se consolide la bajada de la tasa de\u00a0<strong>inflaci\u00f3n<\/strong>, que en febrero subi\u00f3 en t\u00e9rminos interanuales una d\u00e9cima con respecto a\u00a0<strong>enero\u00a0<\/strong>y se situ\u00f3 en el 3,2 %.<\/p>\n<p>El objetivo de la\u00a0<strong>Fed\u00a0<\/strong>sigue siendo devolverla al 2 %, aunque el presidente del banco central estadounidense ha explicado que no esperar\u00e1 a alcanzar esa cifra y, si la econom\u00eda evoluciona &#8220;en t\u00e9rminos generales como se espera&#8221;, ser\u00e1 apropiado comenzar a reducir los tipos &#8220;en alg\u00fan momento de este a\u00f1o&#8221;, apuntaba en un reciente acto p\u00fablico.<\/p>\n<p>En opini\u00f3n de\u00a0<strong>Jerome Powell<\/strong>, presidente de la Fed, los datos econ\u00f3micos recientes &#8220;no cambian el panorama general&#8221;, que &#8220;sigue siendo de crecimiento s\u00f3lido, un mercado laboral fuerte y una inflaci\u00f3n que desciende hacia el 2 % en un camino a veces accidentado&#8221;, apunt\u00f3 esta semana.<\/p>\n<p>&#8220;No esperamos que sea apropiado reducir nuestra tasa hasta que tengamos mayor confianza en que la inflaci\u00f3n est\u00e1 bajando de manera sostenible hacia el 2 %. Dada la fortaleza de la econom\u00eda y los avances en materia de\u00a0<strong>inflaci\u00f3n\u00a0<\/strong>hasta ahora, tenemos tiempo para dejar que los datos econ\u00f3micos entrantes gu\u00eden nuestras decisiones de pol\u00edtica&#8221;, insisti\u00f3\u00a0<strong>Powell<\/strong>.<\/p>\n<p>La pr\u00f3xima reuni\u00f3n del regulador tendr\u00e1 lugar entre el 30 de abril y 1 el de mayo.<\/p>\n<p>&nbsp;<\/p>\n<p>Tomado de: EL HERALDO<\/p>","protected":false},"excerpt":{"rendered":"<p>La\u00a0Oficina de Estad\u00edsticas Laborales\u00a0inform\u00f3 este viernes que la creaci\u00f3n neta de nuevos\u00a0puestos de trabajo\u00a0subi\u00f3 de nuevo y se crearon 303.000, 33.000 m\u00e1s de los generados un mes antes, despu\u00e9s de que la cifra de febrero se revisara y se situara en los 270.000. La cifra es muy superior a los 231.000 puestos netos creados al<\/p>","protected":false},"author":1,"featured_media":12091,"comment_status":"closed","ping_status":"closed","sticky":false,"template":"","format":"standard","meta":{"footnotes":""},"categories":[342,181],"tags":[],"class_list":["post-12090","post","type-post","status-publish","format-standard","has-post-thumbnail","hentry","category-news","category-noticias"],"views":38,"_links":{"self":[{"href":"https:\/\/www.amchambaq.com\/en\/wp-json\/wp\/v2\/posts\/12090","targetHints":{"allow":["GET"]}}],"collection":[{"href":"https:\/\/www.amchambaq.com\/en\/wp-json\/wp\/v2\/posts"}],"about":[{"href":"https:\/\/www.amchambaq.com\/en\/wp-json\/wp\/v2\/types\/post"}],"author":[{"embeddable":true,"href":"https:\/\/www.amchambaq.com\/en\/wp-json\/wp\/v2\/users\/1"}],"replies":[{"embeddable":true,"href":"https:\/\/www.amchambaq.com\/en\/wp-json\/wp\/v2\/comments?post=12090"}],"version-history":[{"count":1,"href":"https:\/\/www.amchambaq.com\/en\/wp-json\/wp\/v2\/posts\/12090\/revisions"}],"predecessor-version":[{"id":12092,"href":"https:\/\/www.amchambaq.com\/en\/wp-json\/wp\/v2\/posts\/12090\/revisions\/12092"}],"wp:featuredmedia":[{"embeddable":true,"href":"https:\/\/www.amchambaq.com\/en\/wp-json\/wp\/v2\/media\/12091"}],"wp:attachment":[{"href":"https:\/\/www.amchambaq.com\/en\/wp-json\/wp\/v2\/media?parent=12090"}],"wp:term":[{"taxonomy":"category","embeddable":true,"href":"https:\/\/www.amchambaq.com\/en\/wp-json\/wp\/v2\/categories?post=12090"},{"taxonomy":"post_tag","embeddable":true,"href":"https:\/\/www.amchambaq.com\/en\/wp-json\/wp\/v2\/tags?post=12090"}],"curies":[{"name":"wp","href":"https:\/\/api.w.org\/{rel}","templated":true}]}}