{"id":12062,"date":"2024-03-20T08:38:33","date_gmt":"2024-03-20T13:38:33","guid":{"rendered":"https:\/\/www.amchambaq.com\/?p=12062"},"modified":"2024-03-20T08:38:33","modified_gmt":"2024-03-20T13:38:33","slug":"universidad-simon-bolivar-conmemora-el-legado-de-jose-consuegra-higgins","status":"publish","type":"post","link":"https:\/\/www.amchambaq.com\/en\/universidad-simon-bolivar-conmemora-el-legado-de-jose-consuegra-higgins\/","title":{"rendered":"Universidad Sim\u00f3n Bol\u00edvar conmemora el legado de Jos\u00e9 Consuegra Higgins"},"content":{"rendered":"<p>\u201cVamos a adelantar un conjunto de actividades alrededor de la cultura y la academia en lo que resta del a\u00f1o, pero este mi\u00e9rcoles se desarrollar\u00e1n cuatro conversatorios con los m\u00e1s importantes intelectuales de las ciencias econ\u00f3micas, la cultura y el desarrollo regional para abordar y analizar el compromiso y aportes de nuestro rector fundador en estos aspectos\u201d, asegur\u00f3\u00a0<strong>Jos\u00e9 Consuegra Bol\u00edvar<\/strong>, rector de la alma mater.<\/p>\n<p>La XII versi\u00f3n de la\u00a0<strong>C\u00e1tedra Am\u00e9rica Latina Jos\u00e9 Consuegra Higgins<\/strong>\u00a0se cumplir\u00e1 este mi\u00e9rcoles a partir de las8:00 a. m. en la Casa de la Cultura de la Universidad Sim\u00f3n Bol\u00edvar, ubicada en la calle 68 con carrera 53.<\/p>\n<p><strong>Yomaira Altahona Caicedo<\/strong>, directora del departamento de Ciencias Sociales y Humanas y coordinadora de la C\u00e1tedra, dijo que los conversatorios que se llevar\u00e1n a cabo son:\u00a0 el pensamiento y obra del fundador maestro Jos\u00e9 Consuegra Higgins: Aportes a la cultura propia; el aporte del fundador al pensamiento propio en las ciencias sociales y econ\u00f3micas; aportes del fundador a la educaci\u00f3n y aportes a la planeaci\u00f3n y al desarrollo social del pa\u00eds.<\/p>\n<p>De igual forma se cumplir\u00e1 una ceremonia en la que se otorgar\u00e1 el\u00a0<strong>Doctorado Honoris Causa\u00a0<\/strong>en grado p\u00f3stumo en Ciencias de la Educaci\u00f3n al rector fundador Jos\u00e9 Consuegra Higgins y tambi\u00e9n a los miembros fundadores de la alma mater que actualmente hacen parte de la Sala General: Ana Bol\u00edvar de Consuegra y \u00c1lvaro Castro Socarr\u00e1s.<\/p>\n<p>&nbsp;<\/p>\n<p>Tomado de: EL HERALDO<\/p>","protected":false},"excerpt":{"rendered":"<p>\u201cVamos a adelantar un conjunto de actividades alrededor de la cultura y la academia en lo que resta del a\u00f1o, pero este mi\u00e9rcoles se desarrollar\u00e1n cuatro conversatorios con los m\u00e1s importantes intelectuales de las ciencias econ\u00f3micas, la cultura y el desarrollo regional para abordar y analizar el compromiso y aportes de nuestro rector fundador en<\/p>","protected":false},"author":1,"featured_media":12063,"comment_status":"closed","ping_status":"closed","sticky":false,"template":"","format":"standard","meta":{"footnotes":""},"categories":[342,181],"tags":[],"class_list":["post-12062","post","type-post","status-publish","format-standard","has-post-thumbnail","hentry","category-news","category-noticias"],"views":55,"_links":{"self":[{"href":"https:\/\/www.amchambaq.com\/en\/wp-json\/wp\/v2\/posts\/12062","targetHints":{"allow":["GET"]}}],"collection":[{"href":"https:\/\/www.amchambaq.com\/en\/wp-json\/wp\/v2\/posts"}],"about":[{"href":"https:\/\/www.amchambaq.com\/en\/wp-json\/wp\/v2\/types\/post"}],"author":[{"embeddable":true,"href":"https:\/\/www.amchambaq.com\/en\/wp-json\/wp\/v2\/users\/1"}],"replies":[{"embeddable":true,"href":"https:\/\/www.amchambaq.com\/en\/wp-json\/wp\/v2\/comments?post=12062"}],"version-history":[{"count":1,"href":"https:\/\/www.amchambaq.com\/en\/wp-json\/wp\/v2\/posts\/12062\/revisions"}],"predecessor-version":[{"id":12064,"href":"https:\/\/www.amchambaq.com\/en\/wp-json\/wp\/v2\/posts\/12062\/revisions\/12064"}],"wp:featuredmedia":[{"embeddable":true,"href":"https:\/\/www.amchambaq.com\/en\/wp-json\/wp\/v2\/media\/12063"}],"wp:attachment":[{"href":"https:\/\/www.amchambaq.com\/en\/wp-json\/wp\/v2\/media?parent=12062"}],"wp:term":[{"taxonomy":"category","embeddable":true,"href":"https:\/\/www.amchambaq.com\/en\/wp-json\/wp\/v2\/categories?post=12062"},{"taxonomy":"post_tag","embeddable":true,"href":"https:\/\/www.amchambaq.com\/en\/wp-json\/wp\/v2\/tags?post=12062"}],"curies":[{"name":"wp","href":"https:\/\/api.w.org\/{rel}","templated":true}]}}