{"id":12053,"date":"2024-03-18T09:27:38","date_gmt":"2024-03-18T14:27:38","guid":{"rendered":"https:\/\/www.amchambaq.com\/?p=12053"},"modified":"2024-03-18T09:27:38","modified_gmt":"2024-03-18T14:27:38","slug":"modelo-bilingue-en-colegios-amplia-su-abanico-de-oportunidades-en-2024","status":"publish","type":"post","link":"https:\/\/www.amchambaq.com\/en\/modelo-bilingue-en-colegios-amplia-su-abanico-de-oportunidades-en-2024\/","title":{"rendered":"Modelo biling\u00fce en colegios ampl\u00eda su \u201cabanico de oportunidades\u201d en 2024"},"content":{"rendered":"<div id=\"body\" class=\"content-article size-m\">\n<p>La apuesta educativa por una\u00a0<strong>Barranquilla biling\u00fce\u00a0<\/strong>ya empieza a posicionar a la ciudad como un referente en materia de educaci\u00f3n a nivel nacional que este<strong>\u00a0llega a otra etapa.<\/strong><\/p>\n<\/div>\n<div id=\"paragraphs\" class=\"content-article paragraphs size-m\">\n<div class=\"field-collection-container clearfix\">\n<div class=\"field field-name-field-contenido-articulos-2 field-type-field-collection field-label-hidden\">\n<div class=\"field-item even\">\n<div class=\"field-collection-view clearfix view-mode-full field-collection-view-final\">\n<div>\n<div class=\"content\">\n<div class=\"paragraphs-items paragraphs-items-field-campos paragraphs-items-field-campos-full paragraphs-items-full\">\n<div class=\"field field-name-field-campos field-type-paragraphs field-label-hidden\">\n<div class=\"field-item even\">\n<div id=\"relacionado-body\">\n<div class=\"box-title\">\n<p>\u201cCerrar brechas de capital humano y generar oportunidades de\u00a0<strong>inclusi\u00f3n productiva<\/strong>\u201d\u00a0es el objetivo de la pol\u00edtica p\u00fablica con la que se espera responder<strong>\u00a0de manera oportuna<\/strong>\u00a0y eficientemente a los desaf\u00edos del mundo actual, una de las grandes insignias de la\u00a0<strong>Administraci\u00f3n distrital.<\/strong><\/p>\n<p>De acuerdo al alcalde\u00a0<strong>Alejandro Char<\/strong>, este a\u00f1o la estrategia llegar\u00e1 a todas las instituciones oficiales de la ciudad. \u201cBarranquilla\u00a0le apuesta a la\u00a0<strong>educaci\u00f3n<\/strong>\u00a0<strong>biling\u00fce<\/strong>\u00a0en el 100 % de sus colegios p\u00fablicos, iniciando desde transici\u00f3n de la mano del programa\u00a0<strong>Global Kids\u00a0<\/strong>que impacta a m\u00e1s de\u00a0<strong>45.000 ni\u00f1os\u00a0<\/strong>y ni\u00f1as. Lo que antes era un privilegio para unos pocos, \u00a1ahora es un derecho para todos!\u201d.<\/p>\n<p>Seg\u00fan el Distrito, Barranquilla lidera estrategias y acciones para la ense\u00f1anza y\u00a0<strong>aprendizaje del ingl\u00e9s\u00a0<\/strong>en estudiantes y docentes de todos los colegios oficiales, en alianza con el\u00a0<strong>British Council<\/strong>.<\/p>\n<p>Proceso educativo que hoy posiciona a la ciudad como l\u00edder, con una pol\u00edtica p\u00fablica que ha impactado a m\u00e1s de\u00a0<strong>143.000 estudiantes y\u00a02.570 docentes\u00a0<\/strong>en los \u00faltimos a\u00f1os, dicen las cifras.<\/p>\n<p>Ahora, la ciudad orienta el programa de biling\u00fcismo en<strong>\u00a05 grandes l\u00edneas estrat\u00e9gicas<\/strong>\u00a0que buscan seguir abriendo el\u00a0<strong>abanico de<\/strong>\u00a0<strong>oportunidades<\/strong>\u00a0a miles de ni\u00f1os y j\u00f3venes de la ciudad, con las herramientas y competencias necesarias para que sean<strong>\u00a0ciudadanos del mundo.<\/strong><\/p>\n<p>La Administraci\u00f3n distrital entregar\u00e1\u00a0<strong>1.700 becas para j\u00f3venes de 8 y 9 grado<\/strong>\u00a0de todos los colegios oficiales, para un curso intensivo en el idioma ingl\u00e9s. As\u00ed como un componente de fortalecimiento de competencias comunicativas en ingl\u00e9s en j\u00f3venes de la media, con ciclos de preparaci\u00f3n para<strong>\u00a0presentaci\u00f3n de pruebas.<\/strong><\/p>\n<p>\u201cComo los grandes aliados para la cocreaci\u00f3n, la segunda l\u00ednea se enfoca en la formaci\u00f3n en ingl\u00e9s de\u00a0<strong>docentes\u00a0<\/strong>y directivos, a trav\u00e9s de la estrategia<strong>\u00a0\u2018English Without Borders\u2019.\u00a0<\/strong>Son 1.600 docentes de las escuelas distritales -incluyendo directivos, docentes de primaria, de ingl\u00e9s y de \u00e1reas de contenido- quienes recibir\u00e1n\u00a0<strong>formaci\u00f3n intensiva\u00a0<\/strong>en la lengua y un esquema de desarrollo profesional continuo, denominado ELT Journey\u201d, se\u00f1alaron.<\/p>\n<p>La pol\u00edtica tambi\u00e9n comprende un eje de monitoreo,\u00a0<strong>diagn\u00f3stico\u00a0<\/strong>y evaluaciones peri\u00f3dicas para hacer seguimiento de resultados e impacto de las metodolog\u00edas y\u00a0<strong>estrategias del programa\u00a0<\/strong>en todos los colegios oficiales.<\/p>\n<p>Para la Administraci\u00f3n distrital, el impacto de la\u00a0<strong>pol\u00edtica p\u00fablica\u00a0<\/strong>de la ciudad se debe, en gran medida, al componente de acompa\u00f1amiento especializado para enriquecer\u00a0<strong>procesos de<\/strong>\u00a0<strong>ense\u00f1anza\u00a0<\/strong>y aprendizaje del ingl\u00e9s, a trav\u00e9s de mentores de biling\u00fcismo para cada una de las\u00a0<strong>153 escuelas p\u00fablicas.\u00a0<\/strong><\/p>\n<\/div>\n<p>Tomado de: EL HERALDO<\/p>\n<\/div>\n<\/div>\n<\/div>\n<\/div>\n<\/div>\n<\/div>\n<\/div>\n<\/div>\n<\/div>\n<\/div>\n<\/div>","protected":false},"excerpt":{"rendered":"<p>La apuesta educativa por una\u00a0Barranquilla biling\u00fce\u00a0ya empieza a posicionar a la ciudad como un referente en materia de educaci\u00f3n a nivel nacional que este\u00a0llega a otra etapa. \u201cCerrar brechas de capital humano y generar oportunidades de\u00a0inclusi\u00f3n productiva\u201d\u00a0es el objetivo de la pol\u00edtica p\u00fablica con la que se espera responder\u00a0de manera oportuna\u00a0y eficientemente a los desaf\u00edos<\/p>","protected":false},"author":1,"featured_media":12054,"comment_status":"closed","ping_status":"closed","sticky":false,"template":"","format":"standard","meta":{"footnotes":""},"categories":[342,181],"tags":[],"class_list":["post-12053","post","type-post","status-publish","format-standard","has-post-thumbnail","hentry","category-news","category-noticias"],"views":49,"_links":{"self":[{"href":"https:\/\/www.amchambaq.com\/en\/wp-json\/wp\/v2\/posts\/12053","targetHints":{"allow":["GET"]}}],"collection":[{"href":"https:\/\/www.amchambaq.com\/en\/wp-json\/wp\/v2\/posts"}],"about":[{"href":"https:\/\/www.amchambaq.com\/en\/wp-json\/wp\/v2\/types\/post"}],"author":[{"embeddable":true,"href":"https:\/\/www.amchambaq.com\/en\/wp-json\/wp\/v2\/users\/1"}],"replies":[{"embeddable":true,"href":"https:\/\/www.amchambaq.com\/en\/wp-json\/wp\/v2\/comments?post=12053"}],"version-history":[{"count":1,"href":"https:\/\/www.amchambaq.com\/en\/wp-json\/wp\/v2\/posts\/12053\/revisions"}],"predecessor-version":[{"id":12055,"href":"https:\/\/www.amchambaq.com\/en\/wp-json\/wp\/v2\/posts\/12053\/revisions\/12055"}],"wp:featuredmedia":[{"embeddable":true,"href":"https:\/\/www.amchambaq.com\/en\/wp-json\/wp\/v2\/media\/12054"}],"wp:attachment":[{"href":"https:\/\/www.amchambaq.com\/en\/wp-json\/wp\/v2\/media?parent=12053"}],"wp:term":[{"taxonomy":"category","embeddable":true,"href":"https:\/\/www.amchambaq.com\/en\/wp-json\/wp\/v2\/categories?post=12053"},{"taxonomy":"post_tag","embeddable":true,"href":"https:\/\/www.amchambaq.com\/en\/wp-json\/wp\/v2\/tags?post=12053"}],"curies":[{"name":"wp","href":"https:\/\/api.w.org\/{rel}","templated":true}]}}