{"id":12042,"date":"2024-03-15T08:20:00","date_gmt":"2024-03-15T13:20:00","guid":{"rendered":"https:\/\/www.amchambaq.com\/?p=12042"},"modified":"2024-03-15T08:20:00","modified_gmt":"2024-03-15T13:20:00","slug":"colombia-fue-en-enero-el-pais-de-la-ocde-en-el-que-mas-se-redujo-el-desempleo","status":"publish","type":"post","link":"https:\/\/www.amchambaq.com\/en\/colombia-fue-en-enero-el-pais-de-la-ocde-en-el-que-mas-se-redujo-el-desempleo\/","title":{"rendered":"Colombia fue en enero el pa\u00eds de la Ocde en el que m\u00e1s se redujo el desempleo"},"content":{"rendered":"<p><strong>Colombia\u00a0<\/strong>fue en enero el pa\u00eds de la\u00a0<strong>Ocde\u00a0<\/strong>en el que m\u00e1s se redujo la tasa de\u00a0<strong>desempleo<\/strong>, cuatro d\u00e9cimas, hasta el 10,4 %, con los datos de todos los miembros publicados este jueves.<\/p>\n<p>No obstante,\u00a0<strong>Colombia\u00a0<\/strong>sigui\u00f3 siendo el segundo con el nivel de paro m\u00e1s elevado de los 38 miembros s\u00f3lo por detr\u00e1s de\u00a0<strong>Espa\u00f1a<\/strong>, que ten\u00eda un 11,6 % y una d\u00e9cima menos que en\u00a0<strong>diciembre<\/strong>, explic\u00f3 la Organizaci\u00f3n para la\u00a0<strong>Cooperaci\u00f3n y el Desarrollo Econ\u00f3mico (Ocde)<\/strong>, en un comunicado.<\/p>\n<p>La tasa de desempleo en el conjunto de la Ocde en enero se mantuvo estable en enero en el 4,8 %, es decir, en el m\u00ednimo de la\u00a0<strong>serie hist\u00f3rica<\/strong>, que comenz\u00f3 en 2001.<\/p>\n<p>En el primer mes del a\u00f1o hubo ca\u00eddas significativas, adem\u00e1s de en\u00a0<strong>Colombia<\/strong>, en\u00a0<strong>Austria\u00a0<\/strong>(cuatro d\u00e9cimas al 5 %) y en\u00a0<strong>Corea del Sur<\/strong>\u00a0(dos d\u00e9cimas al 3 %).<\/p>\n<p>Por el contrario, el paro aument\u00f3 en seis pa\u00edses (<strong>Dinamarca, Finlandia, Lituania, Noruega, Rep\u00fablica Checa y Turqu\u00eda<\/strong>).<\/p>\n<p>En la\u00a0<strong>Uni\u00f3n Europea\u00a0<\/strong>y en la\u00a0<strong>zona euro<\/strong>, el desempleo se mantuvo sin cambios en niveles hist\u00f3ricamente bajos (6 % y 6,4 %, respectivamente).<\/p>\n<p>En cifras absolutas, los pa\u00edses con m\u00e1s\u00a0<strong>desempleados\u00a0<\/strong>de los 38 miembros eran\u00a0<strong>Estados Unidos\u00a0<\/strong>(6,12 millones),\u00a0<strong>Turqu\u00eda\u00a0<\/strong>(3,21 millones),\u00a0<strong>Espa\u00f1a<\/strong>\u00a0(2,79 millones) y\u00a0<strong>Colombia\u00a0<\/strong>(2,61 millones).<\/p>\n<p>&nbsp;<\/p>\n<p>Tomaod de: EL HERALDO<\/p>","protected":false},"excerpt":{"rendered":"<p>Colombia\u00a0fue en enero el pa\u00eds de la\u00a0Ocde\u00a0en el que m\u00e1s se redujo la tasa de\u00a0desempleo, cuatro d\u00e9cimas, hasta el 10,4 %, con los datos de todos los miembros publicados este jueves. No obstante,\u00a0Colombia\u00a0sigui\u00f3 siendo el segundo con el nivel de paro m\u00e1s elevado de los 38 miembros s\u00f3lo por detr\u00e1s de\u00a0Espa\u00f1a, que ten\u00eda un 11,6<\/p>","protected":false},"author":1,"featured_media":12043,"comment_status":"closed","ping_status":"closed","sticky":false,"template":"","format":"standard","meta":{"footnotes":""},"categories":[342,181],"tags":[],"class_list":["post-12042","post","type-post","status-publish","format-standard","has-post-thumbnail","hentry","category-news","category-noticias"],"views":42,"_links":{"self":[{"href":"https:\/\/www.amchambaq.com\/en\/wp-json\/wp\/v2\/posts\/12042","targetHints":{"allow":["GET"]}}],"collection":[{"href":"https:\/\/www.amchambaq.com\/en\/wp-json\/wp\/v2\/posts"}],"about":[{"href":"https:\/\/www.amchambaq.com\/en\/wp-json\/wp\/v2\/types\/post"}],"author":[{"embeddable":true,"href":"https:\/\/www.amchambaq.com\/en\/wp-json\/wp\/v2\/users\/1"}],"replies":[{"embeddable":true,"href":"https:\/\/www.amchambaq.com\/en\/wp-json\/wp\/v2\/comments?post=12042"}],"version-history":[{"count":1,"href":"https:\/\/www.amchambaq.com\/en\/wp-json\/wp\/v2\/posts\/12042\/revisions"}],"predecessor-version":[{"id":12044,"href":"https:\/\/www.amchambaq.com\/en\/wp-json\/wp\/v2\/posts\/12042\/revisions\/12044"}],"wp:featuredmedia":[{"embeddable":true,"href":"https:\/\/www.amchambaq.com\/en\/wp-json\/wp\/v2\/media\/12043"}],"wp:attachment":[{"href":"https:\/\/www.amchambaq.com\/en\/wp-json\/wp\/v2\/media?parent=12042"}],"wp:term":[{"taxonomy":"category","embeddable":true,"href":"https:\/\/www.amchambaq.com\/en\/wp-json\/wp\/v2\/categories?post=12042"},{"taxonomy":"post_tag","embeddable":true,"href":"https:\/\/www.amchambaq.com\/en\/wp-json\/wp\/v2\/tags?post=12042"}],"curies":[{"name":"wp","href":"https:\/\/api.w.org\/{rel}","templated":true}]}}