{"id":12038,"date":"2024-03-14T08:30:23","date_gmt":"2024-03-14T13:30:23","guid":{"rendered":"https:\/\/www.amchambaq.com\/?p=12038"},"modified":"2024-03-14T08:30:23","modified_gmt":"2024-03-14T13:30:23","slug":"barranquilla-en-el-top-3-de-ciudades-donde-mas-empresas-crecieron-en-empleo","status":"publish","type":"post","link":"https:\/\/www.amchambaq.com\/en\/barranquilla-en-el-top-3-de-ciudades-donde-mas-empresas-crecieron-en-empleo\/","title":{"rendered":"Barranquilla, en el top 3 de ciudades donde m\u00e1s empresas crecieron en empleo"},"content":{"rendered":"<p>La<strong>\u00a0Encuesta Ritmo Empresarial<\/strong>\u00a0realizada a nivel nacional por las<strong>\u00a0c\u00e1maras de comercio<\/strong>\u00a0revel\u00f3 que\u00a0<strong>Barranquilla\u00a0<\/strong>se mantiene en el top 3 de las ciudades donde las empresas incrementaron el valor de sus ventas y los empleos durante el\u00a0<strong>segundo semestre\u00a0<\/strong>de 2023 en relaci\u00f3n con el a\u00f1o 2022.<\/p>\n<p>La<strong>\u00a0capital del Atl\u00e1ntico<\/strong>\u00a0se ubic\u00f3 en el tercer lugar en aumento de ventas, puesto que el 38,7 % de los\u00a0<strong>empresarios\u00a0<\/strong>consultados reportaron aumentos en las mismas, mientras que el valor promedio en el pa\u00eds fue de 25,9 %.<\/p>\n<p>Buenaventura ocup\u00f3 el primer puesto con el 60,8 %.\u00a0<strong>Medell\u00edn\u00a0<\/strong>fue la segunda con el 43 %.\u00a0<strong>Cali\u00a0<\/strong>fue la quinta, con el 37,7 %.\u00a0<strong>Bogot\u00e1\u00a0<\/strong>fue la d\u00e9cimo quinta con solo el 20,5 % indicando incrementos.<\/p>\n<p>En\u00a0<strong>Barranquilla<\/strong>, el 21,7 % de las empresas dijeron haber incrementado el n\u00famero de trabajadores, siendo la segunda ciudad en el top 3. Esta cifra fue superior al promedio del 18 % de los \u00faltimos tres a\u00f1os. Nuevamente,\u00a0<strong>Buenaventura\u00a0<\/strong>se ubic\u00f3 en el primer lugar con el 28,4 %.\u00a0<strong>Medell\u00edn\u00a0<\/strong>fue la tercera con 16,3 % y\u00a0<strong>Cali\u00a0<\/strong>se ubic\u00f3 en el cuarto lugar con 14,1 %.<\/p>\n<p><strong>Barranquilla<\/strong>\u00a0tambi\u00e9n se destac\u00f3 como la ciudad principal donde m\u00e1s\u00a0<strong>empresas\u00a0<\/strong>se\u00f1alaron haber realizado inversiones durante el\u00a0<strong>segundo semestre\u00a0<\/strong>de 2023.<\/p>\n<p>Aqu\u00ed el 32,3 % de los empresarios consultados dijeron haberlo hecho versus el 25,2 % que lo hicieron en el segundo semestre del a\u00f1o inmediatamente anterior y el 30 % promedio de los \u00faltimos tres a\u00f1os. En\u00a0<strong>Cali\u00a0<\/strong>lo hizo el 32 % de los encuestados, en\u00a0<strong>Medell\u00edn\u00a0<\/strong>el 29,5 % y en\u00a0<strong>Bogot\u00e1\u00a0<\/strong>el 24,3 %.<\/p>\n<p>De acuerdo con la encuesta, el comportamiento de la demanda internacional favoreci\u00f3 las exportaciones de las empresas del Atl\u00e1ntico, pues el 8,6 % de los empresarios consultados report\u00f3 haber exportado en 2023-II, siendo este el registro m\u00e1s alto desde que se realiza la encuesta. Esto se compagina con un aumento en el n\u00famero de exportadores en el departamento, llegando a las 695 empresas en 2023.<\/p>\n<p>En el pa\u00eds, solo el 5,5% de los empresarios consultados reportaron haber exportado en el segundo semestre de 2023.<\/p>\n<p>Sobre estos resultados el presidente ejecutivo de la<strong>\u00a0C\u00e1mara de Comercio de Barranquilla, Manuel Fern\u00e1ndez Ariza<\/strong>, destac\u00f3 que en medio de las se\u00f1ales de desaceleraci\u00f3n econ\u00f3mica que presenta la econom\u00eda nacional y local,\u00a0<strong>Barranquilla\u00a0<\/strong>se sigue destacando como una de las ciudades con mejores indicadores en el desempe\u00f1o empresarial y con m\u00e1s confianza sobre una mayor din\u00e1mica este a\u00f1o.<\/p>\n<p>\u201cSin embargo, ante la p\u00e9rdida de\u00a0<strong>tracci\u00f3n econ\u00f3mica<\/strong>, el pa\u00eds debe hacer mayores esfuerzos para reactivar y fortalecer sectores productivos en las\u00a0<strong>regiones<\/strong>, que muestran se\u00f1ales de contracci\u00f3n. En este sentido, nuestros empresarios reclaman que se adopten pol\u00edticas y estrategias claras encaminadas a apoyar emprendimientos y la\u00a0<strong>innovaci\u00f3n<\/strong>; y a ejecutar programas que impulsen la\u00a0<strong>productividad<\/strong>\u201d, dijo Fern\u00e1ndez Ariza.<\/p>\n<p>Seg\u00fan la<strong>\u00a0Encuesta Ritmo Empresarial<\/strong>, la\u00a0<strong>inflaci\u00f3n\u00a0<\/strong>y el alto costo de los\u00a0<strong>insumos\u00a0<\/strong>fueron los factores que m\u00e1s afectaron el\u00a0<strong>desarrollo\u00a0<\/strong>de las empresas durante el segundo semestre de 2023.<\/p>\n<p>Ello fue se\u00f1alado por el 17,3 % de los empresarios de\u00a0<strong>Barranquilla<\/strong>. Para el 15,3 % fue la falta de demanda. El 11,8% dijo que la carga tributaria, el 9,9 % lo atribuy\u00f3 a las altas tasas de inter\u00e9s y el 9,3% a la elevada competencia.<\/p>\n<p>No obstante, el 54,3 % de las empresas de\u00a0<strong>Barranquilla\u00a0<\/strong>proyecta un crecimiento en ventas en el primer semestre de 2024 en relaci\u00f3n con el\u00a0<strong>segundo semestre<\/strong>\u00a0de 2023, cifra que se sit\u00faa por encima del 51,6 % del promedio de los \u00faltimos tres a\u00f1os. El 32,9 % anticipa que se mantendr\u00e1 igual. Y el 12,8 % cree que disminuir\u00e1n.<\/p>\n<p>En\u00a0<strong>Barranquilla\u00a0<\/strong>se registr\u00f3 la mayor proporci\u00f3n de\u00a0<strong>empresas\u00a0<\/strong>que indicaron que aumentar\u00e1 su planta de trabajadores en el primer semestre de 2024. El 28,8 % anticipa que crecer\u00e1 su n\u00f3mina, por encima del 26,5 % promedio del \u00faltimo trienio. El 59,7 % prev\u00e9 que se mantendr\u00e1 igual. Y el 11,5 % comenta que espera reducirla.<\/p>\n<p>Tambi\u00e9n se destaca el alto porcentaje de empresarios, 43,1 %, que anticiparon que la\u00a0<strong>situaci\u00f3n econ\u00f3mica\u00a0<\/strong>local mejorar\u00e1 en el primer semestre de 2024 frente a la situaci\u00f3n actual. El 36,7 % considera que se mantendr\u00e1 igual. Y el 20,1 % que ser\u00e1 peor o mucho peor.<\/p>\n<p>Finalmente, el 78 % de las empresas encuestadas en\u00a0<strong>Barranquilla\u00a0<\/strong>califican de muy importante el apoyo a emprendedores locales y regionales. El 75,4 % lo expresaron en cuanto a la transformaci\u00f3n digital. Y el 51,1 % se expres\u00f3 as\u00ed con relaci\u00f3n al fomento de la inclusi\u00f3n y la equidad de g\u00e9nero.<\/p>\n<p>El resultado de las\u00a0<strong>ventas<\/strong>,\u00a0<strong>empleo\u00a0<\/strong>e\u00a0<strong>inversi\u00f3n\u00a0<\/strong>en las empresas afiliadas a la C\u00e1mara de Comercio de Barranquilla durante el segundo semestre de 2023 no present\u00f3 mayores diferencias frente a su comportamiento hist\u00f3rico.<\/p>\n<p>De igual manera, se mantiene el optimismo de nuestro\u00a0<strong>empresariado\u00a0<\/strong>en cuanto al desempe\u00f1o de sus\u00a0<strong>negocios<\/strong>, seg\u00fan lo exhibido en ediciones recientes de esta e<strong>ncuesta<\/strong>. No obstante, no sucede lo mismo en cuanto a las expectativas de la situaci\u00f3n econ\u00f3mica local, que sigue en niveles hist\u00f3ricamente bajos, cercanos al 40% y por debajo del 50 % y 60 % vistos entre 2018-2021.<\/p>\n<p>Tomado de: EL HERALDO<\/p>","protected":false},"excerpt":{"rendered":"<p>La\u00a0Encuesta Ritmo Empresarial\u00a0realizada a nivel nacional por las\u00a0c\u00e1maras de comercio\u00a0revel\u00f3 que\u00a0Barranquilla\u00a0se mantiene en el top 3 de las ciudades donde las empresas incrementaron el valor de sus ventas y los empleos durante el\u00a0segundo semestre\u00a0de 2023 en relaci\u00f3n con el a\u00f1o 2022. La\u00a0capital del Atl\u00e1ntico\u00a0se ubic\u00f3 en el tercer lugar en aumento de ventas, puesto que<\/p>","protected":false},"author":1,"featured_media":12040,"comment_status":"closed","ping_status":"closed","sticky":false,"template":"","format":"standard","meta":{"footnotes":""},"categories":[342,181],"tags":[],"class_list":["post-12038","post","type-post","status-publish","format-standard","has-post-thumbnail","hentry","category-news","category-noticias"],"views":80,"_links":{"self":[{"href":"https:\/\/www.amchambaq.com\/en\/wp-json\/wp\/v2\/posts\/12038","targetHints":{"allow":["GET"]}}],"collection":[{"href":"https:\/\/www.amchambaq.com\/en\/wp-json\/wp\/v2\/posts"}],"about":[{"href":"https:\/\/www.amchambaq.com\/en\/wp-json\/wp\/v2\/types\/post"}],"author":[{"embeddable":true,"href":"https:\/\/www.amchambaq.com\/en\/wp-json\/wp\/v2\/users\/1"}],"replies":[{"embeddable":true,"href":"https:\/\/www.amchambaq.com\/en\/wp-json\/wp\/v2\/comments?post=12038"}],"version-history":[{"count":1,"href":"https:\/\/www.amchambaq.com\/en\/wp-json\/wp\/v2\/posts\/12038\/revisions"}],"predecessor-version":[{"id":12041,"href":"https:\/\/www.amchambaq.com\/en\/wp-json\/wp\/v2\/posts\/12038\/revisions\/12041"}],"wp:featuredmedia":[{"embeddable":true,"href":"https:\/\/www.amchambaq.com\/en\/wp-json\/wp\/v2\/media\/12040"}],"wp:attachment":[{"href":"https:\/\/www.amchambaq.com\/en\/wp-json\/wp\/v2\/media?parent=12038"}],"wp:term":[{"taxonomy":"category","embeddable":true,"href":"https:\/\/www.amchambaq.com\/en\/wp-json\/wp\/v2\/categories?post=12038"},{"taxonomy":"post_tag","embeddable":true,"href":"https:\/\/www.amchambaq.com\/en\/wp-json\/wp\/v2\/tags?post=12038"}],"curies":[{"name":"wp","href":"https:\/\/api.w.org\/{rel}","templated":true}]}}