{"id":12028,"date":"2024-03-13T08:34:29","date_gmt":"2024-03-13T13:34:29","guid":{"rendered":"https:\/\/www.amchambaq.com\/?p=12028"},"modified":"2024-03-13T08:34:29","modified_gmt":"2024-03-13T13:34:29","slug":"el-panorama-economico-que-enfrenta-la-agricultura-cafetera-en-colombia","status":"publish","type":"post","link":"https:\/\/www.amchambaq.com\/en\/el-panorama-economico-que-enfrenta-la-agricultura-cafetera-en-colombia\/","title":{"rendered":"El panorama econ\u00f3mico que enfrenta la agricultura cafetera en Colombia"},"content":{"rendered":"<p>A trav\u00e9s de su cuenta de X, el\u00a0gerente de la Federaci\u00f3n Nacional de Cafeteros (FNC), Germ\u00e1n Baham\u00f3n, se refiri\u00f3 a<b>\u00a0la situaci\u00f3n actual del sector cafetero<\/b>\u00a0y al panorama econ\u00f3mico que enfrenta la caficultura en Colombia.<\/p>\n<p id=\"p600414-m1828-2-1829\" class=\"parrafo\">Seg\u00fan explic\u00f3 el l\u00edder gremial, se han presentado varios avances, no solo en materia de austeridad, sino tambi\u00e9n comercial para las empresas y los mercados. Sin embargo,\u00a0<b>debido a la poca rentabilidad<\/b>, la econom\u00eda de la agricultura cafetera ha comenzado a verse afectada.<\/p>\n<p id=\"p600414-m1834-3-1835\" class=\"parrafo\"><i>&#8220;Es importante entender que la coyuntura y sus desaf\u00edos debemos abordarlos y superarlos juntos, atendiendo las afugias del presente y emprendiendo para el futuro los cambios estructurales que nos permitan como productores participar de manera real en la cadena de valor&#8221;,<\/i>\u00a0destac\u00f3.<\/p>\n<p id=\"p600414-m1840-4-1841\" class=\"parrafo\">En ese sentido, el gerente de la FNC se\u00f1al\u00f3 que si bien durante el 2023\u00a0<b>se hizo un esfuerzo por detener la ca\u00edda de la producci\u00f3n de caf\u00e9\u00a0<\/b>en un contexto de baja rentabilidad,\u00a0<i>&#8220;fue el a\u00f1o m\u00e1s dif\u00edcil para la familia cafetera y no resistimos uno igual&#8221;.\u00a0<\/i><\/p>\n<p id=\"p600414-m1852-6-1853\" class=\"parrafo\">A lo anterior le sum\u00f3 que, pese a que las expectativas de cosecha para 2024 son buenas, el clima ha tenido un impacto importante en esa din\u00e1mica. De ah\u00ed que el gremio rescata los anuncios del Ministerio de Agricultura en lo que se refiere a<b>\u00a0cr\u00e9ditos para impulsar la renovaci\u00f3n de la plantaci\u00f3n cafetera.\u00a0<\/b><\/p>\n<p id=\"p600414-m1858-7-1859\" class=\"parrafo\">No obstante, hizo \u00e9nfasis en la necesidad de un apoyo para los caficultores para as\u00ed poder mejorar sus ingresos ante esta coyuntura.\u00a0<i>&#8220;No reconocemos bonanza reciente. Hoy tenemos baja productividad, alta afectaci\u00f3n por broca y bajo precio. De no hacer algo contundente se podr\u00eda configurar una crisis&#8221;,<\/i>\u00a0indic\u00f3.<\/p>\n<div id=\"p600414-m1902-11-1903\" class=\"highlighted\">\n<div id=\"m1907-1906-1908\" class=\"tiemposBold3\">Las propuestas<\/div>\n<\/div>\n<p id=\"p600414-m1914-12-1915\" class=\"parrafo\">Baham\u00f3n se\u00f1al\u00f3 que el\u00a0Comit\u00e9 Directivo es consciente de que hay una alerta con relaci\u00f3n al precio\/costo del caf\u00e9. Por ello, en el pr\u00f3ximo\u00a0Comit\u00e9 Nacional el gremio pondr\u00e1 sobre la mesa la necesidad\u00a0de determinar los mecanismos finales<b>\u00a0para proceder a activar el Fondo de Estabilizaci\u00f3n de Precios del Caf\u00e9 (FEPC)<\/b>, teniendo en cuenta que los recursos existentes puede que no sean suficientes.<\/p>\n<p id=\"p600414-m1926-14-1927\" class=\"parrafo\">De la misma manera, hizo un llamado a la Fuerza P\u00fablica para<i>\u00a0&#8220;devolverle la tranquilidad a las regiones cafeteras&#8221;.\u00a0<\/i><\/p>\n<p id=\"p600414-m1932-15-1933\" class=\"parrafo\"><i>&#8220;La unidad es la garant\u00eda de fuerza, y la mirada compartida es la forma como hemos enfrentado la divisi\u00f3n y el pesimismo, y siempre hemos avanzado&#8221;,\u00a0<\/i>concluy\u00f3.<\/p>\n<p>&nbsp;<\/p>\n<p>Tomado de: Portafolio<\/p>","protected":false},"excerpt":{"rendered":"<p>A trav\u00e9s de su cuenta de X, el\u00a0gerente de la Federaci\u00f3n Nacional de Cafeteros (FNC), Germ\u00e1n Baham\u00f3n, se refiri\u00f3 a\u00a0la situaci\u00f3n actual del sector cafetero\u00a0y al panorama econ\u00f3mico que enfrenta la caficultura en Colombia. Seg\u00fan explic\u00f3 el l\u00edder gremial, se han presentado varios avances, no solo en materia de austeridad, sino tambi\u00e9n comercial para las<\/p>","protected":false},"author":1,"featured_media":12029,"comment_status":"closed","ping_status":"closed","sticky":false,"template":"","format":"standard","meta":{"footnotes":""},"categories":[342,181],"tags":[],"class_list":["post-12028","post","type-post","status-publish","format-standard","has-post-thumbnail","hentry","category-news","category-noticias"],"views":41,"_links":{"self":[{"href":"https:\/\/www.amchambaq.com\/en\/wp-json\/wp\/v2\/posts\/12028","targetHints":{"allow":["GET"]}}],"collection":[{"href":"https:\/\/www.amchambaq.com\/en\/wp-json\/wp\/v2\/posts"}],"about":[{"href":"https:\/\/www.amchambaq.com\/en\/wp-json\/wp\/v2\/types\/post"}],"author":[{"embeddable":true,"href":"https:\/\/www.amchambaq.com\/en\/wp-json\/wp\/v2\/users\/1"}],"replies":[{"embeddable":true,"href":"https:\/\/www.amchambaq.com\/en\/wp-json\/wp\/v2\/comments?post=12028"}],"version-history":[{"count":1,"href":"https:\/\/www.amchambaq.com\/en\/wp-json\/wp\/v2\/posts\/12028\/revisions"}],"predecessor-version":[{"id":12030,"href":"https:\/\/www.amchambaq.com\/en\/wp-json\/wp\/v2\/posts\/12028\/revisions\/12030"}],"wp:featuredmedia":[{"embeddable":true,"href":"https:\/\/www.amchambaq.com\/en\/wp-json\/wp\/v2\/media\/12029"}],"wp:attachment":[{"href":"https:\/\/www.amchambaq.com\/en\/wp-json\/wp\/v2\/media?parent=12028"}],"wp:term":[{"taxonomy":"category","embeddable":true,"href":"https:\/\/www.amchambaq.com\/en\/wp-json\/wp\/v2\/categories?post=12028"},{"taxonomy":"post_tag","embeddable":true,"href":"https:\/\/www.amchambaq.com\/en\/wp-json\/wp\/v2\/tags?post=12028"}],"curies":[{"name":"wp","href":"https:\/\/api.w.org\/{rel}","templated":true}]}}