{"id":12017,"date":"2024-03-08T09:01:55","date_gmt":"2024-03-08T14:01:55","guid":{"rendered":"https:\/\/www.amchambaq.com\/?p=12017"},"modified":"2024-03-08T09:01:55","modified_gmt":"2024-03-08T14:01:55","slug":"el-puerto-de-barranquilla-llega-a-un-ano-con-un-record-historico-de-10-metros-de-calado","status":"publish","type":"post","link":"https:\/\/www.amchambaq.com\/en\/el-puerto-de-barranquilla-llega-a-un-ano-con-un-record-historico-de-10-metros-de-calado\/","title":{"rendered":"El Puerto de Barranquilla llega a un a\u00f1o con un r\u00e9cord hist\u00f3rico de 10 metros de calado"},"content":{"rendered":"<p>El pr\u00f3ximo viernes 8 de marzo, el <b>canal de acceso al Puerto de Barranquilla<\/b>\u00a0cumplir\u00e1 el r\u00e9cord hist\u00f3rico de sostenimiento constante por un a\u00f1o de 10 metros de calado.<\/p>\n<div class=\"paragraph\">Para las autoridades mar\u00edtimas y el gremio, este acontecimiento representa sustancial mejoramiento para las operaciones portuarias y positivos impactos para la competitividad del Atl\u00e1ntico, la regi\u00f3n Caribe y del pa\u00eds.<\/div>\n<div class=\"paragraph\">Este registro coincide con la fecha de la firma protocolaria del recientemente adjudicado contrato para la\u00a0<b>continuidad del dragado en la presente vigencia<\/b>, la cual fue programada por Cormagdalena en las instalaciones de la Dimar.<\/div>\n<div class=\"paragraph\">El evento, que tendr\u00e1 lugar en la Capitan\u00eda del Puerto de Barranquilla, contar\u00e1 con la presencia del ministro de Transporte, William Camargo Triana, el presidente de Findeter, Juan Carlos Mu\u00f1iz Pacheco, el gobernador del Atl\u00e1ntico, Eduardo Verano de la Rosa.<\/div>\n<div class=\"paragraph\">Asimismo, el\u00a0<b>alcalde de Barranquilla, Alejandro Char<\/b>, el vicealmirante John Giraldo, director general mar\u00edtimo, el director ejecutivo de Asoportuaria, Lucas Ariza, el director ejecutivo de Cormagdalena, \u00c1lvaro Redondo, directivos del consorcio ejecutor de las obras, e invitados.<\/div>\n<div class=\"paragraph\">\u201cBarranquilla ha padecido por m\u00e1s de 30 a\u00f1os serias dificultades con la navegaci\u00f3n por el canal de acceso al puerto, como consecuencia de los recurrentes procesos de sedimentaci\u00f3n, especialmente en puntos como Bocas de Cenizas y el Dique Direccional. Por primera vez, gracias a la intervenci\u00f3n efectiva del Gobierno Nacional a trav\u00e9s de Cormagdalena, hemos logrado conservar por un a\u00f1o consecutivo un calado de 10 metros\u201d, dijo Redondo.<\/div>\n<h2>Registros en la navegabilidad en el \u00faltimo a\u00f1o<\/h2>\n<div class=\"paragraph\">Cabe recordar que desde que se retomaron los trabajos de dragado en 2023, la actividad portuaria en Barranquilla ha registrado un crecimiento de sus operaciones y logros como el ingreso sin inconvenientes del buque MN Centuri\u00f3n, con 10 metros de calado,\u00a0<b>transportando 39.500 toneladas m\u00e9tricas<\/b>\u00a0de granel limpio.<\/div>\n<div class=\"paragraph\">Adem\u00e1s, el r\u00e9cord de exportaci\u00f3n de coque con 39.031 toneladas de coque metal\u00fargico en la motonave Port Oshima, y el arribo a Barranquilla del buque Josco Guangzhou, con una carga de 39.750 toneladas de ma\u00edz amarillo, la mayor en la historia de la zona portuaria.<\/div>\n<div>\n<div class=\"paragraph\">Adicionalmente a los impactos en la productividad y su consecuente incidencia en el desarrollo social del territorio, el mejoramiento de las condiciones del canal de acceso, se traducen, seg\u00fan la Capitan\u00eda del Puerto, en factores para la seguridad integral navegable, lo que se confirma con un a\u00f1o completo\u00a0<b>sin el registro de siniestros mar\u00edtimos en el \u00e1rea<\/b>.<\/div>\n<h2>Especificaciones de la nueva draga<\/h2>\n<div class=\"paragraph\">Para Cormagdalena, llegar a 12 meses continuos del calado en este canal de acceso incide en la dinamizaci\u00f3n de la econom\u00eda del departamento y permite atender con mayor efectividad las demandas de productividad del pa\u00eds.<\/div>\n<div class=\"paragraph\">En la ceremonia, la draga china Hang Jun 6009, con capacidad en tolva de 6.500 metros c\u00fabicos, estar\u00e1 fondeada en las proximidades de la Capitan\u00eda del Puerto de Barranquilla.<\/div>\n<\/div>\n<div><\/div>\n<div>Tomado de: El Tiempo<\/div>","protected":false},"excerpt":{"rendered":"<p>El pr\u00f3ximo viernes 8 de marzo, el canal de acceso al Puerto de Barranquilla\u00a0cumplir\u00e1 el r\u00e9cord hist\u00f3rico de sostenimiento constante por un a\u00f1o de 10 metros de calado. Para las autoridades mar\u00edtimas y el gremio, este acontecimiento representa sustancial mejoramiento para las operaciones portuarias y positivos impactos para la competitividad del Atl\u00e1ntico, la regi\u00f3n Caribe<\/p>","protected":false},"author":1,"featured_media":12018,"comment_status":"closed","ping_status":"closed","sticky":false,"template":"","format":"standard","meta":{"footnotes":""},"categories":[342,181],"tags":[],"class_list":["post-12017","post","type-post","status-publish","format-standard","has-post-thumbnail","hentry","category-news","category-noticias"],"views":53,"_links":{"self":[{"href":"https:\/\/www.amchambaq.com\/en\/wp-json\/wp\/v2\/posts\/12017","targetHints":{"allow":["GET"]}}],"collection":[{"href":"https:\/\/www.amchambaq.com\/en\/wp-json\/wp\/v2\/posts"}],"about":[{"href":"https:\/\/www.amchambaq.com\/en\/wp-json\/wp\/v2\/types\/post"}],"author":[{"embeddable":true,"href":"https:\/\/www.amchambaq.com\/en\/wp-json\/wp\/v2\/users\/1"}],"replies":[{"embeddable":true,"href":"https:\/\/www.amchambaq.com\/en\/wp-json\/wp\/v2\/comments?post=12017"}],"version-history":[{"count":1,"href":"https:\/\/www.amchambaq.com\/en\/wp-json\/wp\/v2\/posts\/12017\/revisions"}],"predecessor-version":[{"id":12019,"href":"https:\/\/www.amchambaq.com\/en\/wp-json\/wp\/v2\/posts\/12017\/revisions\/12019"}],"wp:featuredmedia":[{"embeddable":true,"href":"https:\/\/www.amchambaq.com\/en\/wp-json\/wp\/v2\/media\/12018"}],"wp:attachment":[{"href":"https:\/\/www.amchambaq.com\/en\/wp-json\/wp\/v2\/media?parent=12017"}],"wp:term":[{"taxonomy":"category","embeddable":true,"href":"https:\/\/www.amchambaq.com\/en\/wp-json\/wp\/v2\/categories?post=12017"},{"taxonomy":"post_tag","embeddable":true,"href":"https:\/\/www.amchambaq.com\/en\/wp-json\/wp\/v2\/tags?post=12017"}],"curies":[{"name":"wp","href":"https:\/\/api.w.org\/{rel}","templated":true}]}}