{"id":11979,"date":"2024-02-29T10:10:18","date_gmt":"2024-02-29T15:10:18","guid":{"rendered":"https:\/\/www.amchambaq.com\/?p=11979"},"modified":"2024-02-29T10:10:18","modified_gmt":"2024-02-29T15:10:18","slug":"la-productividad-de-febrero-aumentara-hasta-07-por-ser-2024-ano-bisiesto","status":"publish","type":"post","link":"https:\/\/www.amchambaq.com\/en\/la-productividad-de-febrero-aumentara-hasta-07-por-ser-2024-ano-bisiesto\/","title":{"rendered":"La productividad de febrero aumentar\u00e1 hasta 0,7% por ser 2024 a\u00f1o bisiesto"},"content":{"rendered":"<p>El a\u00f1o bisiesto que ocurre en 2024 permitir\u00eda a la econom\u00eda nacional<strong>\u00a0un ligero repunte en l\u00ednea con lo esperado para tomar un respiro en medio de la desaceleraci\u00f3n econ\u00f3mica.<\/strong><\/p>\n<p>As\u00ed lo estima un estudio de investigaciones econ\u00f3micas de Banco de Bogot\u00e1, que prev\u00e9 que este a\u00f1o se produzca un repunte de<strong>\u00a00,7% adicional a la actividad por cuenta de los d\u00edas adicionales tanto h\u00e1biles como laborales.<\/strong><\/p>\n<p>\u201c<strong>Claramente esto es solo un factor de muchos otros, es decir, no solo por este factor es que Colombia vaya a crecer mucho m\u00e1s porque por el otro lado, tenemos una desaceleraci\u00f3n econ\u00f3mica ya en curso.<\/strong>\u00a0Simplemente es que esto podr\u00eda compensar en algo esa menor din\u00e1mica que tendr\u00edamos\u201d, explic\u00f3 Camilo P\u00e9rez, gerente de investigaciones econ\u00f3micas de Banco de Bogot\u00e1.<\/p>\n<p>De acuerdo con el texto del experto, es preciso apuntar que este a\u00f1o en particular hay 246 d\u00edas h\u00e1biles, lo cual incluye a los s\u00e1bados, que no son festivos.\u00a0<strong>Esto represent\u00f3 tres d\u00edas m\u00e1s que en 2023, cuando fueron 243. Mientras tanto, los d\u00edas laborales son 297 en total, tambi\u00e9n dos d\u00edas m\u00e1s que el a\u00f1o inmediatamente anterior.<\/strong><\/p>\n<p>\u201cEsto, desde el punto de vista de actividad econ\u00f3mica, claramente tiene un impacto en la medida en que, por ejemplo,\u00a0<strong>una f\u00e1brica tiene, en este caso, dos d\u00edas laborales m\u00e1s de actividad y puede producir durante dos d\u00edas efectivamente m\u00e1s como tal\u201d,<\/strong>\u00a0puntualiz\u00f3 P\u00e9rez.<\/p>\n<p>Si bien el\u00a0<u>Dane<\/u>\u00a0publica las cifras desestacionalizadas, que ya recogen el efecto particular de la temporada, el analista prev\u00e9 que este tipo de eventos,\u00a0<strong>como el bisiesto, los festivos y el asueto de Semana Santa \u201cs\u00ed generan un ruido en las estad\u00edsticas\u201d.<\/strong><\/p>\n<p>En ese sentido, Alejandro Reyes, economista principal de Bbva Research para Colombia mencion\u00f3 que, por concepci\u00f3n, un mes de 25 d\u00edas h\u00e1biles tradicionales implica un incremento<strong>\u00a0en producci\u00f3n de 4%. Para todo el trimestre ser\u00eda de poco m\u00e1s de 1% y para el a\u00f1o cerca a 0,3%.<\/strong><\/p>\n<p>\u201cA parte de la producci\u00f3n, es un d\u00eda adicional de consumo de los hogares,\u00a0<strong>en el que se tiene que comer, trabajar o tener ocio, por lo que un d\u00eda adicional tiene un impacto transitorio\u201d,<\/strong>\u00a0apunt\u00f3 Reyes.<\/p>\n<p>&nbsp;<\/p>\n<p>De esta manera, seg\u00fan sus c\u00e1lculos, para este a\u00f1o,\u00a0<strong>febrero tendr\u00e1 25 d\u00edas h\u00e1biles y en 2023 tuvo 24 d\u00edas h\u00e1biles, esto implica un d\u00eda m\u00e1s de 24,<\/strong>\u00a0lo que equivale a cerca de 4% adicional de crecimiento.<\/p>\n<p>\u201cSin embargo, la actividad est\u00e1 en un marcado ciclo de desaceleraci\u00f3n por lo q<strong>ue su impacto final puede ser menor que ese 4%\u201d<\/strong>, agreg\u00f3 el analista.<\/p>\n<p>Mientras tanto, John Torres Jim\u00e9nez, analista econ\u00f3mico, puntualiz\u00f3 que para efectos de este a\u00f1o, un d\u00eda laboral m\u00e1s implicar\u00eda e<strong>l movimiento de $3 billones, teniendo como base el dato del PIB anual.<\/strong><\/p>\n<p>No obstante, asegur\u00f3 Torres, esto representar\u00e1 tambi\u00e9n un d\u00eda de pago adicional por parte de las empresas,\u00a0<strong>con los esfuerzos que ya se contemplan tras el incremento del salario m\u00ednimo para 2024.<\/strong><\/p>\n<p><strong>De otro lado, vale la pena recordar que Colombia tendr\u00e1 este a\u00f1o 18 d\u00edas feriados, no obstante solo tendr\u00e1 11 puentes festivos<\/strong>, tres menos que el a\u00f1o pasado, cuando marc\u00f3 un registro hist\u00f3rico.<\/p>\n<h4><strong>El efecto metodol\u00f3gico<\/strong><\/h4>\n<p>David Cubides, director de estudios econ\u00f3micos de Alianza Valores,\u00a0<strong>tambi\u00e9n coincidi\u00f3 con sus colegas sobre la incidencia de los d\u00edas festivos en la productividad laboral y en la estacionalidad que mira el Dane.<\/strong><\/p>\n<p>\u201cCuando uno quita este ruido normalmente y comparas con el a\u00f1o anterior, este pues no tiene ese efecto del\u00a0<u>bisiesto,<\/u>\u00a0entonces puede que se pierda un poco esa din\u00e1mica.\u00a0<strong>En cualquier caso, lo que uno encontrar\u00eda es que puede haber algo m\u00e1s de producci\u00f3n\u201d<\/strong>, explic\u00f3 Cubides.<\/p>\n<p>Tomado de: La Rep\u00fablica<\/p>\n<div class=\"relatedNews\"><\/div>","protected":false},"excerpt":{"rendered":"<p>El a\u00f1o bisiesto que ocurre en 2024 permitir\u00eda a la econom\u00eda nacional\u00a0un ligero repunte en l\u00ednea con lo esperado para tomar un respiro en medio de la desaceleraci\u00f3n econ\u00f3mica. As\u00ed lo estima un estudio de investigaciones econ\u00f3micas de Banco de Bogot\u00e1, que prev\u00e9 que este a\u00f1o se produzca un repunte de\u00a00,7% adicional a la actividad<\/p>","protected":false},"author":1,"featured_media":11980,"comment_status":"closed","ping_status":"closed","sticky":false,"template":"","format":"standard","meta":{"footnotes":""},"categories":[342,181],"tags":[],"class_list":["post-11979","post","type-post","status-publish","format-standard","has-post-thumbnail","hentry","category-news","category-noticias"],"views":30,"_links":{"self":[{"href":"https:\/\/www.amchambaq.com\/en\/wp-json\/wp\/v2\/posts\/11979","targetHints":{"allow":["GET"]}}],"collection":[{"href":"https:\/\/www.amchambaq.com\/en\/wp-json\/wp\/v2\/posts"}],"about":[{"href":"https:\/\/www.amchambaq.com\/en\/wp-json\/wp\/v2\/types\/post"}],"author":[{"embeddable":true,"href":"https:\/\/www.amchambaq.com\/en\/wp-json\/wp\/v2\/users\/1"}],"replies":[{"embeddable":true,"href":"https:\/\/www.amchambaq.com\/en\/wp-json\/wp\/v2\/comments?post=11979"}],"version-history":[{"count":1,"href":"https:\/\/www.amchambaq.com\/en\/wp-json\/wp\/v2\/posts\/11979\/revisions"}],"predecessor-version":[{"id":11981,"href":"https:\/\/www.amchambaq.com\/en\/wp-json\/wp\/v2\/posts\/11979\/revisions\/11981"}],"wp:featuredmedia":[{"embeddable":true,"href":"https:\/\/www.amchambaq.com\/en\/wp-json\/wp\/v2\/media\/11980"}],"wp:attachment":[{"href":"https:\/\/www.amchambaq.com\/en\/wp-json\/wp\/v2\/media?parent=11979"}],"wp:term":[{"taxonomy":"category","embeddable":true,"href":"https:\/\/www.amchambaq.com\/en\/wp-json\/wp\/v2\/categories?post=11979"},{"taxonomy":"post_tag","embeddable":true,"href":"https:\/\/www.amchambaq.com\/en\/wp-json\/wp\/v2\/tags?post=11979"}],"curies":[{"name":"wp","href":"https:\/\/api.w.org\/{rel}","templated":true}]}}