{"id":11893,"date":"2024-02-14T08:39:44","date_gmt":"2024-02-14T13:39:44","guid":{"rendered":"https:\/\/www.amchambaq.com\/?p=11893"},"modified":"2024-02-14T08:39:44","modified_gmt":"2024-02-14T13:39:44","slug":"amcham-colombia-lanzo-programa-virtual-de-internacionalizacion-para-exportar-a-ee-uu","status":"publish","type":"post","link":"https:\/\/www.amchambaq.com\/en\/amcham-colombia-lanzo-programa-virtual-de-internacionalizacion-para-exportar-a-ee-uu\/","title":{"rendered":"Amcham Colombia lanz\u00f3 programa virtual de internacionalizaci\u00f3n para exportar a EE. UU."},"content":{"rendered":"<p>La C\u00e1mara de Comercio Colombo Americana, AmCham Colombia, ha lanzado una\u00a0<strong>nueva edici\u00f3n de su Programa de Internacionalizaci\u00f3n<\/strong>, desarrollado con el apoyo de la\u00a0<strong>Escuela de Administraci\u00f3n de la Universidad del Rosario, Kpmg Colombia y Posse Herrera Ruiz<\/strong>.<\/p>\n<p>De acuerdo con AmcCham, es una iniciativa\u00a0<strong>100% virtual que dura dos meses<\/strong>\u00a0<strong>y est\u00e1 abierta a empresas de todas las industrias<\/strong>, tama\u00f1os y regiones del pa\u00eds.\u00a0<strong>La fecha de cierre ser\u00e1 el 11 de marzo<\/strong>.<\/p>\n<p>Mar\u00eda Claudia Lacouture, presidenta de\u00a0<u>AmCham<\/u>\u00a0Colombia, se\u00f1al\u00f3 que\u00a0<strong>el programa brindar\u00e1 apoyos en la ruta de expansi\u00f3n, acompa\u00f1ado de expertos y diversos modelos de negocios<\/strong>.<\/p>\n<p>&#8220;Nuestra meta es ayudar a muchas m\u00e1s compa\u00f1\u00edas a lograr este objetivo y, de este modo,\u00a0<strong>impulsar la productividad y el crecimiento econ\u00f3mico del pa\u00eds<\/strong>&#8220;, dijo Lacouture.<\/p>\n<p><strong>Edith Aristide, economista y experta<\/strong>\u00a0<strong>en internacionalizaci\u00f3n empresarial<\/strong>\u00a0de la Escuela de Administraci\u00f3n de la Universidad del Rosario, enfatiz\u00f3 que el programa es para todas las organizaciones,<strong>\u00a0ya sea que est\u00e9n comenzando a exportar, hayan exportado una o dos veces y luego no hayan sabido por qu\u00e9 no volvieron a vender, o si ya est\u00e1n exportando, pero quieren ampliar sus mercados.<\/strong><\/p>\n<p><strong>Mar\u00eda Paula S\u00e1nchez, directora de Aduanas y Comercio Exterior de Posse Herrera Ruiz<\/strong>, subray\u00f3 la necesidad de revertir la tendencia de las exportaciones de 2023, que vieron\u00a0<strong>ca\u00eddas significativas en sectores como el agro e industrial<\/strong>\u00a0y un aumento de 0,6% en el volumen total exportado.<\/p>\n<p>S\u00e1nchez se\u00f1al\u00f3 que<strong>\u00a0las empresas que participen en el programa podr\u00e1n desarrollar estrategias efectivas para ingresar a nuevos mercados<\/strong>, adaptar sus productos y servicios a las necesidades de los consumidores internacionales, gestionar los riesgos asociados a la internacionalizaci\u00f3n y fortalecer sus habilidades en comercio exterior.<\/p>\n<p>Adem\u00e1s<strong>, S\u00e1nchez detall\u00f3 que el programa profundizar\u00e1 en el plan de internacionalizaci\u00f3n y ventas que ahora deben cumplir algunas zonas francas<\/strong>\u00a0del pa\u00eds debido a la obligaci\u00f3n introducida en la \u00faltima reforma tributaria y reglamentada a trav\u00e9s del Decreto 0047 de 2024.<\/p>\n<p>Tomado de: AmCham Colombia<\/p>","protected":false},"excerpt":{"rendered":"<p>La C\u00e1mara de Comercio Colombo Americana, AmCham Colombia, ha lanzado una\u00a0nueva edici\u00f3n de su Programa de Internacionalizaci\u00f3n, desarrollado con el apoyo de la\u00a0Escuela de Administraci\u00f3n de la Universidad del Rosario, Kpmg Colombia y Posse Herrera Ruiz. De acuerdo con AmcCham, es una iniciativa\u00a0100% virtual que dura dos meses\u00a0y est\u00e1 abierta a empresas de todas las<\/p>","protected":false},"author":1,"featured_media":11894,"comment_status":"closed","ping_status":"closed","sticky":false,"template":"","format":"standard","meta":{"footnotes":""},"categories":[342,181],"tags":[],"class_list":["post-11893","post","type-post","status-publish","format-standard","has-post-thumbnail","hentry","category-news","category-noticias"],"views":55,"_links":{"self":[{"href":"https:\/\/www.amchambaq.com\/en\/wp-json\/wp\/v2\/posts\/11893","targetHints":{"allow":["GET"]}}],"collection":[{"href":"https:\/\/www.amchambaq.com\/en\/wp-json\/wp\/v2\/posts"}],"about":[{"href":"https:\/\/www.amchambaq.com\/en\/wp-json\/wp\/v2\/types\/post"}],"author":[{"embeddable":true,"href":"https:\/\/www.amchambaq.com\/en\/wp-json\/wp\/v2\/users\/1"}],"replies":[{"embeddable":true,"href":"https:\/\/www.amchambaq.com\/en\/wp-json\/wp\/v2\/comments?post=11893"}],"version-history":[{"count":1,"href":"https:\/\/www.amchambaq.com\/en\/wp-json\/wp\/v2\/posts\/11893\/revisions"}],"predecessor-version":[{"id":11895,"href":"https:\/\/www.amchambaq.com\/en\/wp-json\/wp\/v2\/posts\/11893\/revisions\/11895"}],"wp:featuredmedia":[{"embeddable":true,"href":"https:\/\/www.amchambaq.com\/en\/wp-json\/wp\/v2\/media\/11894"}],"wp:attachment":[{"href":"https:\/\/www.amchambaq.com\/en\/wp-json\/wp\/v2\/media?parent=11893"}],"wp:term":[{"taxonomy":"category","embeddable":true,"href":"https:\/\/www.amchambaq.com\/en\/wp-json\/wp\/v2\/categories?post=11893"},{"taxonomy":"post_tag","embeddable":true,"href":"https:\/\/www.amchambaq.com\/en\/wp-json\/wp\/v2\/tags?post=11893"}],"curies":[{"name":"wp","href":"https:\/\/api.w.org\/{rel}","templated":true}]}}