{"id":11886,"date":"2024-02-08T09:46:04","date_gmt":"2024-02-08T14:46:04","guid":{"rendered":"https:\/\/www.amchambaq.com\/?p=11886"},"modified":"2024-02-08T09:46:04","modified_gmt":"2024-02-08T14:46:04","slug":"la-produccion-de-cafe-en-colombia-aumento-un-11-en-enero-de-2024","status":"publish","type":"post","link":"https:\/\/www.amchambaq.com\/en\/la-produccion-de-cafe-en-colombia-aumento-un-11-en-enero-de-2024\/","title":{"rendered":"La producci\u00f3n de caf\u00e9 en Colombia aument\u00f3 un 11 % en enero de 2024"},"content":{"rendered":"<div id=\"body\" class=\"content-article size-m\">\n<p>En enero de 2024, la<strong>\u00a0producci\u00f3n de caf\u00e9\u00a0<\/strong>en Colombia present\u00f3 una crecimiento del 11 %, frente al mismo mes de 2023, hasta los 959.000 sacos, lo que signific\u00f3 una mejora de 91.000 sacos.<\/p>\n<\/div>\n<div id=\"paragraphs\" class=\"content-article paragraphs size-m\">\n<div class=\"field-collection-container clearfix\">\n<div class=\"field field-name-field-contenido-articulos-2 field-type-field-collection field-label-hidden\">\n<div class=\"field-item even\">\n<div class=\"field-collection-view clearfix view-mode-full field-collection-view-final\">\n<div>\n<div class=\"content\">\n<div class=\"paragraphs-items paragraphs-items-field-campos paragraphs-items-field-campos-full paragraphs-items-full\">\n<div class=\"field field-name-field-campos field-type-paragraphs field-label-hidden\">\n<div class=\"field-item even\">\n<div id=\"relacionado-body\">\n<div class=\"box-title\">\n<p>As\u00ed lo dio a conocer el \u00faltimo informe de la<strong>\u00a0Federaci\u00f3n Nacional de Cafeteros de Colombia (FNC)\u00a0<\/strong>correspondiente a los datos del primer mes de este a\u00f1o.<\/p>\n<p>El\u00a0<strong>gremio cafetero\u00a0<\/strong>resalt\u00f3 que la\u00a0<strong>producci\u00f3n\u00a0<\/strong>acumulada de los 12 meses -entre febrero 2023 y enero 2024- fue de 11,43 millones sacos de 60 Kg, lo que represent\u00f3 un crecimiento de 3 %, con un resultado que mejor\u00f3 en 355.000 sacos.<\/p>\n<p>LA\u00a0<strong>FNC\u00a0<\/strong>revel\u00f3 adem\u00e1s las cifras de\u00a0<strong>exportaciones de caf\u00e9\u00a0<\/strong>que mostraron que en enero se vendieron al exterior un total de 935.000 sacos, lo que represent\u00f3 un 12 % m\u00e1s que en el mismo periodo del a\u00f1o 2023.<\/p>\n<p>Sin embargo, en el\u00a0<strong>an\u00e1lisis\u00a0<\/strong>de los \u00faltimos 12 meses, se present\u00f3 una disminuci\u00f3n de 5 % en el total de caf\u00e9 colombiano exportado, dado que la cifra pas\u00f3 de 11,2 millones de sacos vendidos en igual periodo de 2023 a 10,6 millones este a\u00f1o.<\/p>\n<p>\u201cLas importaciones cayeron para\u00a0<strong>enero<\/strong>, con una reducci\u00f3n de 8 % y 152.000 sacos\u201d, precis\u00f3 la<strong>\u00a0Federaci\u00f3n Nacional de Cafeteros.<\/strong><\/p>\n<p>Agregan que el\u00a0<strong>consumo interno<\/strong>\u00a0estimado entre\u00a0<strong>febrero\u00a0<\/strong>de 2023 y enero de 2024 fue de 2,2 millones de sacos de 60 kg.<\/p>\n<\/div>\n<\/div>\n<\/div>\n<\/div>\n<\/div>\n<\/div>\n<\/div>\n<\/div>\n<\/div>\n<\/div>\n<\/div>\n<\/div>","protected":false},"excerpt":{"rendered":"<p>En enero de 2024, la\u00a0producci\u00f3n de caf\u00e9\u00a0en Colombia present\u00f3 una crecimiento del 11 %, frente al mismo mes de 2023, hasta los 959.000 sacos, lo que signific\u00f3 una mejora de 91.000 sacos. As\u00ed lo dio a conocer el \u00faltimo informe de la\u00a0Federaci\u00f3n Nacional de Cafeteros de Colombia (FNC)\u00a0correspondiente a los datos del primer mes de<\/p>","protected":false},"author":1,"featured_media":11887,"comment_status":"closed","ping_status":"closed","sticky":false,"template":"","format":"standard","meta":{"footnotes":""},"categories":[342,181],"tags":[],"class_list":["post-11886","post","type-post","status-publish","format-standard","has-post-thumbnail","hentry","category-news","category-noticias"],"views":65,"_links":{"self":[{"href":"https:\/\/www.amchambaq.com\/en\/wp-json\/wp\/v2\/posts\/11886","targetHints":{"allow":["GET"]}}],"collection":[{"href":"https:\/\/www.amchambaq.com\/en\/wp-json\/wp\/v2\/posts"}],"about":[{"href":"https:\/\/www.amchambaq.com\/en\/wp-json\/wp\/v2\/types\/post"}],"author":[{"embeddable":true,"href":"https:\/\/www.amchambaq.com\/en\/wp-json\/wp\/v2\/users\/1"}],"replies":[{"embeddable":true,"href":"https:\/\/www.amchambaq.com\/en\/wp-json\/wp\/v2\/comments?post=11886"}],"version-history":[{"count":1,"href":"https:\/\/www.amchambaq.com\/en\/wp-json\/wp\/v2\/posts\/11886\/revisions"}],"predecessor-version":[{"id":11888,"href":"https:\/\/www.amchambaq.com\/en\/wp-json\/wp\/v2\/posts\/11886\/revisions\/11888"}],"wp:featuredmedia":[{"embeddable":true,"href":"https:\/\/www.amchambaq.com\/en\/wp-json\/wp\/v2\/media\/11887"}],"wp:attachment":[{"href":"https:\/\/www.amchambaq.com\/en\/wp-json\/wp\/v2\/media?parent=11886"}],"wp:term":[{"taxonomy":"category","embeddable":true,"href":"https:\/\/www.amchambaq.com\/en\/wp-json\/wp\/v2\/categories?post=11886"},{"taxonomy":"post_tag","embeddable":true,"href":"https:\/\/www.amchambaq.com\/en\/wp-json\/wp\/v2\/tags?post=11886"}],"curies":[{"name":"wp","href":"https:\/\/api.w.org\/{rel}","templated":true}]}}