{"id":11803,"date":"2024-01-18T08:22:11","date_gmt":"2024-01-18T13:22:11","guid":{"rendered":"https:\/\/www.amchambaq.com\/?p=11803"},"modified":"2024-01-18T08:22:11","modified_gmt":"2024-01-18T13:22:11","slug":"colombia-necesita-impulsar-empleo-inversion-y-consumo-para-crecer","status":"publish","type":"post","link":"https:\/\/www.amchambaq.com\/en\/colombia-necesita-impulsar-empleo-inversion-y-consumo-para-crecer\/","title":{"rendered":"\u201cColombia necesita impulsar empleo, inversi\u00f3n y consumo para crecer\u201d"},"content":{"rendered":"<div id=\"body\" class=\"content-article size-m\">\n<p><strong>Colombia\u00a0<\/strong>necesita tomar medidas de corto plazo para reactivar su econom\u00eda porque el resultado proyectado para este a\u00f1o no es suficiente para atender los problemas del\u00a0<strong>pa\u00eds<\/strong>, advirti\u00f3 la presidenta de la\u00a0<strong>C\u00e1mara de Comercio Colombo Americana (AmCham Colombia), Mar\u00eda Claudia Lacouture.<\/strong><\/p>\n<\/div>\n<div id=\"paragraphs\" class=\"content-article paragraphs size-m\">\n<div class=\"field-collection-container clearfix\">\n<div class=\"field field-name-field-contenido-articulos-2 field-type-field-collection field-label-hidden\">\n<div class=\"field-item even\">\n<div class=\"field-collection-view clearfix view-mode-full field-collection-view-final\">\n<div>\n<div class=\"content\">\n<div class=\"paragraphs-items paragraphs-items-field-campos paragraphs-items-field-campos-full paragraphs-items-full\">\n<div class=\"field field-name-field-campos field-type-paragraphs field-label-hidden\">\n<div class=\"field-item even\">\n<div id=\"relacionado-body\">\n<div class=\"box-title\">\n<p>La dirigente empresarial manifest\u00f3 que aunque se tuvieron &#8220;<strong>datos econ\u00f3micos\u00a0<\/strong>aceptables al cierre de 2023&#8243;, como una tasa de desempleo de un d\u00edgito en\u00a0<strong>noviembre\u00a0<\/strong>(9 %),\u00a0<strong>inflaci\u00f3n\u00a0<\/strong>a la baja (9,28 %) al igual que el d\u00f3lar ($3.900 en promedio) y crecimiento del\u00a0<strong>turismo\u00a0<\/strong>(32 %), estos no son suficientes &#8220;para generar crecimiento y poder reducir las\u00a0<strong>brechas sociales<\/strong>&#8220;.<\/p>\n<p>&#8220;Se necesitan acciones que puedan construir un\u00a0<strong>crecimiento\u00a0<\/strong>de pa\u00eds y no quedarnos con un crecimiento del 1,5 \u00f3 1,9 % y para eso necesitamos generar consumo e inversi\u00f3n&#8221;, manifest\u00f3 Lacouture,<strong>\u00a0exministra de Comercio.<\/strong><\/p>\n<p>Las proyecciones indican que la\u00a0<strong>econom\u00eda colombiana\u00a0<\/strong>creci\u00f3 en 2023 el 1,2 % y para 2024 se espera un resultado mejor pero en todo caso inferior al 2 %, seg\u00fan analistas y\u00a0<strong>organismos internacionales<\/strong>.<\/p>\n<div class=\"field-item odd\">\n<div class=\"entity entity-paragraphs-item paragraphs-item-descripcion\">\n<div class=\"content\">\n<div class=\"field field-name-field-descripcion field-type-text-long field-label-hidden\">\n<div class=\"field-items\">\n<div class=\"field-item even\">\n<p>&#8220;Colombia no ha logrado \u00edndices de crecimiento y desarrollo necesarios para crear niveles de riqueza suficientes para tener un impacto positivo en toda la\u00a0<strong>poblaci\u00f3n<\/strong>&#8220;, debido a m\u00faltiples problemas internos como el eterno conflicto armado, la inseguridad, la corrupci\u00f3n y la debilidad del Estado en muchos aspectos, indic\u00f3.<\/p>\n<\/div>\n<\/div>\n<\/div>\n<\/div>\n<\/div>\n<\/div>\n<div class=\"field-item even\">\n<div id=\"relacionado-body\">\n<div class=\"box-title\">\n<p>Si a eso se le suma una\u00a0<strong>coyuntura internacional\u00a0<\/strong>de crisis, guerras y problemas log\u00edsticos, &#8220;estamos en un contexto de desaceleraci\u00f3n&#8221;, agreg\u00f3.<\/p>\n<p>La\u00a0<strong>AmCham\u00a0<\/strong>elabor\u00f3 un documento con tres propuestas que ser\u00e1 presentado a comienzos de febrero al\u00a0<strong>Gobierno\u00a0<\/strong>con el fin de ayudar al crecimiento econ\u00f3mico del pa\u00eds.<\/p>\n<p>Esas propuestas se resumen en la creaci\u00f3n de un programa nacional de\u00a0<strong>generaci\u00f3n de empleo<\/strong>, en concreto de 500.000 puestos de trabajo; reactivar la inversi\u00f3n p\u00fablica y privada e impulsar el consumo de los hogares, apalancado en productividad, ya que ese es uno de los motores de la\u00a0<strong>econom\u00eda<\/strong>.<\/p>\n<p>&#8220;Necesitamos trabajar mancomunadamente el sector p\u00fablico y el privado en la\u00a0<strong>generaci\u00f3n de empleo<\/strong>\u00a0y de\u00a0<strong>inversi\u00f3n\u00a0<\/strong>que permitan construir crecimiento a trav\u00e9s del consumo, que es el que genera el 80 % del crecimiento del pa\u00eds&#8221;, manifest\u00f3.<\/p>\n<p>Seg\u00fan Lacouture, a pesar del buen dato de desempleo de noviembre pasado, &#8220;pareciera que la generaci\u00f3n de empleo lleg\u00f3 a su techo&#8221;.<\/p>\n<p>El documento de la\u00a0<strong>AmCham\u00a0<\/strong>se\u00f1ala que la inversi\u00f3n bruta de capital se redujo un 33,5 % en el tercer trimestre de 2023, mientras que la<strong>\u00a0Inversi\u00f3n Extranjera Directa (IED)\u00a0<\/strong>baj\u00f3 un 2,2 % en los primeros nueve meses del a\u00f1o pasado, en comparaci\u00f3n con 2022, y &#8220;sin inversi\u00f3n no hay cimientos para el crecimiento a largo plazo&#8221;.<\/p>\n<p>&#8220;Necesitamos una\u00a0<strong>pol\u00edtica\u00a0<\/strong>que permita atracci\u00f3n de inversi\u00f3n en sectores claves para la\u00a0<strong>econom\u00eda\u00a0<\/strong>del pa\u00eds, como son el sector petrolero, el de minerales cr\u00edticos, la agricultura y el turismo&#8221;, dijo\u00a0<strong>Lacouture\u00a0<\/strong>quien se\u00f1al\u00f3 que los recursos de produce el sector de los\u00a0<strong>hidrocarburos\u00a0<\/strong>son necesarios no solo para que el pa\u00eds crezca sino &#8220;para hacer una\u00a0<strong>transici\u00f3n<\/strong>\u00a0<strong>energ\u00e9tica\u00a0<\/strong>justa y segura&#8221;, que es lo que quiere el\u00a0<strong>Gobierno<\/strong>.<\/p>\n<p>Para fomentar el\u00a0<strong>consumo<\/strong>, tercer pilar de la propuesta, Lacouture destac\u00f3 que se deben reducir los costos de producci\u00f3n y recortar las tasas de inter\u00e9s (actualmente en el 13 % la b\u00e1sica), para reactivar el acceso al\u00a0<strong>cr\u00e9dito<\/strong>, as\u00ed como controlar la\u00a0<strong>inflaci\u00f3n\u00a0<\/strong>y bajar los aranceles de\u00a0<strong>materias primas\u00a0<\/strong>que no se producen en el pa\u00eds o son insuficientes y &#8220;reactivar las locomotoras de la\u00a0<strong>infraestructura<\/strong>\u00a0y la<strong>\u00a0<\/strong><strong>vivienda<\/strong>&#8220;.<\/p>\n<\/div>\n<\/div>\n<\/div>\n<\/div>\n<\/div>\n<\/div>\n<\/div>\n<\/div>\n<\/div>\n<\/div>\n<\/div>\n<\/div>\n<\/div>\n<\/div>\n<\/div>","protected":false},"excerpt":{"rendered":"<p>Colombia\u00a0necesita tomar medidas de corto plazo para reactivar su econom\u00eda porque el resultado proyectado para este a\u00f1o no es suficiente para atender los problemas del\u00a0pa\u00eds, advirti\u00f3 la presidenta de la\u00a0C\u00e1mara de Comercio Colombo Americana (AmCham Colombia), Mar\u00eda Claudia Lacouture. La dirigente empresarial manifest\u00f3 que aunque se tuvieron &#8220;datos econ\u00f3micos\u00a0aceptables al cierre de 2023&#8243;, como una<\/p>","protected":false},"author":1,"featured_media":11684,"comment_status":"closed","ping_status":"closed","sticky":false,"template":"","format":"standard","meta":{"footnotes":""},"categories":[342,181],"tags":[],"class_list":["post-11803","post","type-post","status-publish","format-standard","has-post-thumbnail","hentry","category-news","category-noticias"],"views":47,"_links":{"self":[{"href":"https:\/\/www.amchambaq.com\/en\/wp-json\/wp\/v2\/posts\/11803","targetHints":{"allow":["GET"]}}],"collection":[{"href":"https:\/\/www.amchambaq.com\/en\/wp-json\/wp\/v2\/posts"}],"about":[{"href":"https:\/\/www.amchambaq.com\/en\/wp-json\/wp\/v2\/types\/post"}],"author":[{"embeddable":true,"href":"https:\/\/www.amchambaq.com\/en\/wp-json\/wp\/v2\/users\/1"}],"replies":[{"embeddable":true,"href":"https:\/\/www.amchambaq.com\/en\/wp-json\/wp\/v2\/comments?post=11803"}],"version-history":[{"count":1,"href":"https:\/\/www.amchambaq.com\/en\/wp-json\/wp\/v2\/posts\/11803\/revisions"}],"predecessor-version":[{"id":11804,"href":"https:\/\/www.amchambaq.com\/en\/wp-json\/wp\/v2\/posts\/11803\/revisions\/11804"}],"wp:featuredmedia":[{"embeddable":true,"href":"https:\/\/www.amchambaq.com\/en\/wp-json\/wp\/v2\/media\/11684"}],"wp:attachment":[{"href":"https:\/\/www.amchambaq.com\/en\/wp-json\/wp\/v2\/media?parent=11803"}],"wp:term":[{"taxonomy":"category","embeddable":true,"href":"https:\/\/www.amchambaq.com\/en\/wp-json\/wp\/v2\/categories?post=11803"},{"taxonomy":"post_tag","embeddable":true,"href":"https:\/\/www.amchambaq.com\/en\/wp-json\/wp\/v2\/tags?post=11803"}],"curies":[{"name":"wp","href":"https:\/\/api.w.org\/{rel}","templated":true}]}}