{"id":11763,"date":"2024-01-09T11:48:24","date_gmt":"2024-01-09T16:48:24","guid":{"rendered":"https:\/\/www.amchambaq.com\/?p=11763"},"modified":"2024-01-09T11:51:37","modified_gmt":"2024-01-09T16:51:37","slug":"economia-del-atlantico-crecera-en-2024-pero-habra-retos-complejos","status":"publish","type":"post","link":"https:\/\/www.amchambaq.com\/en\/economia-del-atlantico-crecera-en-2024-pero-habra-retos-complejos\/","title":{"rendered":"Econom\u00eda del Atl\u00e1ntico crecer\u00e1 en 2024, pero habr\u00e1 retos complejos"},"content":{"rendered":"<div id=\"body\" class=\"content-article size-m\">\n<p>Hay optimismo para el crecimiento de\u00a0<strong>Barranquilla\u00a0<\/strong>y\u00a0<strong>Atl\u00e1ntico<\/strong>. As\u00ed lo manifestaron diferentes gremios econ\u00f3micos del territorio en di\u00e1logo con\u00a0<a href=\"https:\/\/www.elheraldo.co\/\">EL HERALDO<\/a>, quienes aseguraron que, pese a haber retos dif\u00edciles por afrontar en materia econ\u00f3mica, se respira un ambiente de positivismo y confianza de cara a lo que ser\u00e1 este 2024.<\/p>\n<\/div>\n<div id=\"paragraphs\" class=\"content-article paragraphs size-m\">\n<div class=\"field-collection-container clearfix\">\n<div class=\"field field-name-field-contenido-articulos-2 field-type-field-collection field-label-hidden\">\n<div class=\"field-item even\">\n<div class=\"field-collection-view clearfix view-mode-full field-collection-view-final\">\n<div>\n<div class=\"content\">\n<div class=\"paragraphs-items paragraphs-items-field-campos paragraphs-items-field-campos-full paragraphs-items-full\">\n<div class=\"field field-name-field-campos field-type-paragraphs field-label-hidden\">\n<div class=\"field-item even\">\n<div id=\"relacionado-body\">\n<div class=\"box-title\">\n<div class=\"field-item odd\">\n<div class=\"entity entity-paragraphs-item paragraphs-item-descripcion\">\n<div class=\"content\">\n<div class=\"field field-name-field-descripcion field-type-text-long field-label-hidden\">\n<div class=\"field-items\">\n<div class=\"field-item even\">\n<p>Y es que no ser\u00e1 f\u00e1cil. Los retos cada vez se vuelven mayores en un entorno econ\u00f3mico que ha golpeado al pa\u00eds y por supuesto los territorios. Luchar contra la\u00a0<strong>desaceleraci\u00f3n<\/strong>\u00a0<strong>econ\u00f3mica<\/strong>, las altas<strong>\u00a0tasas de inter\u00e9s<\/strong>\u00a0y la\u00a0<strong>incertidumbre econ\u00f3mica\u00a0<\/strong>y pol\u00edtica se convertir\u00e1 en uno de los mayores desaf\u00edos para este a\u00f1o.<\/p>\n<p>Sin embargo, el sector empresarial y diferentes segmentos de la econom\u00eda de\u00a0<strong>Barranquilla\u00a0<\/strong>y\u00a0<strong>Atl\u00e1ntico\u00a0<\/strong>mostraron su\u00a0<strong>resiliencia\u00a0<\/strong>en 2023 y aspiran a que en 2024 el territorio crezca entre un 1,5 % y 2 %.<\/p>\n<\/div>\n<\/div>\n<\/div>\n<\/div>\n<\/div>\n<\/div>\n<div class=\"field-item even\">\n<div class=\"content-titulo\">\n<div class=\"titulo\"><strong>Momentos de reajuste<\/strong><\/div>\n<\/div>\n<\/div>\n<div class=\"field-item odd\">\n<div class=\"entity entity-paragraphs-item paragraphs-item-descripcion\">\n<div class=\"content\">\n<div class=\"field field-name-field-descripcion field-type-text-long field-label-hidden\">\n<div class=\"field-items\">\n<div class=\"field-item even\">\n<p>El 2023 fue catalogado para los\u00a0<strong>empresarios\u00a0<\/strong>de\u00a0<strong>Barranquilla\u00a0<\/strong>y el\u00a0<strong>Atl\u00e1ntico\u00a0<\/strong>como \u2018retador\u2019 en todos los sentidos. Y como no catalogarlo de esa manera, si las diferencias de crecimiento econ\u00f3mico entre 2023 y 2022 fueron\u00a0 notorias.<\/p>\n<p>Es de recordar que el<strong>\u00a0Producto Interno Bruto (PIB)<\/strong>\u00a0del\u00a0<strong>Atl\u00e1ntico\u00a0<\/strong>en 2022 creci\u00f3 un 9,3 %, mientras que los analistas econ\u00f3micos prev\u00e9n que el dato final para el\u00a0<strong>cierre\u00a0<\/strong>del\u00a0<strong>2023\u00a0<\/strong>en el\u00a0<strong>departamento\u00a0<\/strong>sea de un 1,5 %.<\/p>\n<p>Manuel Fern\u00e1ndez Ariza, presidente de la\u00a0<strong>C\u00e1mara de Comercio de Barranquilla<\/strong>, manifest\u00f3 a\u00a0<a href=\"https:\/\/www.elheraldo.co\/\" rel=\"nofollow\">EL HERALDO<\/a>\u00a0que pese a la\u00a0<strong>desaceleraci\u00f3n econ\u00f3mica\u00a0<\/strong>que est\u00e1 padeciendo el departamento, con todo y eso, va a crecer en el informe final de 2023 por encima de\u00a0<strong>Antioquia, Bogot\u00e1, Valle del Cauca y Santander.<\/strong><\/p>\n<p>\u201cEstamos en un a\u00f1o de reajuste para los empresarios del territorio, y si comparamos las cifras de 2023 y 2022, es como si estuvi\u00e9semos en un veh\u00edculo a 90 kil\u00f3metros por hora, y ahora metemos el pie en el freno y vamos por la v\u00eda de los 10 kil\u00f3metros. As\u00ed que el freno en la econom\u00eda lo sentimos todos, pero frente a ello el objetivo es darle chance al sector productivo para que recupere su capacidad de\u00a0<strong>producci\u00f3n\u00a0<\/strong>y hacerle frente a esa mayor demanda\u201d, afirm\u00f3 el presidente de la\u00a0<strong>C\u00e1mara de Comercio de Barranquilla.<\/strong><\/p>\n<p>En ese sentido, agreg\u00f3 que es fundamental trabajar en la confianza del empresario para que vuelva a invertir en el territorio.<\/p>\n<div class=\"field-item even\">\n<div class=\"entity entity-paragraphs-item paragraphs-item-descripcion\">\n<div class=\"content\">\n<div class=\"field field-name-field-descripcion field-type-text-long field-label-hidden\">\n<div class=\"field-items\">\n<div class=\"field-item even\">\n<p>\u201cAll\u00ed es fundamental la confianza, porque si no hay\u00a0<strong>confianza\u00a0<\/strong>para invertir, entonces el\u00a0<strong>sector productivo\u00a0<\/strong>no va a poder crecer, y hay unos retos, por ejemplo, el del salario m\u00ednimo, ya que el aumento estuvo arriba de lo que se prev\u00e9 en la\u00a0<strong>inflaci\u00f3n<\/strong>, por ende, la capacidad productiva se va a ver afectada porque tiene un mayor costo\u201d, precis\u00f3 Fern\u00e1ndez Ariza.<\/p>\n<\/div>\n<\/div>\n<\/div>\n<\/div>\n<\/div>\n<\/div>\n<div class=\"field-item odd\">\n<div class=\"content-titulo\">\n<div class=\"titulo\"><strong>Mantener la din\u00e1mica<\/strong><\/div>\n<\/div>\n<\/div>\n<div class=\"field-item even\">\n<div class=\"entity entity-paragraphs-item paragraphs-item-descripcion\">\n<div class=\"content\">\n<div class=\"field field-name-field-descripcion field-type-text-long field-label-hidden\">\n<div class=\"field-items\">\n<div class=\"field-item even\">\n<p>Pese a la\u00a0<strong>desaceleraci\u00f3n econ\u00f3mica<\/strong>,\u00a0<strong>Barranquilla\u00a0\u00a0<\/strong>y el\u00a0<strong>Atl\u00e1ntico\u00a0<\/strong>se consolidaron como un territorio atractivo para las inversiones estrat\u00e9gicas en 2023, por lo que el gran reto este a\u00f1o ser\u00e1 fortalecer ese segmento, con el objetivo de aumentar la\u00a0<strong>producci\u00f3n\u00a0<\/strong>y la\u00a0<strong>empleabilidad<\/strong>.<\/p>\n<p>\u201cA pesar de las circunstancias econ\u00f3micas actuales,\u00a0<strong>Barranquilla\u00a0<\/strong>mantiene un atractivo para inversiones estrat\u00e9gicas que perdurar\u00e1n en el tiempo. La din\u00e1mica de las empresas que contin\u00faan explorando y comprendiendo las oportunidades disponibles demuestra la\u00a0<strong>resiliencia\u00a0<\/strong>y potencial de la ciudad como un destino de inversi\u00f3n a largo plazo\u201d, explic\u00f3\u00a0<strong>Vicky Osorio, directora ejecutiva de ProBarranquilla.<\/strong><\/p>\n<p>En ese sentido, resalt\u00f3 que el compromiso de las empresas en evaluar y planificar proyectos a largo plazo sigue siendo notable. \u201cEste\u00a0<strong>dinamismo\u00a0<\/strong>se refleja en la continua visita por parte de compa\u00f1\u00edas interesadas en comprender las posibilidades que la ciudad y el departamento del\u00a0<strong>Atl\u00e1ntico\u00a0<\/strong>ofrecen\u201d.<\/p>\n<p>Osorio record\u00f3 que a este territorio lo fortalece la llegada de importantes\u00a0<strong>capitales\u00a0<\/strong>en sectores clave como el de\u00a0<strong>energ\u00edas renovables\u00a0<\/strong>y aquellos orientados a la\u00a0<strong>exportaci\u00f3n<\/strong>.<\/p>\n<div class=\"field-item even\">\n<div class=\"entity entity-paragraphs-item paragraphs-item-descripcion\">\n<div class=\"content\">\n<div class=\"field field-name-field-descripcion field-type-text-long field-label-hidden\">\n<div class=\"field-items\">\n<div class=\"field-item even\">\n<p>\u201cSe puede decir que fue un a\u00f1o con\u00a0<strong>montos de inversi\u00f3n<\/strong>\u00a0r\u00e9cord a pesar de la disminuci\u00f3n en la materializaci\u00f3n de n\u00fameros de\u00a0<strong>proyectos<\/strong>, principalmente de expansi\u00f3n en comparaci\u00f3n con periodos anteriores\u201d, precis\u00f3<strong>\u00a0Vicky Osorio<\/strong>\u00a0a\u00a0<a href=\"https:\/\/www.elheraldo.co\/\" rel=\"nofollow\">EL HERALDO<\/a>.<\/p>\n<\/div>\n<\/div>\n<\/div>\n<\/div>\n<\/div>\n<\/div>\n<div class=\"field-item odd\">\n<div class=\"content-imagen\">\n<div class=\"image\" data-bg-desk=\"https:\/\/www.elheraldo.co\/sites\/default\/files\/styles\/width_1180\/public\/articulo\/2024\/01\/05\/whatsapp_image_2024-01-05_at_9.23.38_pm.jpeg?itok=OGA1QhO3\" data-bg-mob=\"https:\/\/www.elheraldo.co\/sites\/default\/files\/styles\/414x780\/public\/articulo\/2024\/01\/05\/whatsapp_image_2024-01-05_at_9.23.38_pm.jpeg?itok=ILZhFnzI\"><picture><source srcset=\"https:\/\/www.elheraldo.co\/sites\/default\/files\/styles\/width_820\/public\/articulo\/2024\/01\/05\/whatsapp_image_2024-01-05_at_9.23.38_pm.jpeg?itok=mx5QBqXH\" media=\"(min-width: 1180px)\" \/><source srcset=\"https:\/\/www.elheraldo.co\/sites\/default\/files\/styles\/width_768\/public\/articulo\/2024\/01\/05\/whatsapp_image_2024-01-05_at_9.23.38_pm.jpeg?itok=FRE67mpU\" media=\"(min-width: 768px)\" \/><source srcset=\"https:\/\/www.elheraldo.co\/sites\/default\/files\/styles\/width_414\/public\/articulo\/2024\/01\/05\/whatsapp_image_2024-01-05_at_9.23.38_pm.jpeg?itok=X_hxKS0E\" media=\"(max-width: 767px)\" \/><\/picture><\/div>\n<div data-bg-desk=\"https:\/\/www.elheraldo.co\/sites\/default\/files\/styles\/width_1180\/public\/articulo\/2024\/01\/05\/whatsapp_image_2024-01-05_at_9.23.38_pm.jpeg?itok=OGA1QhO3\" data-bg-mob=\"https:\/\/www.elheraldo.co\/sites\/default\/files\/styles\/414x780\/public\/articulo\/2024\/01\/05\/whatsapp_image_2024-01-05_at_9.23.38_pm.jpeg?itok=ILZhFnzI\">\n<div class=\"field-item even\">\n<div class=\"content-titulo\">\n<div class=\"titulo\"><strong>Un enfoque cauteloso<\/strong><\/div>\n<\/div>\n<\/div>\n<div class=\"field-item odd\">\n<div class=\"entity entity-paragraphs-item paragraphs-item-descripcion\">\n<div class=\"content\">\n<div class=\"field field-name-field-descripcion field-type-text-long field-label-hidden\">\n<div class=\"field-items\">\n<div class=\"field-item even\">\n<p>Como se mencion\u00f3 anteriormente, el territorio seguir\u00e1 creciendo econ\u00f3micamente, pero habr\u00e1 que medir la cautela en materia de procesos y toma de decisiones por parte de los inversionistas y empresarios.<\/p>\n<p>\u201cPara este 2024 se vislumbra que\u00a0<strong>Barranquilla\u00a0<\/strong>y el\u00a0<strong>Atl\u00e1ntico\u00a0<\/strong>continuar\u00e1n siendo un atractivo destino de\u00a0<strong>inversi\u00f3n<\/strong>, aunque es probable que las empresas mantengan un enfoque cauteloso en sus procesos de toma de\u00a0<strong>decisiones<\/strong>. La tendencia hacia una evaluaci\u00f3n minuciosa de las capacidades locales y las\u00a0<strong>oportunidades\u00a0<\/strong>disponibles podr\u00eda persistir, especialmente en un\u00a0<strong>entorno econ\u00f3mico\u00a0<\/strong>que puede seguir presentando desaf\u00edos\u201d, dijo la directora ejecutiva de<strong> ProBarranquilla.<\/strong><\/p>\n<\/div>\n<\/div>\n<\/div>\n<\/div>\n<\/div>\n<\/div>\n<div class=\"field-item even\">\n<div class=\"content-titulo\">\n<div class=\"titulo\"><strong>Lo que hay que fortalecer<\/strong><\/div>\n<\/div>\n<\/div>\n<div class=\"field-item odd\">\n<div class=\"entity entity-paragraphs-item paragraphs-item-descripcion\">\n<div class=\"content\">\n<div class=\"field field-name-field-descripcion field-type-text-long field-label-hidden\">\n<div class=\"field-items\">\n<div class=\"field-item even\">\n<p>Promover y fortalecer la cultura exportadora para llegar a mercados con mayor capacidad de compra que el mercado nacional debe ser el objetivo en 2024 para\u00a0<strong>Barranquilla\u00a0<\/strong>y\u00a0<strong>Atl\u00e1ntico<\/strong>, resalt\u00f3\u00a0<strong>Efra\u00edn Cepeda Tarud,<\/strong>\u00a0presidente del\u00a0<strong>Comit\u00e9 Intergremial del Atl\u00e1ntico<\/strong>, teniendo en cuenta lo que ha crecido este territorio con los a\u00f1os y c\u00f3mo lograr diversificarlo con el tiempo.<\/p>\n<p>\u201cSe debe aprovechar el potencial del Atl\u00e1ntico para generar energ\u00eda a partir de fuentes renovables, adem\u00e1s de los descubrimientos recientes de gas, y el desarrollo de la industria de hidrocarburos costa afuera, para hacer de\u00a0<strong>Barranquilla\u00a0<\/strong>y el\u00a0<strong>Atl\u00e1ntico\u00a0<\/strong>el\u00a0<strong>hub energ\u00e9tico\u00a0<\/strong>del pa\u00eds\u201d, se\u00f1al\u00f3 Cepeda Tarud.<\/p>\n<\/div>\n<\/div>\n<\/div>\n<\/div>\n<\/div>\n<\/div>\n<div class=\"field-item even\">\n<div class=\"content-titulo\">\n<div class=\"titulo\"><strong>Crece el optimismo<\/strong><\/div>\n<\/div>\n<\/div>\n<div class=\"field-item odd\">\n<div class=\"entity entity-paragraphs-item paragraphs-item-descripcion\">\n<div class=\"content\">\n<div class=\"field field-name-field-descripcion field-type-text-long field-label-hidden\">\n<div class=\"field-items\">\n<div class=\"field-item even\">\n<p>De acuerdo con la<strong>\u00a0C\u00e1mara de Comercio de Barranquilla<\/strong>, 9 de cada 10\u00a0<strong>empresarios\u00a0<\/strong>medianos y grandes son optimistas con el futuro de la\u00a0<strong>econom\u00eda\u00a0<\/strong>de la ciudad y el\u00a0<strong>departamento<\/strong>, mientras que 7 de cada 10 micro y peque\u00f1os empresarios son optimistas frente a lo que depara 2024.<\/p>\n<p>Y es que este optimismo no es algo ilusorio, dado que\u00a0<strong>Barranquilla\u00a0<\/strong>y\u00a0<strong>Atl\u00e1ntico\u00a0<\/strong>han mantenido una din\u00e1mica al alza en materia de\u00a0<strong>empresas\u00a0<\/strong>y\u00a0<strong>empleabilidad<\/strong>.<\/p>\n<p>Seg\u00fan las cifras de la\u00a0<strong>CCB<\/strong>, en 2023 llegaron 30 empresas de<strong>\u00a0Inversi\u00f3n Extranjera Directa (IED)<\/strong>, que ampliaron lo que ya ten\u00edan y otras llegaron por primera vez.<\/p>\n<p>\u201cEso gener\u00f3 un total de USD600 millones en inversi\u00f3n, y se crearon m\u00e1s de 2 mil empleos\u201d, puntualiz\u00f3 el presidente de la<strong>\u00a0C\u00e1mara de Comercio de Barranquilla.<\/strong><\/p>\n<div id=\"paragraphs\" class=\"content-article paragraphs size-m\">\n<div class=\"field-collection-container clearfix\">\n<div class=\"field field-name-field-contenido-articulos-2 field-type-field-collection field-label-hidden\">\n<div class=\"field-item even\">\n<div class=\"field-collection-view clearfix view-mode-full field-collection-view-final\">\n<div>\n<div class=\"content\">\n<div class=\"paragraphs-items paragraphs-items-field-campos paragraphs-items-field-campos-full paragraphs-items-full\">\n<div class=\"field field-name-field-campos field-type-paragraphs field-label-hidden\">\n<div class=\"field-item odd\">\n<div class=\"content-titulo\">\n<div class=\"titulo\"><strong>Se fortalecer\u00e1 el \u2018nearshoring\u2019<\/strong><\/div>\n<\/div>\n<\/div>\n<div class=\"field-item even\">\n<div class=\"entity entity-paragraphs-item paragraphs-item-descripcion\">\n<div class=\"content\">\n<div class=\"field field-name-field-descripcion field-type-text-long field-label-hidden\">\n<div class=\"field-items\">\n<div class=\"field-item even\">\n<p>Analistas indican que el \u2018nearshoring\u2019 se fortalecer\u00e1 en el territorio, ya que llegar\u00e1 un gran n\u00famero de empresas de\u00a0<strong>inversi\u00f3n extranjera directa.<\/strong><\/p>\n<p>\u201cHay un gran apetito de inversionistas americanos y de otros pa\u00edses por localizarse en\u00a0<strong>Latinoam\u00e9rica<\/strong>\u00a0para vender a EE. UU., y ah\u00ed es clave que B\/quilla sea fuerte en ese sentido\u201d, dijo\u00a0<strong>Manuel Fern\u00e1ndez Ariza.<\/strong><\/p>\n<\/div>\n<\/div>\n<\/div>\n<\/div>\n<\/div>\n<\/div>\n<\/div>\n<\/div>\n<\/div>\n<\/div>\n<\/div>\n<\/div>\n<\/div>\n<\/div>\n<\/div>\n<div id=\"redes\" class=\"redes-compartir\"><\/div>\n<\/div>\n<\/div>\n<\/div>\n<\/div>\n<\/div>\n<\/div>\n<\/div>\n<\/div>\n<\/div>\n<\/div>\n<\/div>\n<\/div>\n<\/div>\n<\/div>\n<\/div>\n<\/div>\n<\/div>\n<\/div>\n<\/div>\n<\/div>\n<\/div>\n<\/div>\n<\/div>\n<\/div>\n<\/div>\n<\/div>\n<\/div>\n<\/div>\n<\/div>\n<\/div>\n<\/div>\n<\/div>\n<\/div>","protected":false},"excerpt":{"rendered":"<p>Hay optimismo para el crecimiento de\u00a0Barranquilla\u00a0y\u00a0Atl\u00e1ntico. As\u00ed lo manifestaron diferentes gremios econ\u00f3micos del territorio en di\u00e1logo con\u00a0EL HERALDO, quienes aseguraron que, pese a haber retos dif\u00edciles por afrontar en materia econ\u00f3mica, se respira un ambiente de positivismo y confianza de cara a lo que ser\u00e1 este 2024. Y es que no ser\u00e1 f\u00e1cil. Los retos<\/p>","protected":false},"author":1,"featured_media":11764,"comment_status":"closed","ping_status":"closed","sticky":false,"template":"","format":"standard","meta":{"footnotes":""},"categories":[342,181],"tags":[],"class_list":["post-11763","post","type-post","status-publish","format-standard","has-post-thumbnail","hentry","category-news","category-noticias"],"views":45,"_links":{"self":[{"href":"https:\/\/www.amchambaq.com\/en\/wp-json\/wp\/v2\/posts\/11763","targetHints":{"allow":["GET"]}}],"collection":[{"href":"https:\/\/www.amchambaq.com\/en\/wp-json\/wp\/v2\/posts"}],"about":[{"href":"https:\/\/www.amchambaq.com\/en\/wp-json\/wp\/v2\/types\/post"}],"author":[{"embeddable":true,"href":"https:\/\/www.amchambaq.com\/en\/wp-json\/wp\/v2\/users\/1"}],"replies":[{"embeddable":true,"href":"https:\/\/www.amchambaq.com\/en\/wp-json\/wp\/v2\/comments?post=11763"}],"version-history":[{"count":2,"href":"https:\/\/www.amchambaq.com\/en\/wp-json\/wp\/v2\/posts\/11763\/revisions"}],"predecessor-version":[{"id":11769,"href":"https:\/\/www.amchambaq.com\/en\/wp-json\/wp\/v2\/posts\/11763\/revisions\/11769"}],"wp:featuredmedia":[{"embeddable":true,"href":"https:\/\/www.amchambaq.com\/en\/wp-json\/wp\/v2\/media\/11764"}],"wp:attachment":[{"href":"https:\/\/www.amchambaq.com\/en\/wp-json\/wp\/v2\/media?parent=11763"}],"wp:term":[{"taxonomy":"category","embeddable":true,"href":"https:\/\/www.amchambaq.com\/en\/wp-json\/wp\/v2\/categories?post=11763"},{"taxonomy":"post_tag","embeddable":true,"href":"https:\/\/www.amchambaq.com\/en\/wp-json\/wp\/v2\/tags?post=11763"}],"curies":[{"name":"wp","href":"https:\/\/api.w.org\/{rel}","templated":true}]}}