{"id":11749,"date":"2023-12-20T09:59:27","date_gmt":"2023-12-20T14:59:27","guid":{"rendered":"https:\/\/www.amchambaq.com\/?p=11749"},"modified":"2023-12-20T09:59:27","modified_gmt":"2023-12-20T14:59:27","slug":"barranquilla-tiene-un-papel-clave-en-la-transicion-energetica","status":"publish","type":"post","link":"https:\/\/www.amchambaq.com\/en\/barranquilla-tiene-un-papel-clave-en-la-transicion-energetica\/","title":{"rendered":"\u201cBarranquilla tiene un papel clave en la transici\u00f3n energ\u00e9tica\u201d"},"content":{"rendered":"<p><strong>Barranquilla<\/strong>\u00a0fue la semana pasada la sede de la<strong>\u00a0XXXI Convenci\u00f3n de Puertos de la AAPA<\/strong>\u00a0<strong>Latam<\/strong>, en la que m\u00e1s de 500<strong>\u00a0autoridades mar\u00edtimas y portuarias<\/strong>, y especialistas de Am\u00e9rica y de Espa\u00f1a abordaron temas clave como el futuro pr\u00f3ximo de las terminales, el desarrollo y la financiaci\u00f3n internacional, la energ\u00eda e\u00f3lica, la digitalizaci\u00f3n, el carbono cero, el \u2018nearshoring\u2019, las tendencias en cruceros, pol\u00edticas p\u00fablicas y el desarrollo inteligente de ciudades portuarias.<\/p>\n<div id=\"body\" class=\"content-article size-m\">\n<p>Uno de los invitados fue\u00a0<strong>Arun Venkataraman<\/strong>, subsecretario de Comercio para Mercados Globales y director general del Servicio Comercial Exterior de Estados Unidos, quien no solo particip\u00f3 del evento, sino que sostuvo reuniones con actores y sectores clave de la industria y la ciudad con el fin de estrechar los lazos entre Barranquilla y las autoridades y el empresariado estadounidense.<\/p>\n<\/div>\n<div id=\"paragraphs\" class=\"content-article paragraphs size-m\">\n<div class=\"field-collection-container clearfix\">\n<div class=\"field field-name-field-contenido-articulos-2 field-type-field-collection field-label-hidden\">\n<div class=\"field-item even\">\n<div class=\"field-collection-view clearfix view-mode-full field-collection-view-final\">\n<div>\n<div class=\"content\">\n<div class=\"paragraphs-items paragraphs-items-field-campos paragraphs-items-field-campos-full paragraphs-items-full\">\n<div class=\"field field-name-field-campos field-type-paragraphs field-label-hidden\">\n<div class=\"field-item even\">\n<div class=\"content-titulo\">\n<div class=\"titulo\"><strong>Es un buen momento para las relaciones comerciales entre Barranquilla y Estados Unidos \u00bfHacia d\u00f3nde debemos seguir creciendo?<\/strong><\/div>\n<\/div>\n<\/div>\n<div class=\"field-item odd\">\n<div class=\"entity entity-paragraphs-item paragraphs-item-descripcion\">\n<div class=\"content\">\n<div class=\"field field-name-field-descripcion field-type-text-long field-label-hidden\">\n<div class=\"field-items\">\n<div class=\"field-item even\">\n<p><strong>Colombia<\/strong>\u00a0y Barranquilla, especialmente por su cercan\u00eda a Miami, queremos que se sumen a nuestros esfuerzos a largo plazo para que ambos aseguremos nuestras cadenas de suministro. Creo que desde\u00a0<strong>Estados Unidos<\/strong>\u00a0debemos ser m\u00e1s intencionales en nuestro compromiso con nuestras empresas para ayudarlas a ser m\u00e1s conscientes de las oportunidades que se presentan en Barranquilla, impulsarlas a que vean c\u00f3mo el clima de negocios de aqu\u00ed se ha vuelto tan atractivo y ya ha atra\u00eddo a varias compa\u00f1\u00edas de nuestro pa\u00eds.<\/p>\n<div class=\"field-item odd\">\n<div class=\"entity entity-paragraphs-item paragraphs-item-descripcion\">\n<div class=\"content\">\n<div class=\"field field-name-field-descripcion field-type-text-long field-label-hidden\">\n<div class=\"field-items\">\n<div class=\"field-item even\">\n<p>Tambi\u00e9n estamos aqu\u00ed para apoyar formas en que las\u00a0<strong>empresas<\/strong>\u00a0<strong>estadounidenses<\/strong>\u00a0puedan ser proveedoras de primera mano para las empresas en Barranquilla y as\u00ed impulsar su crecimiento y que seamos parte de las soluciones que requiera la\u00a0<strong>actividad<\/strong>\u00a0<strong>comercial<\/strong> de la ciudad y el pa\u00eds.<\/p>\n<\/div>\n<\/div>\n<\/div>\n<\/div>\n<\/div>\n<\/div>\n<div class=\"field-item even\">\n<div class=\"content-titulo\">\n<div class=\"titulo\"><strong>Para que el pa\u00eds y Barranquilla sigan siendo atractivas tambi\u00e9n se requiere un trabajo conjunto frente a problem\u00e1ticas como las drogas, que afectan directamente el comercio binacional.<\/strong><\/div>\n<\/div>\n<\/div>\n<div class=\"field-item odd\">\n<div class=\"entity entity-paragraphs-item paragraphs-item-descripcion\">\n<div class=\"content\">\n<div class=\"field field-name-field-descripcion field-type-text-long field-label-hidden\">\n<div class=\"field-items\">\n<div class=\"field-item even\">\n<p>As\u00ed es, es una lucha conjunta en la que nuestro departamento de Estado y las autoridades colombianas hacen un trabajo fuerte para asegurarnos de que los puertos tengan los recursos que necesitan para que logren rastrear y enfrentar las drogas que puedan estar transitando por las aguas de los pa\u00edses.<\/p>\n<div class=\"field-item odd\">\n<div class=\"entity entity-paragraphs-item paragraphs-item-descripcion\">\n<div class=\"content\">\n<div class=\"field field-name-field-descripcion field-type-text-long field-label-hidden\">\n<div class=\"field-items\">\n<div class=\"field-item even\">\n<p>Desde mi departamento, el de comercio, sabemos que nuestras empresas pueden ser parte importante en ese proceso suministrando radares o equipos de escaneo y seguridad que sirven de primera l\u00ednea de defensa para que las drogas no salgan de Colombia.<\/p>\n<\/div>\n<\/div>\n<\/div>\n<\/div>\n<\/div>\n<\/div>\n<div class=\"field-item even\">\n<div class=\"content-titulo\">\n<div class=\"titulo\"><strong>Una de las banderas del pa\u00eds, pero especialmente de Barranquilla y del alcalde Jaime Pumarejo es la de la transici\u00f3n energ\u00e9tica y EE. UU. es un aliado clave para esos proyectos de ciudad que requieren apoyo<\/strong><\/div>\n<\/div>\n<\/div>\n<div class=\"field-item odd\">\n<div class=\"entity entity-paragraphs-item paragraphs-item-descripcion\">\n<div class=\"content\">\n<div class=\"field field-name-field-descripcion field-type-text-long field-label-hidden\">\n<div class=\"field-items\">\n<div class=\"field-item even\">\n<p>Tienen nuestro apoyo en un 110 por ciento. Ya estamos entusiasmados porque las empresas estadounidenses est\u00e1n siendo parte de la historia de la<strong>\u00a0transici\u00f3n energ\u00e9tica<\/strong>\u00a0aqu\u00ed en Barranquilla. Estados Unidos tiene varias empresas que lideran tecnolog\u00edas en esta \u00e1rea, pero adem\u00e1s apoyamos los esfuerzos de descarbonizaci\u00f3n que no solo hace la ciudad, sino tambi\u00e9n Colombia.<\/p>\n<p>Recientemente\u00a0<strong>Ecopetrol<\/strong>\u00a0solicit\u00f3 a nuestro\u00a0<strong>servicio comercial\u00a0<\/strong>en Bogot\u00e1 que los ayudara a identificar empresas estadounidenses que pudieran apoyarlos en esa transici\u00f3n y en esos esfuerzos de descarbonizaci\u00f3n y est\u00e1bamos felices de presentarles a empresas estadounidenses, incluidas Honeywell, que adem\u00e1s recientemente obtuvo el contrato piloto, que de implementarse en su totalidad ser\u00e1 un aporte significativo para ayudar a respaldar el prop\u00f3sito de la empresa colombiana de lograr cero emisiones para el 2030 y el 2050. Vemos eso como un ejemplo clave de c\u00f3mo las empresas estadounidenses pueden apoyar esa transici\u00f3n energ\u00e9tica.<\/p>\n<div class=\"field-item odd\">\n<div class=\"entity entity-paragraphs-item paragraphs-item-descripcion\">\n<div class=\"content\">\n<div class=\"field field-name-field-descripcion field-type-text-long field-label-hidden\">\n<div class=\"field-items\">\n<div class=\"field-item even\">\n<p>Tambi\u00e9n tenemos el ejemplo de\u00a0<strong>Smartwires<\/strong>, otra empresa que ha podido trabajar con empresas de servicios el\u00e9ctricos en Colombia, incluyendo en Barranquilla, para ayudar a distribuir de mejor manera el flujo de energ\u00eda a trav\u00e9s de las redes nacionales, para que tengan m\u00e1s capacidad para absorber\u00a0<strong>energ\u00eda renovable<\/strong> en la red. Adem\u00e1s, esperamos poder trabajar con el Gobierno nacional aqu\u00ed en Colombia porque los cables inteligentes realmente pueden ayudar al pa\u00eds a hacer esa transici\u00f3n y asegurar que su red sea m\u00e1s operativa para el suministro de energ\u00eda renovable.<\/p>\n<\/div>\n<\/div>\n<\/div>\n<\/div>\n<\/div>\n<\/div>\n<div class=\"field-item even\">\n<div class=\"content-titulo\">\n<div class=\"titulo\"><strong>Colombia y Estados Unidos coinciden en la priorizaci\u00f3n de la transici\u00f3n energ\u00e9tica en sus agendas de Gobierno&#8230;<\/strong><\/div>\n<\/div>\n<\/div>\n<div class=\"field-item odd\">\n<div class=\"entity entity-paragraphs-item paragraphs-item-descripcion\">\n<div class=\"content\">\n<div class=\"field field-name-field-descripcion field-type-text-long field-label-hidden\">\n<div class=\"field-items\">\n<div class=\"field-item even\">\n<p>S\u00ed, es algo que valoramos mucho porque as\u00ed como el presidente\u00a0<strong>Gustavo Petro<\/strong>, tambi\u00e9n el presidente Joe Biden ha dejado claro que es un objetivo de gobierno y en que debemos poner el foco en la transici\u00f3n energ\u00e9tica, es algo que est\u00e1 sucediendo en el pa\u00eds por el futuro de nuestros hijos. En ese aspecto tambi\u00e9n considero que Barranquilla tiene un rol clave porque el puerto puede contribuir significativamente en la\u00a0<strong>sostenibilidad<\/strong>\u00a0mejorando sus operaciones y haci\u00e9ndolas m\u00e1s eficientes, no solo descarbonizando la\u00a0<strong>actividad<\/strong>\u00a0<strong>mar\u00edtima<\/strong> sino tambi\u00e9n implementando las energ\u00edas renovables que se requieren para su funcionamiento. Sus operaciones pueden tener un impacto \u00fanico en ese sentido, y por ende en Colombia.<\/p>\n<\/div>\n<\/div>\n<\/div>\n<\/div>\n<\/div>\n<\/div>\n<div class=\"field-item even\">\n<div class=\"content-titulo\">\n<div class=\"titulo\"><strong>Precisamente esta semana usted sostuvo una reuni\u00f3n con el alcalde electo de Barranquilla, Alejandro Char, en la que hablaron de convertir a Barranquilla en un Superpuerto Digital<\/strong><\/div>\n<\/div>\n<\/div>\n<div class=\"field-item odd\">\n<div class=\"entity entity-paragraphs-item paragraphs-item-descripcion\">\n<div class=\"content\">\n<div class=\"field field-name-field-descripcion field-type-text-long field-label-hidden\">\n<div class=\"field-items\">\n<div class=\"field-item even\">\n<p>As\u00ed es, estamos muy interesados en apoyar la agenda del alcalde electo\u00a0<strong>Alejandro Char<\/strong>. Nos alegra verlo nuevamente como alcalde de Barranquilla porque creemos que cuando se convirti\u00f3 en alcalde, realmente puso a la ciudad en una trayectoria de \u00e9xito y\u00a0<strong>crecimiento<\/strong>\u00a0<strong>econ\u00f3mico<\/strong>\u00a0incluso a largo plazo y cre\u00f3 oportunidades para los barranquilleros, as\u00ed como para los negocios con Estados Unidos y eso es lo que queremos seguir haciendo: encontrar m\u00e1s oportunidades para poder trabajar juntos en materia de comercio.<\/p>\n<\/div>\n<\/div>\n<\/div>\n<\/div>\n<\/div>\n<\/div>\n<\/div>\n<\/div>\n<\/div>\n<\/div>\n<\/div>\n<\/div>\n<\/div>\n<\/div>\n<\/div>\n<\/div>\n<\/div>\n<\/div>\n<\/div>\n<\/div>\n<\/div>\n<\/div>\n<\/div>\n<\/div>\n<\/div>\n<\/div>\n<\/div>\n<\/div>\n<\/div>\n<\/div>\n<\/div>\n<\/div>\n<\/div>","protected":false},"excerpt":{"rendered":"<p>Barranquilla\u00a0fue la semana pasada la sede de la\u00a0XXXI Convenci\u00f3n de Puertos de la AAPA\u00a0Latam, en la que m\u00e1s de 500\u00a0autoridades mar\u00edtimas y portuarias, y especialistas de Am\u00e9rica y de Espa\u00f1a abordaron temas clave como el futuro pr\u00f3ximo de las terminales, el desarrollo y la financiaci\u00f3n internacional, la energ\u00eda e\u00f3lica, la digitalizaci\u00f3n, el carbono cero, el<\/p>","protected":false},"author":1,"featured_media":11750,"comment_status":"closed","ping_status":"closed","sticky":false,"template":"","format":"standard","meta":{"footnotes":""},"categories":[342,181],"tags":[],"class_list":["post-11749","post","type-post","status-publish","format-standard","has-post-thumbnail","hentry","category-news","category-noticias"],"views":47,"_links":{"self":[{"href":"https:\/\/www.amchambaq.com\/en\/wp-json\/wp\/v2\/posts\/11749","targetHints":{"allow":["GET"]}}],"collection":[{"href":"https:\/\/www.amchambaq.com\/en\/wp-json\/wp\/v2\/posts"}],"about":[{"href":"https:\/\/www.amchambaq.com\/en\/wp-json\/wp\/v2\/types\/post"}],"author":[{"embeddable":true,"href":"https:\/\/www.amchambaq.com\/en\/wp-json\/wp\/v2\/users\/1"}],"replies":[{"embeddable":true,"href":"https:\/\/www.amchambaq.com\/en\/wp-json\/wp\/v2\/comments?post=11749"}],"version-history":[{"count":1,"href":"https:\/\/www.amchambaq.com\/en\/wp-json\/wp\/v2\/posts\/11749\/revisions"}],"predecessor-version":[{"id":11751,"href":"https:\/\/www.amchambaq.com\/en\/wp-json\/wp\/v2\/posts\/11749\/revisions\/11751"}],"wp:featuredmedia":[{"embeddable":true,"href":"https:\/\/www.amchambaq.com\/en\/wp-json\/wp\/v2\/media\/11750"}],"wp:attachment":[{"href":"https:\/\/www.amchambaq.com\/en\/wp-json\/wp\/v2\/media?parent=11749"}],"wp:term":[{"taxonomy":"category","embeddable":true,"href":"https:\/\/www.amchambaq.com\/en\/wp-json\/wp\/v2\/categories?post=11749"},{"taxonomy":"post_tag","embeddable":true,"href":"https:\/\/www.amchambaq.com\/en\/wp-json\/wp\/v2\/tags?post=11749"}],"curies":[{"name":"wp","href":"https:\/\/api.w.org\/{rel}","templated":true}]}}