{"id":11741,"date":"2023-12-15T15:09:21","date_gmt":"2023-12-15T20:09:21","guid":{"rendered":"https:\/\/www.amchambaq.com\/?p=11741"},"modified":"2023-12-15T15:09:21","modified_gmt":"2023-12-15T20:09:21","slug":"salario-minimo-2024-no-hay-acuerdo-y-se-vencio-el-primer-plazo","status":"publish","type":"post","link":"https:\/\/www.amchambaq.com\/en\/salario-minimo-2024-no-hay-acuerdo-y-se-vencio-el-primer-plazo\/","title":{"rendered":"Salario m\u00ednimo 2024: no hay acuerdo y se venci\u00f3 el primer plazo"},"content":{"rendered":"<p>Sin acuerdo. As\u00ed termin\u00f3 el primer d\u00eda de plazo que hab\u00eda entre empresarios,\u00a0<strong>Gobierno<\/strong>\u00a0<strong>nacional\u00a0<\/strong>y\u00a0<strong>centrales obreras\u00a0<\/strong>para definir el incremento del\u00a0<strong>salario m\u00ednimo\u00a0<\/strong>en su primer plazo.<\/p>\n<p>Tras dos d\u00edas de\u00a0<strong>concertaci\u00f3n\u00a0<\/strong>en el que se conoci\u00f3 la\u00a0<strong>pol\u00e9mica\u00a0<\/strong>propuesta de las\u00a0<strong>centrales obreras\u00a0<\/strong>de aumentarlo en un 18 %, este viernes 15 de diciembre se revel\u00f3 que se aplaz\u00f3 la reuni\u00f3n que estaba prevista, por lo que no hubo un acuerdo para definir alza de salario m\u00ednimo 2024 en su primer vencimiento.<\/p>\n<p>La\u00a0<strong>discusi\u00f3n\u00a0<\/strong>seguir\u00e1 y ahora la\u00a0<strong>fecha\u00a0<\/strong>l\u00edmite para lograr un acuerdo se mantendr\u00e1 al 30 de\u00a0<strong>diciembre<\/strong>.<\/p>","protected":false},"excerpt":{"rendered":"<p>Sin acuerdo. As\u00ed termin\u00f3 el primer d\u00eda de plazo que hab\u00eda entre empresarios,\u00a0Gobierno\u00a0nacional\u00a0y\u00a0centrales obreras\u00a0para definir el incremento del\u00a0salario m\u00ednimo\u00a0en su primer plazo. Tras dos d\u00edas de\u00a0concertaci\u00f3n\u00a0en el que se conoci\u00f3 la\u00a0pol\u00e9mica\u00a0propuesta de las\u00a0centrales obreras\u00a0de aumentarlo en un 18 %, este viernes 15 de diciembre se revel\u00f3 que se aplaz\u00f3 la reuni\u00f3n que estaba prevista, por<\/p>","protected":false},"author":1,"featured_media":11742,"comment_status":"closed","ping_status":"closed","sticky":false,"template":"","format":"standard","meta":{"footnotes":""},"categories":[342,181],"tags":[],"class_list":["post-11741","post","type-post","status-publish","format-standard","has-post-thumbnail","hentry","category-news","category-noticias"],"views":74,"_links":{"self":[{"href":"https:\/\/www.amchambaq.com\/en\/wp-json\/wp\/v2\/posts\/11741","targetHints":{"allow":["GET"]}}],"collection":[{"href":"https:\/\/www.amchambaq.com\/en\/wp-json\/wp\/v2\/posts"}],"about":[{"href":"https:\/\/www.amchambaq.com\/en\/wp-json\/wp\/v2\/types\/post"}],"author":[{"embeddable":true,"href":"https:\/\/www.amchambaq.com\/en\/wp-json\/wp\/v2\/users\/1"}],"replies":[{"embeddable":true,"href":"https:\/\/www.amchambaq.com\/en\/wp-json\/wp\/v2\/comments?post=11741"}],"version-history":[{"count":1,"href":"https:\/\/www.amchambaq.com\/en\/wp-json\/wp\/v2\/posts\/11741\/revisions"}],"predecessor-version":[{"id":11743,"href":"https:\/\/www.amchambaq.com\/en\/wp-json\/wp\/v2\/posts\/11741\/revisions\/11743"}],"wp:featuredmedia":[{"embeddable":true,"href":"https:\/\/www.amchambaq.com\/en\/wp-json\/wp\/v2\/media\/11742"}],"wp:attachment":[{"href":"https:\/\/www.amchambaq.com\/en\/wp-json\/wp\/v2\/media?parent=11741"}],"wp:term":[{"taxonomy":"category","embeddable":true,"href":"https:\/\/www.amchambaq.com\/en\/wp-json\/wp\/v2\/categories?post=11741"},{"taxonomy":"post_tag","embeddable":true,"href":"https:\/\/www.amchambaq.com\/en\/wp-json\/wp\/v2\/tags?post=11741"}],"curies":[{"name":"wp","href":"https:\/\/api.w.org\/{rel}","templated":true}]}}