{"id":11738,"date":"2023-12-15T15:05:52","date_gmt":"2023-12-15T20:05:52","guid":{"rendered":"https:\/\/www.amchambaq.com\/?p=11738"},"modified":"2023-12-15T15:05:52","modified_gmt":"2023-12-15T20:05:52","slug":"el-desempleo-juvenil-sigue-cayendo-en-barranquilla-indico-el-dane","status":"publish","type":"post","link":"https:\/\/www.amchambaq.com\/en\/el-desempleo-juvenil-sigue-cayendo-en-barranquilla-indico-el-dane\/","title":{"rendered":"El desempleo juvenil sigue cayendo en Barranquilla, indic\u00f3 el Dane"},"content":{"rendered":"<div id=\"body\" class=\"content-article size-m\">\n<p><strong>Barranquilla y su \u00e1rea metropolitana\u00a0<\/strong>(\u00fanicamente Soledad) contin\u00faa mejorando sus indicadores de\u00a0<strong>mercado laboral<\/strong>, y en esta ocasi\u00f3n, las oportunidades aumentan para los\u00a0<strong>j\u00f3venes\u00a0<\/strong>entre los 15 y 28 a\u00f1os. Para el trimestre comprendido entre agosto y octubre, la tasa de desempleo juvenil en este territorio fue de 16,4 %, lo que signific\u00f3 una disminuci\u00f3n de 3,9 puntos porcentuales frente al mismo trimestre del a\u00f1o pasado que fue de 20,3 %.<\/p>\n<\/div>\n<div id=\"paragraphs\" class=\"content-article paragraphs size-m\">\n<div class=\"field-collection-container clearfix\">\n<div class=\"field field-name-field-contenido-articulos-2 field-type-field-collection field-label-hidden\">\n<div class=\"field-item even\">\n<div class=\"field-collection-view clearfix view-mode-full field-collection-view-final\">\n<div>\n<div class=\"content\">\n<div class=\"paragraphs-items paragraphs-items-field-campos paragraphs-items-field-campos-full paragraphs-items-full\">\n<div class=\"field field-name-field-campos field-type-paragraphs field-label-hidden\">\n<div class=\"field-item even\">\n<div id=\"relacionado-body\">\n<div class=\"box-title\">\n<p>As\u00ed lo indic\u00f3 el<strong>\u00a0Departamento Administrativo Nacional de Estad\u00edstica (Dane)<\/strong>\u00a0mediante los resultados del mercado laboral de la juventud del trimestre mencionado anteriormente.<\/p>\n<p>Esto quiere decir que en la actualidad hay 186 mil j\u00f3venes en\u00a0<strong>Barranquilla\u00a0<\/strong>y su\u00a0<strong>\u00e1rea metropolitana\u00a0<\/strong>que est\u00e1n vinculados al\u00a0<strong>mercado laboral<\/strong>, por lo que 14 mil j\u00f3venes en el territorio dejaron de buscar trabajo para vincularse a un empleo.<\/p>\n<p>A su vez, la tasa de\u00a0<strong>ocupaci\u00f3n\u00a0<\/strong>laboral entre agosto y octubre se encontr\u00f3 en 42,2 %.<\/p>\n<p>Frente a estos positivos indicadores, el gerente de\u00a0<strong>Ciudad<\/strong>,\u00a0<strong>Juan Manuel Alvarado<\/strong>, precis\u00f3 que los\u00a0<strong>j\u00f3venes\u00a0<\/strong>en\u00a0<strong>Barranquilla\u00a0<\/strong>se encuentran m\u00e1s decididos a buscar oportunidades de estudio, por lo que aumentan las probabilidades de encontrar empleo.<\/p>\n<p>\u201cEsto se ha visto reflejado en programas que ha desarrollado el\u00a0<strong>Distrito de Barranquilla\u00a0<\/strong>como \u2018<strong>Universidad al Barrio\u2019<\/strong>, la<strong>\u00a0Universidad de Barranquilla<\/strong>, y las oportunidades que se est\u00e1n dando en diferentes instituciones para ingresar a la educaci\u00f3n superior, tanto as\u00ed que\u00a0<strong>Barranquilla\u00a0<\/strong>tiene el mayor porcentaje de j\u00f3venes que pasan del colegio a la\u00a0<strong>educaci\u00f3n superior\u00a0<\/strong>en un 51 %, lo que ha permitido una tendencia positiva en disminuci\u00f3n de desempleo\u201d, recalc\u00f3 Alvarado en di\u00e1logo con\u00a0<strong>EL HERALDO.<\/strong><\/p>\n<\/div>\n<\/div>\n<\/div>\n<\/div>\n<\/div>\n<\/div>\n<\/div>\n<\/div>\n<\/div>\n<\/div>\n<\/div>\n<\/div>","protected":false},"excerpt":{"rendered":"<p>Barranquilla y su \u00e1rea metropolitana\u00a0(\u00fanicamente Soledad) contin\u00faa mejorando sus indicadores de\u00a0mercado laboral, y en esta ocasi\u00f3n, las oportunidades aumentan para los\u00a0j\u00f3venes\u00a0entre los 15 y 28 a\u00f1os. Para el trimestre comprendido entre agosto y octubre, la tasa de desempleo juvenil en este territorio fue de 16,4 %, lo que signific\u00f3 una disminuci\u00f3n de 3,9 puntos porcentuales<\/p>","protected":false},"author":1,"featured_media":11739,"comment_status":"closed","ping_status":"closed","sticky":false,"template":"","format":"standard","meta":{"footnotes":""},"categories":[342,181],"tags":[],"class_list":["post-11738","post","type-post","status-publish","format-standard","has-post-thumbnail","hentry","category-news","category-noticias"],"views":68,"_links":{"self":[{"href":"https:\/\/www.amchambaq.com\/en\/wp-json\/wp\/v2\/posts\/11738","targetHints":{"allow":["GET"]}}],"collection":[{"href":"https:\/\/www.amchambaq.com\/en\/wp-json\/wp\/v2\/posts"}],"about":[{"href":"https:\/\/www.amchambaq.com\/en\/wp-json\/wp\/v2\/types\/post"}],"author":[{"embeddable":true,"href":"https:\/\/www.amchambaq.com\/en\/wp-json\/wp\/v2\/users\/1"}],"replies":[{"embeddable":true,"href":"https:\/\/www.amchambaq.com\/en\/wp-json\/wp\/v2\/comments?post=11738"}],"version-history":[{"count":1,"href":"https:\/\/www.amchambaq.com\/en\/wp-json\/wp\/v2\/posts\/11738\/revisions"}],"predecessor-version":[{"id":11740,"href":"https:\/\/www.amchambaq.com\/en\/wp-json\/wp\/v2\/posts\/11738\/revisions\/11740"}],"wp:featuredmedia":[{"embeddable":true,"href":"https:\/\/www.amchambaq.com\/en\/wp-json\/wp\/v2\/media\/11739"}],"wp:attachment":[{"href":"https:\/\/www.amchambaq.com\/en\/wp-json\/wp\/v2\/media?parent=11738"}],"wp:term":[{"taxonomy":"category","embeddable":true,"href":"https:\/\/www.amchambaq.com\/en\/wp-json\/wp\/v2\/categories?post=11738"},{"taxonomy":"post_tag","embeddable":true,"href":"https:\/\/www.amchambaq.com\/en\/wp-json\/wp\/v2\/tags?post=11738"}],"curies":[{"name":"wp","href":"https:\/\/api.w.org\/{rel}","templated":true}]}}