{"id":11734,"date":"2023-12-07T09:21:52","date_gmt":"2023-12-07T14:21:52","guid":{"rendered":"https:\/\/www.amchambaq.com\/?p=11734"},"modified":"2023-12-07T09:21:52","modified_gmt":"2023-12-07T14:21:52","slug":"produccion-de-cafe-en-colombia-en-noviembre-llego-a-128-millones-de-sacos","status":"publish","type":"post","link":"https:\/\/www.amchambaq.com\/en\/produccion-de-cafe-en-colombia-en-noviembre-llego-a-128-millones-de-sacos\/","title":{"rendered":"Producci\u00f3n de caf\u00e9 en Colombia en noviembre lleg\u00f3 a 1,28 millones de sacos"},"content":{"rendered":"<p>La producci\u00f3n de caf\u00e9 en Colombia en el mes de noviembre fue de 1,28 millones de sacos, cantidad que represent\u00f3 un crecimiento del 25 % frente al mismo mes del a\u00f1o cafetero anterior.<\/p>\n<p><strong>El gerente General de la Federaci\u00f3n Nacional de Cafeteros<\/strong>,\u00a0<strong>Germ\u00e1n Baham\u00f3n<\/strong>, indic\u00f3 que luego de tres a\u00f1os del\u00a0<strong>Fen\u00f3meno de la Ni\u00f1a<\/strong>\u00a0se\u00a0<strong>detuvo<\/strong>\u00a0la ca\u00edda de la producci\u00f3n anual en Colombia y se espera que durante este mes de diciembre siga la misma tendencia, lo que le permitir\u00eda a Colombia mostrar un crecimiento anual.<\/p>\n<p>En los \u00faltimos 12 meses se registr\u00f3 un acumulado de\u00a0<strong>11,109 millones de sacos<\/strong>\u00a0(en sacos de 60 kilogramos).<\/p>\n<p>Al comparar est\u00e1 producci\u00f3n con la de 2019, existe un rezago. En 2019 se produjeron 14, 75 millones de sacos. En el 2020, 13,89 millones y en el 2021, 12, 57 millones.\u00a0Y en el 2022 fue de\u00a0<strong>11,084 millones de sacos<\/strong>.<\/p>\n<div class=\"field-item odd\">\n<div class=\"entity entity-paragraphs-item paragraphs-item-descripcion\">\n<div class=\"content\">\n<div class=\"field field-name-field-descripcion field-type-text-long field-label-hidden\">\n<div class=\"field-items\">\n<div class=\"field-item even\">\n<p>Las\u00a0<strong>exportaciones<\/strong>\u00a0totales del caf\u00e9 de Colombia, en noviembre\u00a0<strong>crecieron un 29 %<\/strong>, y dentro de ellas, las exportaciones de la Federaci\u00f3n Nacional de Cafeteros que registran un crecimiento del 40 %.<\/p>\n<p>En el 2019, las ventas de caf\u00e9 al mundo de lo producido fueron de 13,66 millones de sacos (92,6 % de lo producido), en el 2020, 12,2 millones (90,2 %). En el 2021, se exportaron 12,43 millones (98,9 %).<\/p>\n<p>En cuanto a las\u00a0<strong>importaciones<\/strong>\u00a0en el mes de noviembre\u00a0<strong>decrecieron en un 61%<\/strong>; en los \u00faltimos 12 meses acumula una ca\u00edda de casi un tercio de lo importado en 2022 (-31,4 %).<\/p>\n<\/div>\n<\/div>\n<\/div>\n<\/div>\n<\/div>\n<\/div>\n<div class=\"field-item even\">\n<div class=\"entity entity-paragraphs-item paragraphs-item-descripcion\">\n<div class=\"content\">\n<div class=\"field field-name-field-descripcion field-type-text-long field-label-hidden\">\n<div class=\"field-items\">\n<div class=\"field-item even\">\n<p>Lo que no se exporta no alcanza a cubrir la demanda del consumo interno, que es de\u00a0<strong>2,8 kilogramos per c\u00e1pita por a\u00f1o<\/strong>, seg\u00fan la Federaci\u00f3n Colombiana de Cafeteros.<\/p>\n<p><strong>Brasil, Vietnam y Per\u00fa\u00a0<\/strong>fueron los pa\u00edses de donde Colombia m\u00e1s import\u00f3 caf\u00e9.<\/p>\n<\/div>\n<\/div>\n<\/div>\n<\/div>\n<\/div>\n<\/div>","protected":false},"excerpt":{"rendered":"<p>La producci\u00f3n de caf\u00e9 en Colombia en el mes de noviembre fue de 1,28 millones de sacos, cantidad que represent\u00f3 un crecimiento del 25 % frente al mismo mes del a\u00f1o cafetero anterior. El gerente General de la Federaci\u00f3n Nacional de Cafeteros,\u00a0Germ\u00e1n Baham\u00f3n, indic\u00f3 que luego de tres a\u00f1os del\u00a0Fen\u00f3meno de la Ni\u00f1a\u00a0se\u00a0detuvo\u00a0la ca\u00edda de<\/p>","protected":false},"author":1,"featured_media":11735,"comment_status":"closed","ping_status":"closed","sticky":false,"template":"","format":"standard","meta":{"footnotes":""},"categories":[342,181],"tags":[],"class_list":["post-11734","post","type-post","status-publish","format-standard","has-post-thumbnail","hentry","category-news","category-noticias"],"views":48,"_links":{"self":[{"href":"https:\/\/www.amchambaq.com\/en\/wp-json\/wp\/v2\/posts\/11734","targetHints":{"allow":["GET"]}}],"collection":[{"href":"https:\/\/www.amchambaq.com\/en\/wp-json\/wp\/v2\/posts"}],"about":[{"href":"https:\/\/www.amchambaq.com\/en\/wp-json\/wp\/v2\/types\/post"}],"author":[{"embeddable":true,"href":"https:\/\/www.amchambaq.com\/en\/wp-json\/wp\/v2\/users\/1"}],"replies":[{"embeddable":true,"href":"https:\/\/www.amchambaq.com\/en\/wp-json\/wp\/v2\/comments?post=11734"}],"version-history":[{"count":1,"href":"https:\/\/www.amchambaq.com\/en\/wp-json\/wp\/v2\/posts\/11734\/revisions"}],"predecessor-version":[{"id":11736,"href":"https:\/\/www.amchambaq.com\/en\/wp-json\/wp\/v2\/posts\/11734\/revisions\/11736"}],"wp:featuredmedia":[{"embeddable":true,"href":"https:\/\/www.amchambaq.com\/en\/wp-json\/wp\/v2\/media\/11735"}],"wp:attachment":[{"href":"https:\/\/www.amchambaq.com\/en\/wp-json\/wp\/v2\/media?parent=11734"}],"wp:term":[{"taxonomy":"category","embeddable":true,"href":"https:\/\/www.amchambaq.com\/en\/wp-json\/wp\/v2\/categories?post=11734"},{"taxonomy":"post_tag","embeddable":true,"href":"https:\/\/www.amchambaq.com\/en\/wp-json\/wp\/v2\/tags?post=11734"}],"curies":[{"name":"wp","href":"https:\/\/api.w.org\/{rel}","templated":true}]}}