{"id":11725,"date":"2023-12-06T11:58:48","date_gmt":"2023-12-06T16:58:48","guid":{"rendered":"https:\/\/www.amchambaq.com\/?p=11725"},"modified":"2023-12-06T11:58:48","modified_gmt":"2023-12-06T16:58:48","slug":"los-puertos-de-colombia-son-un-ejemplo-y-hay-desafios-globales-aapa","status":"publish","type":"post","link":"https:\/\/www.amchambaq.com\/en\/los-puertos-de-colombia-son-un-ejemplo-y-hay-desafios-globales-aapa\/","title":{"rendered":"Los puertos de Colombia son un ejemplo y hay desaf\u00edos globales: AAPA"},"content":{"rendered":"<div id=\"body\" class=\"content-article size-m\">\n<p>La\u00a0 XXXI Convenci\u00f3n\u00a0<strong>AAPA\u00a0<\/strong>comenz\u00f3 este martes en\u00a0<strong>Barranquilla\u00a0<\/strong>con la presencia de m\u00e1s de 500 expertos del sector.<\/p>\n<\/div>\n<div id=\"paragraphs\" class=\"content-article paragraphs size-m\">\n<div class=\"field-collection-container clearfix\">\n<div class=\"field field-name-field-contenido-articulos-2 field-type-field-collection field-label-hidden\">\n<div class=\"field-item even\">\n<div class=\"field-collection-view clearfix view-mode-full field-collection-view-final\">\n<div>\n<div class=\"content\">\n<div class=\"paragraphs-items paragraphs-items-field-campos paragraphs-items-field-campos-full paragraphs-items-full\">\n<div class=\"field field-name-field-campos field-type-paragraphs field-label-hidden\">\n<div class=\"field-item even\">\n<div id=\"relacionado-body\">\n<div class=\"box-title\">\n<p><strong>Ren\u00e9 Puche<\/strong>, director del\u00a0<strong>Puerto de Barranquilla<\/strong>, destac\u00f3 la oportunidad de la\u00a0<strong>convenci\u00f3n\u00a0<\/strong>y para los\u00a0<strong>participantes<\/strong>.<\/p>\n<p>&#8220;Vamos a escuchar expertos, a compartir saberes y recoger informaci\u00f3n que har\u00e1 posible que tomemos mejores decisiones para definir la forma id\u00f3nea de trabajar en los a\u00f1os venideros en este\u00a0<strong>espacio\u00a0<\/strong>que no podemos dejar perder. Para muchos puede ser una conversi\u00f3n m\u00e1s, pero para nosotros es buscar una oportunidad de aliarnos de fortalecernos como regi\u00f3n para hacer m\u00e1s competitivos frente a los gigantes de la log\u00edstica en otras\u00a0<strong>zonas\u00a0<\/strong>del\u00a0<strong>mundo<\/strong>&#8220;, precis\u00f3\u00a0<strong>Puche<\/strong>.<\/p>\n<p>A su vez,<strong>\u00a0Cary Davis<\/strong>, presidente y\u00a0<strong>CEO\u00a0<\/strong>de\u00a0<strong>AAPA en Estados Unidos<\/strong>, destac\u00f3 su presencia en\u00a0<strong>Barranquilla\u00a0<\/strong>y aprovech\u00f3 para reafirmar los desaf\u00edos de los puertos.<\/p>\n<p>&#8220;Est\u00e1n sucediendo grandes cosas en nuestro mundo que afectan nuestra\u00a0<strong>industria<\/strong>, incluidas las elecciones pol\u00edticas. Los niveles de agua del\u00a0<strong>Canal de Panam\u00e1<\/strong>, los debates sobre la\u00a0<strong>descarbonizaci\u00f3n<\/strong>, las preferencias de los consumidores y los premonitorios y tr\u00e1gicos. Los elementos de la guerra, tan abrumadores en estos temas. Ahora las rutinas eran m\u00e1s fuertes cuando nos reun\u00edamos en eventos como este para colaborar y coordinar c\u00f3mo ser\u00e1 el futuro, por supuesto, en el contexto de este evento&#8221;, resalt\u00f3 Davis.<\/p>\n<p>Las decenas de asistentes en el centro de convenciones\u00a0<strong>Puerta de Oro\u00a0<\/strong>observaron una muestra del\u00a0<strong>Carnaval de Barranquilla.<\/strong><\/p>\n<p><strong>Alfredo Carbonell<\/strong>, secretario de\u00a0<strong>Desarrollo Econ\u00f3mico<\/strong>\u00a0de la<strong>\u00a0Alcald\u00eda de Barranquilla<\/strong>, dio la bienvenida recordando su paso por Asoportuaria en 2017 y valorando la importancia de las actividades para la capital del Atl\u00e1ntico como distrito industrial.<\/p>\n<p>Carbonell cont\u00f3 sobre las gestiones desde la Alcald\u00eda para mantener un calado competitivo.<\/p>\n<p><strong>Domingo Chinea<\/strong>, presidente del Puerto de\u00a0<strong>Santa Marta<\/strong>\u00a0y de la delegaci\u00f3n latinoamericana de\u00a0<strong>AAPA<\/strong>, record\u00f3 todo el proceso y transformaci\u00f3n de los puertos en Colombia desde 1993 cuando se dieron las primeras concesiones por parte del Estado.<\/p>\n<p>&#8220;Son 30 a\u00f1os de concesiones portuarias. No ten\u00edamos ninguna terminal para mostrar hoy y somos ejemplo con nuestros puertos de\u00a0<strong>Santa Marta, Barranquilla y Cartagena&#8221;.<\/strong><\/p>\n<\/div>\n<\/div>\n<\/div>\n<\/div>\n<\/div>\n<\/div>\n<\/div>\n<\/div>\n<\/div>\n<\/div>\n<\/div>\n<\/div>","protected":false},"excerpt":{"rendered":"<p>La\u00a0 XXXI Convenci\u00f3n\u00a0AAPA\u00a0comenz\u00f3 este martes en\u00a0Barranquilla\u00a0con la presencia de m\u00e1s de 500 expertos del sector. Ren\u00e9 Puche, director del\u00a0Puerto de Barranquilla, destac\u00f3 la oportunidad de la\u00a0convenci\u00f3n\u00a0y para los\u00a0participantes. &#8220;Vamos a escuchar expertos, a compartir saberes y recoger informaci\u00f3n que har\u00e1 posible que tomemos mejores decisiones para definir la forma id\u00f3nea de trabajar en los a\u00f1os<\/p>","protected":false},"author":1,"featured_media":11726,"comment_status":"closed","ping_status":"closed","sticky":false,"template":"","format":"standard","meta":{"footnotes":""},"categories":[342,181],"tags":[],"class_list":["post-11725","post","type-post","status-publish","format-standard","has-post-thumbnail","hentry","category-news","category-noticias"],"views":60,"_links":{"self":[{"href":"https:\/\/www.amchambaq.com\/en\/wp-json\/wp\/v2\/posts\/11725","targetHints":{"allow":["GET"]}}],"collection":[{"href":"https:\/\/www.amchambaq.com\/en\/wp-json\/wp\/v2\/posts"}],"about":[{"href":"https:\/\/www.amchambaq.com\/en\/wp-json\/wp\/v2\/types\/post"}],"author":[{"embeddable":true,"href":"https:\/\/www.amchambaq.com\/en\/wp-json\/wp\/v2\/users\/1"}],"replies":[{"embeddable":true,"href":"https:\/\/www.amchambaq.com\/en\/wp-json\/wp\/v2\/comments?post=11725"}],"version-history":[{"count":1,"href":"https:\/\/www.amchambaq.com\/en\/wp-json\/wp\/v2\/posts\/11725\/revisions"}],"predecessor-version":[{"id":11727,"href":"https:\/\/www.amchambaq.com\/en\/wp-json\/wp\/v2\/posts\/11725\/revisions\/11727"}],"wp:featuredmedia":[{"embeddable":true,"href":"https:\/\/www.amchambaq.com\/en\/wp-json\/wp\/v2\/media\/11726"}],"wp:attachment":[{"href":"https:\/\/www.amchambaq.com\/en\/wp-json\/wp\/v2\/media?parent=11725"}],"wp:term":[{"taxonomy":"category","embeddable":true,"href":"https:\/\/www.amchambaq.com\/en\/wp-json\/wp\/v2\/categories?post=11725"},{"taxonomy":"post_tag","embeddable":true,"href":"https:\/\/www.amchambaq.com\/en\/wp-json\/wp\/v2\/tags?post=11725"}],"curies":[{"name":"wp","href":"https:\/\/api.w.org\/{rel}","templated":true}]}}