{"id":11703,"date":"2023-11-21T15:47:32","date_gmt":"2023-11-21T20:47:32","guid":{"rendered":"https:\/\/www.amchambaq.com\/?p=11703"},"modified":"2023-11-21T15:47:32","modified_gmt":"2023-11-21T20:47:32","slug":"puerto-de-barranquilla-tendra-autogeneracion-de-3-100-megavatios-hora-al-ano","status":"publish","type":"post","link":"https:\/\/www.amchambaq.com\/en\/puerto-de-barranquilla-tendra-autogeneracion-de-3-100-megavatios-hora-al-ano\/","title":{"rendered":"Puerto de Barranquilla tendr\u00e1 autogeneraci\u00f3n de 3.100 megavatios hora al a\u00f1o"},"content":{"rendered":"<p><strong>GreenYellow Colombia\u00a0<\/strong>y<strong>\u00a0Puerto de Barranquilla<\/strong>\u00a0anunciaron que firmaron el acuerdo de inversi\u00f3n para instalar 5 cubiertas de autogeneraci\u00f3n solar en destinando 12,19 hect\u00e1reas.<\/p>\n<p>La instalaci\u00f3n de los cinco proyectos de autogeneraci\u00f3n de energ\u00eda ser\u00e1 en las cubiertas portuarias: bodega de refrigerados, bodega aforo, bodega 15, bodega sexta y bodega s\u00e9ptima que generar\u00e1n 3.100 megavatios horas al a\u00f1o.<\/p>\n<p>El anuncio de la inversi\u00f3n representa el compromiso de\u00a0<strong>Puerto de Barranquilla y GreenYellow Colombia\u00a0<\/strong>con la autosuficiencia energ\u00e9tica y la reducci\u00f3n de la dependencia de fuentes convencionales, se\u00f1alaron en un comunicado las dos organizaciones empresariales.<\/p>\n<p>\u201cSeguimos en la senda de transformaci\u00f3n de nuestro terminal. Esta vez con un proyecto que nos va a ser m\u00e1s sostenibles desde la perspectiva ambiental, m\u00e1s eficientes en el uso de los recursos y que nos permitir\u00e1 disminuir las emisiones GEI.\u00a0 Un paso que nos acerca a tener un puerto cada vez m\u00e1s eficiente, sostenible y de vanguardia\u201d, afirm\u00f3\u00a0<strong>Rene Puche<\/strong>, presidente del Puerto de Barranquilla.<\/p>\n<div class=\"field-item odd\">\n<div class=\"entity entity-paragraphs-item paragraphs-item-descripcion\">\n<div class=\"content\">\n<div class=\"field field-name-field-descripcion field-type-text-long field-label-hidden\">\n<div class=\"field-items\">\n<div class=\"field-item even\">\n<p><strong><em>\u201c<\/em><\/strong>Desde GreenYellow Colombia, nos llena de orgullo ser el aliado energ\u00e9tico de uno de los puertos m\u00e1s importantes del pa\u00eds, como lo es el Puerto de Barranquilla. Por aqu\u00ed navega el desarrollo de la naci\u00f3n y parte del mundo, y para nosotros, es un honor ser parte de su historia energ\u00e9tica y operacional. La energ\u00eda es esperanza, progreso, y nos impulsa a cumplir metas y dinamizar la econom\u00eda. Por eso, agradecemos al Puerto de Barranquilla por sumarse a la energ\u00eda imparable y permitirnos desde GreenYellow construir\u00a0<strong>5 cubiertas\u00a0<\/strong>de autogeneraci\u00f3n que suman una capacidad instalada de\u00a0<strong>2,047 MWp, generando\u00a0<\/strong>el 31% de energ\u00eda 100% limpia<strong>\u00a0<\/strong>a la operaci\u00f3n del puerto\u201d, afirm\u00f3\u00a0<strong>Felipe Camargo<\/strong>, director general de GreenYellow Colombia.<\/p>\n<p><strong><em>\u201c<\/em><\/strong>Con este proyecto, seguimos contribuyendo al planeta, ya que dejaremos de emitir a la atm\u00f3sfera\u00a0<strong>15.289 toneladas de CO2 durante el contrato,<\/strong>\u00a0lo que equivale a sembrar m\u00e1s de\u00a0<strong>72.800 nuevos \u00e1rboles en el pa\u00eds.\u00a0<\/strong>\u00a0Continuamos llegando a los corazones de las empresas con energ\u00eda limpia, contribuyendo as\u00ed a la transici\u00f3n energ\u00e9tica de Colombia\u201d, destac\u00f3\u00a0<strong>Mar\u00eda Camila Rodr\u00edguez<\/strong>, directora comercial de GreenYellow Colombia.<\/p>\n<\/div>\n<\/div>\n<\/div>\n<\/div>\n<\/div>\n<\/div>\n<div class=\"field-item even\">\n<div class=\"content-imagen\">\n<div class=\"image\" data-bg-desk=\"https:\/\/www.elheraldo.co\/sites\/default\/files\/styles\/width_1180\/public\/articulo\/2023\/11\/21\/greenyellowcolombia.puertobarranquilla.jpg?itok=DWREZ2ft\" data-bg-mob=\"https:\/\/www.elheraldo.co\/sites\/default\/files\/styles\/414x780\/public\/articulo\/2023\/11\/21\/greenyellowcolombia.puertobarranquilla.jpg?itok=IJWlepyF\"><picture><source srcset=\"https:\/\/www.elheraldo.co\/sites\/default\/files\/styles\/width_820\/public\/articulo\/2023\/11\/21\/greenyellowcolombia.puertobarranquilla.jpg?itok=S__n2RIU\" media=\"(min-width: 1180px)\" \/><source srcset=\"https:\/\/www.elheraldo.co\/sites\/default\/files\/styles\/width_768\/public\/articulo\/2023\/11\/21\/greenyellowcolombia.puertobarranquilla.jpg?itok=r2qb6BVJ\" media=\"(min-width: 768px)\" \/><source srcset=\"https:\/\/www.elheraldo.co\/sites\/default\/files\/styles\/width_414\/public\/articulo\/2023\/11\/21\/greenyellowcolombia.puertobarranquilla.jpg?itok=lCiTrgGD\" media=\"(max-width: 767px)\" \/><\/picture><\/div>\n<\/div>\n<\/div>","protected":false},"excerpt":{"rendered":"<p>GreenYellow Colombia\u00a0y\u00a0Puerto de Barranquilla\u00a0anunciaron que firmaron el acuerdo de inversi\u00f3n para instalar 5 cubiertas de autogeneraci\u00f3n solar en destinando 12,19 hect\u00e1reas. La instalaci\u00f3n de los cinco proyectos de autogeneraci\u00f3n de energ\u00eda ser\u00e1 en las cubiertas portuarias: bodega de refrigerados, bodega aforo, bodega 15, bodega sexta y bodega s\u00e9ptima que generar\u00e1n 3.100 megavatios horas al a\u00f1o.<\/p>","protected":false},"author":1,"featured_media":11704,"comment_status":"closed","ping_status":"closed","sticky":false,"template":"","format":"standard","meta":{"footnotes":""},"categories":[342,181],"tags":[],"class_list":["post-11703","post","type-post","status-publish","format-standard","has-post-thumbnail","hentry","category-news","category-noticias"],"views":30,"_links":{"self":[{"href":"https:\/\/www.amchambaq.com\/en\/wp-json\/wp\/v2\/posts\/11703","targetHints":{"allow":["GET"]}}],"collection":[{"href":"https:\/\/www.amchambaq.com\/en\/wp-json\/wp\/v2\/posts"}],"about":[{"href":"https:\/\/www.amchambaq.com\/en\/wp-json\/wp\/v2\/types\/post"}],"author":[{"embeddable":true,"href":"https:\/\/www.amchambaq.com\/en\/wp-json\/wp\/v2\/users\/1"}],"replies":[{"embeddable":true,"href":"https:\/\/www.amchambaq.com\/en\/wp-json\/wp\/v2\/comments?post=11703"}],"version-history":[{"count":1,"href":"https:\/\/www.amchambaq.com\/en\/wp-json\/wp\/v2\/posts\/11703\/revisions"}],"predecessor-version":[{"id":11705,"href":"https:\/\/www.amchambaq.com\/en\/wp-json\/wp\/v2\/posts\/11703\/revisions\/11705"}],"wp:featuredmedia":[{"embeddable":true,"href":"https:\/\/www.amchambaq.com\/en\/wp-json\/wp\/v2\/media\/11704"}],"wp:attachment":[{"href":"https:\/\/www.amchambaq.com\/en\/wp-json\/wp\/v2\/media?parent=11703"}],"wp:term":[{"taxonomy":"category","embeddable":true,"href":"https:\/\/www.amchambaq.com\/en\/wp-json\/wp\/v2\/categories?post=11703"},{"taxonomy":"post_tag","embeddable":true,"href":"https:\/\/www.amchambaq.com\/en\/wp-json\/wp\/v2\/tags?post=11703"}],"curies":[{"name":"wp","href":"https:\/\/api.w.org\/{rel}","templated":true}]}}