{"id":11700,"date":"2023-11-20T11:34:45","date_gmt":"2023-11-20T16:34:45","guid":{"rendered":"https:\/\/www.amchambaq.com\/?p=11700"},"modified":"2023-11-20T11:34:45","modified_gmt":"2023-11-20T16:34:45","slug":"char-se-reunio-con-el-embajador-de-ee-uu-en-colombia-francisco-palmieri","status":"publish","type":"post","link":"https:\/\/www.amchambaq.com\/en\/char-se-reunio-con-el-embajador-de-ee-uu-en-colombia-francisco-palmieri\/","title":{"rendered":"Char se reuni\u00f3 con el Embajador de EE.UU. en Colombia, Francisco Palmieri"},"content":{"rendered":"<p><strong>El embajador de Estados Unidos, Francisco Palmieri,\u00a0<\/strong>manifest\u00f3 su compromiso de fortalecer a\u00fan m\u00e1s las relaciones con<strong>\u00a0Barranquilla durante un recorrido por el Gran Malec\u00f3n,<\/strong>\u00a0en el que estuvo acompa\u00f1ado del alcalde electo\u00a0<strong>Alejandro Char<\/strong>.\u00a0<strong>Palmieri<\/strong>, quien camin\u00f3 kil\u00f3metro y medio junto a Char,\u00a0<strong>expres\u00f3 su deseo de \u00e9xito para la tercera administraci\u00f3n del alcalde y destac\u00f3 la importancia de seguir consolidando los lazos comerciales y culturales entre Estados Unidos y la ciudad<\/strong>.<\/p>\n<p>Ambos l\u00edderes coincidieron en que la relaciones entre el gobierno de\u00a0<strong>Estados Unidos y Barranquilla<\/strong>\u00a0han sido siempre positivas, pero subrayaron la intenci\u00f3n de trabajar arduamente durante los pr\u00f3ximos cuatro a\u00f1os para fortalecer a\u00fan m\u00e1s estos v\u00ednculos.\u00a0<strong>El embajador de Estados Unidos elogi\u00f3 la recepci\u00f3n en Barranquilla y resalt\u00f3 que la ciudad ha manteniendo excelentes relaciones con el gobierno estadounidense.<\/strong><\/p>\n<p>El alcalde electo,\u00a0<strong>Alejandro Char<\/strong>, expres\u00f3 su satisfacci\u00f3n por recibir al embajador,\u00a0<strong>destacando la presencia del diplom\u00e1tico para apoyar a la Selecci\u00f3n Colombia<\/strong>. As\u00ed mismo, resalt\u00f3 la admiraci\u00f3n de los barranquilleros por a cultura americana.\u00a0<strong>Char tambi\u00e9n se\u00f1al\u00f3 la importancia de continuar trabajando en la ense\u00f1anza del idioma ingl\u00e9s en las instituciones educativas del Distrito, consider\u00e1ndolo una prioridad para que los egresados adquieran un nivel alto<\/strong>. En este sentido, el embajador destac\u00f3 la relevancia de estos esfuerzos y el intercambio cultural entre ambos pa\u00edses.<\/p>\n<p><strong>Alejandro Char destac\u00f3 al Gran Malec\u00f3n como un punto de encuentro para los barranquilleros,<\/strong>\u00a0algo que el embajador consider\u00f3 como un ejemplo a seguir.<strong>\u00a0Palmieri expres\u00f3 que EEUU tiene mucho que aprender de iniciativas como esta\u00a0<\/strong>y se mostr\u00f3 entusiasmado por la oportunidad de ser socios de la ciudad.<\/p>","protected":false},"excerpt":{"rendered":"<p>El embajador de Estados Unidos, Francisco Palmieri,\u00a0manifest\u00f3 su compromiso de fortalecer a\u00fan m\u00e1s las relaciones con\u00a0Barranquilla durante un recorrido por el Gran Malec\u00f3n,\u00a0en el que estuvo acompa\u00f1ado del alcalde electo\u00a0Alejandro Char.\u00a0Palmieri, quien camin\u00f3 kil\u00f3metro y medio junto a Char,\u00a0expres\u00f3 su deseo de \u00e9xito para la tercera administraci\u00f3n del alcalde y destac\u00f3 la importancia de seguir<\/p>","protected":false},"author":1,"featured_media":11701,"comment_status":"closed","ping_status":"closed","sticky":false,"template":"","format":"standard","meta":{"footnotes":""},"categories":[342,181],"tags":[],"class_list":["post-11700","post","type-post","status-publish","format-standard","has-post-thumbnail","hentry","category-news","category-noticias"],"views":41,"_links":{"self":[{"href":"https:\/\/www.amchambaq.com\/en\/wp-json\/wp\/v2\/posts\/11700","targetHints":{"allow":["GET"]}}],"collection":[{"href":"https:\/\/www.amchambaq.com\/en\/wp-json\/wp\/v2\/posts"}],"about":[{"href":"https:\/\/www.amchambaq.com\/en\/wp-json\/wp\/v2\/types\/post"}],"author":[{"embeddable":true,"href":"https:\/\/www.amchambaq.com\/en\/wp-json\/wp\/v2\/users\/1"}],"replies":[{"embeddable":true,"href":"https:\/\/www.amchambaq.com\/en\/wp-json\/wp\/v2\/comments?post=11700"}],"version-history":[{"count":1,"href":"https:\/\/www.amchambaq.com\/en\/wp-json\/wp\/v2\/posts\/11700\/revisions"}],"predecessor-version":[{"id":11702,"href":"https:\/\/www.amchambaq.com\/en\/wp-json\/wp\/v2\/posts\/11700\/revisions\/11702"}],"wp:featuredmedia":[{"embeddable":true,"href":"https:\/\/www.amchambaq.com\/en\/wp-json\/wp\/v2\/media\/11701"}],"wp:attachment":[{"href":"https:\/\/www.amchambaq.com\/en\/wp-json\/wp\/v2\/media?parent=11700"}],"wp:term":[{"taxonomy":"category","embeddable":true,"href":"https:\/\/www.amchambaq.com\/en\/wp-json\/wp\/v2\/categories?post=11700"},{"taxonomy":"post_tag","embeddable":true,"href":"https:\/\/www.amchambaq.com\/en\/wp-json\/wp\/v2\/tags?post=11700"}],"curies":[{"name":"wp","href":"https:\/\/api.w.org\/{rel}","templated":true}]}}